{"id":8536,"date":"2015-08-27T00:21:45","date_gmt":"2015-08-27T03:21:45","guid":{"rendered":"http:\/\/www.maisbn.com\/portal\/?p=8536"},"modified":"2015-08-27T00:21:45","modified_gmt":"2015-08-27T03:21:45","slug":"operacao-conjunta-das-policias-militar-e-civil-de-belmonte-recupera-carro-roubado-em-barrolandia","status":"publish","type":"post","link":"https:\/\/www.maisbn.com\/portal\/2015\/08\/operacao-conjunta-das-policias-militar-e-civil-de-belmonte-recupera-carro-roubado-em-barrolandia\/","title":{"rendered":"Opera\u00e7\u00e3o conjunta das Policias Militar e Civil de Belmonte recupera carro roubado em Barrol\u00e2ndia."},"content":{"rendered":"<p><a href=\"http:\/\/www.maisbn.com\/portal\/wp-content\/uploads\/2015\/08\/roubo_veiculo.jpg\"><img loading=\"lazy\" decoding=\"async\" class=\"aligncenter  wp-image-8539\" src=\"http:\/\/www.maisbn.com\/portal\/wp-content\/uploads\/2015\/08\/roubo_veiculo.jpg\" alt=\"roubo_veiculo\" width=\"511\" height=\"652\" \/><\/a><\/p>\n<p><span style=\"color: #000000;\">Uma opera\u00e7\u00e3o conjunta das Policias Militar e Civil de Belmonte recuperou um ve\u00edculo roubado em Barrol\u00e2ndia. O fato aconteceu no final da tarde quando os policiais militares de Belmonte e Barrol\u00e2ndia estavam no distrito em outra opera\u00e7\u00e3o no objetivo de capturar um indiv\u00edduo que teria participado do roubo de dois ve\u00edculos em um s\u00edtio.<\/span><\/p>\n<p><span style=\"color: #000000;\">No \u00e2mbito da opera\u00e7\u00e3o a Policia Civil belmontense recebeu uma den\u00fancia de que um ve\u00edculo roubado estava em Barrol\u00e2ndia. De posse das informa\u00e7\u00f5es, a Policia Civil entrou em contato com os policiais militares que foram ao local e constataram o fato. O ve\u00edculo Fiat Siena de Placa Policial NYV-8720 estava em uma oficina de uma pessoa conhecida no distrito pelo apelido de Marcha Lenta. Nenhuma pessoa foi presa no local e o ve\u00edculo foi levado para a Delegacia de Belmonte onde se encontra \u00e0 disposi\u00e7\u00e3o das autoridades.<\/span><\/p>\n","protected":false},"excerpt":{"rendered":"<p>Uma opera\u00e7\u00e3o conjunta das Policias Militar e Civil de Belmonte recuperou um ve\u00edculo roubado em Barrol\u00e2ndia. O fato aconteceu no final da tarde quando os policiais militares de Belmonte e Barrol\u00e2ndia estavam no distrito em outra opera\u00e7\u00e3o no objetivo de capturar um indiv\u00edduo que teria participado do roubo de dois ve\u00edculos em um s\u00edtio. No [&hellip;]<\/p>\n","protected":false},"author":7,"featured_media":8539,"comment_status":"open","ping_status":"open","sticky":false,"template":"","format":"standard","meta":{"footnotes":""},"categories":[1,16],"tags":[108],"class_list":["post-8536","post","type-post","status-publish","format-standard","has-post-thumbnail","hentry","category-noticias","category-policial","tag-belmonte"],"_links":{"self":[{"href":"https:\/\/www.maisbn.com\/portal\/wp-json\/wp\/v2\/posts\/8536","targetHints":{"allow":["GET"]}}],"collection":[{"href":"https:\/\/www.maisbn.com\/portal\/wp-json\/wp\/v2\/posts"}],"about":[{"href":"https:\/\/www.maisbn.com\/portal\/wp-json\/wp\/v2\/types\/post"}],"author":[{"embeddable":true,"href":"https:\/\/www.maisbn.com\/portal\/wp-json\/wp\/v2\/users\/7"}],"replies":[{"embeddable":true,"href":"https:\/\/www.maisbn.com\/portal\/wp-json\/wp\/v2\/comments?post=8536"}],"version-history":[{"count":3,"href":"https:\/\/www.maisbn.com\/portal\/wp-json\/wp\/v2\/posts\/8536\/revisions"}],"predecessor-version":[{"id":8540,"href":"https:\/\/www.maisbn.com\/portal\/wp-json\/wp\/v2\/posts\/8536\/revisions\/8540"}],"wp:featuredmedia":[{"embeddable":true,"href":"https:\/\/www.maisbn.com\/portal\/wp-json\/wp\/v2\/media\/8539"}],"wp:attachment":[{"href":"https:\/\/www.maisbn.com\/portal\/wp-json\/wp\/v2\/media?parent=8536"}],"wp:term":[{"taxonomy":"category","embeddable":true,"href":"https:\/\/www.maisbn.com\/portal\/wp-json\/wp\/v2\/categories?post=8536"},{"taxonomy":"post_tag","embeddable":true,"href":"https:\/\/www.maisbn.com\/portal\/wp-json\/wp\/v2\/tags?post=8536"}],"curies":[{"name":"wp","href":"https:\/\/api.w.org\/{rel}","templated":true}]}}