{"id":8530,"date":"2015-08-25T22:38:13","date_gmt":"2015-08-26T01:38:13","guid":{"rendered":"http:\/\/www.maisbn.com\/portal\/?p=8530"},"modified":"2015-08-25T22:38:13","modified_gmt":"2015-08-26T01:38:13","slug":"alunos-do-edgard-santos-participam-da-campanha-nacional-de-prevencao-a-hanseniases-e-verminose","status":"publish","type":"post","link":"https:\/\/www.maisbn.com\/portal\/2015\/08\/alunos-do-edgard-santos-participam-da-campanha-nacional-de-prevencao-a-hanseniases-e-verminose\/","title":{"rendered":"ALUNOS DO EDGARD SANTOS PARTICIPAM DA CAMPANHA NACIONAL DE PREVEN\u00c7\u00c3O A HANSEN\u00cdASES E VERMINOSE."},"content":{"rendered":"<p><a href=\"http:\/\/www.maisbn.com\/portal\/wp-content\/uploads\/2015\/08\/combateahanseniase01.jpg\"><img loading=\"lazy\" decoding=\"async\" class=\"aligncenter size-full wp-image-8531\" src=\"http:\/\/www.maisbn.com\/portal\/wp-content\/uploads\/2015\/08\/combateahanseniase01.jpg\" alt=\"combateahanseniase01\" width=\"640\" height=\"401\" \/><\/a><\/p>\n<p><span style=\"color: #000000;\">Dando sequ\u00eancia a <strong>Campanha Nacional de Preven\u00e7\u00e3o a Hansen\u00edase e Verminose<\/strong> iniciada no m\u00eas\u00a0de agosto, a Unidade de Sa\u00fade Familiar I Anna Martha DelRey vistou a Escola Professor Edgard Santos , realizando\u00a0a\u00e7\u00f5es educativas ,palestras , aplica\u00e7\u00e3o de\u00a0fl\u00faor\u00a0e etc.<\/span><\/p>\n<p><span style=\"color: #000000;\">Atendendo a estudantes com a faixa et\u00e1ria entre 7 e 14 anos, a Secretaria Municipal de Sa\u00fade (SMS) elaborou uma programa\u00e7\u00e3o totalmente voltada a preven\u00e7\u00e3o de doen\u00e7as e melhoria na qualidade de vida dos jovens.<\/span><\/p>\n<p><a href=\"http:\/\/www.maisbn.com\/portal\/wp-content\/uploads\/2015\/08\/combateahanseniase02.jpg\"><img loading=\"lazy\" decoding=\"async\" class=\"aligncenter size-full wp-image-8532\" src=\"http:\/\/www.maisbn.com\/portal\/wp-content\/uploads\/2015\/08\/combateahanseniase02.jpg\" alt=\"combateahanseniase02\" width=\"640\" height=\"404\" \/><\/a><\/p>\n<p><span style=\"color: #000000;\">Al\u00e9m da medica\u00e7\u00e3o contra verminoses que foi\u00a0administrada por uma equipe de sa\u00fade na pr\u00f3pria escola, com a devida autoriza\u00e7\u00e3o dos pais e ou respons\u00e1veis, os alunos passaram por uma avalia\u00e7\u00e3o de sensibilidade da pele, com a finalidade de identificar a hansen\u00edase.\u00a0A equipe de odontologia, coordenada pelo Dr. Rodrigo Paternostro \u00a0realizaram palestras , aplica\u00e7\u00e3o de\u00a0fl\u00faor\u00a0e escova\u00e7\u00e3o com as\u00a0crian\u00e7as.<\/span><\/p>\n<p><a href=\"http:\/\/www.maisbn.com\/portal\/wp-content\/uploads\/2015\/08\/combateahanseniase03.jpg\"><img loading=\"lazy\" decoding=\"async\" class=\"aligncenter size-full wp-image-8533\" src=\"http:\/\/www.maisbn.com\/portal\/wp-content\/uploads\/2015\/08\/combateahanseniase03.jpg\" alt=\"combateahanseniase03\" width=\"640\" height=\"402\" \/><\/a><\/p>\n<p><span style=\"color: #000000;\">Verminoses\u2013 Tamb\u00e9m conhecidas como lombriga e amarel\u00e3o, s\u00e3o infec\u00e7\u00f5es no intestino\u00a0 provocadas por vermes ou parasitas. As verminoses podem causar s\u00e9rios problemas de sa\u00fade, como anemia, perda de peso, dores abdominais, sangramentos intestinais e diarreias frequentes. Al\u00e9m disso, as crian\u00e7as podem ter retardo no crescimento e dificuldade de aprendizagem.<\/span><\/p>\n<p><a href=\"http:\/\/www.maisbn.com\/portal\/wp-content\/uploads\/2015\/08\/combateahanseniase04.jpg\"><img loading=\"lazy\" decoding=\"async\" class=\"aligncenter size-full wp-image-8534\" src=\"http:\/\/www.maisbn.com\/portal\/wp-content\/uploads\/2015\/08\/combateahanseniase04.jpg\" alt=\"combateahanseniase04\" width=\"640\" height=\"406\" \/><\/a><\/p>\n<p><span style=\"color: #000000;\">Hansen\u00edase\u2013 \u00c9 uma doen\u00e7a que atinge principalmente a pele e os nervos, podendo afetar a face, os bra\u00e7os, as m\u00e3os e os p\u00e9s. Se n\u00e3o for tratada, ela pode causar incapacidades ou deformidades nas m\u00e3os, nos p\u00e9s, no nariz, nas orelhas ou nos olhos. A hansen\u00edase pode atingir homens e mulheres, adultos e crian\u00e7as e \u00e9 transmitida de pessoa a pessoa pela respira\u00e7\u00e3o. Mas tem tratamento e cura. Para evitar a transmiss\u00e3o, \u00e9 s\u00f3 come\u00e7ar a tratar.<\/span><\/p>\n<p><span style=\"color: #000000;\">Outras escolas do\u00a0munic\u00edpio\u00a0tamb\u00e9m\u00a0est\u00e3o recebendo a vista das equipes de\u00a0sa\u00fade, a campanha atinge as escolas publicas. \u00a0<\/span><\/p>\n<p>Informa\u00e7\u00f5es e Fotos: <em>Portal do Guaiamun<\/em><\/p>\n","protected":false},"excerpt":{"rendered":"<p>Dando sequ\u00eancia a Campanha Nacional de Preven\u00e7\u00e3o a Hansen\u00edase e Verminose iniciada no m\u00eas\u00a0de agosto, a Unidade de Sa\u00fade Familiar I Anna Martha DelRey vistou a Escola Professor Edgard Santos , realizando\u00a0a\u00e7\u00f5es educativas ,palestras , aplica\u00e7\u00e3o de\u00a0fl\u00faor\u00a0e etc. Atendendo a estudantes com a faixa et\u00e1ria entre 7 e 14 anos, a Secretaria Municipal de Sa\u00fade [&hellip;]<\/p>\n","protected":false},"author":7,"featured_media":8531,"comment_status":"open","ping_status":"open","sticky":false,"template":"","format":"standard","meta":{"footnotes":""},"categories":[1,28],"tags":[108],"class_list":["post-8530","post","type-post","status-publish","format-standard","has-post-thumbnail","hentry","category-noticias","category-saude-noticias","tag-belmonte"],"_links":{"self":[{"href":"https:\/\/www.maisbn.com\/portal\/wp-json\/wp\/v2\/posts\/8530","targetHints":{"allow":["GET"]}}],"collection":[{"href":"https:\/\/www.maisbn.com\/portal\/wp-json\/wp\/v2\/posts"}],"about":[{"href":"https:\/\/www.maisbn.com\/portal\/wp-json\/wp\/v2\/types\/post"}],"author":[{"embeddable":true,"href":"https:\/\/www.maisbn.com\/portal\/wp-json\/wp\/v2\/users\/7"}],"replies":[{"embeddable":true,"href":"https:\/\/www.maisbn.com\/portal\/wp-json\/wp\/v2\/comments?post=8530"}],"version-history":[{"count":1,"href":"https:\/\/www.maisbn.com\/portal\/wp-json\/wp\/v2\/posts\/8530\/revisions"}],"predecessor-version":[{"id":8535,"href":"https:\/\/www.maisbn.com\/portal\/wp-json\/wp\/v2\/posts\/8530\/revisions\/8535"}],"wp:featuredmedia":[{"embeddable":true,"href":"https:\/\/www.maisbn.com\/portal\/wp-json\/wp\/v2\/media\/8531"}],"wp:attachment":[{"href":"https:\/\/www.maisbn.com\/portal\/wp-json\/wp\/v2\/media?parent=8530"}],"wp:term":[{"taxonomy":"category","embeddable":true,"href":"https:\/\/www.maisbn.com\/portal\/wp-json\/wp\/v2\/categories?post=8530"},{"taxonomy":"post_tag","embeddable":true,"href":"https:\/\/www.maisbn.com\/portal\/wp-json\/wp\/v2\/tags?post=8530"}],"curies":[{"name":"wp","href":"https:\/\/api.w.org\/{rel}","templated":true}]}}