{"id":8521,"date":"2015-08-25T21:06:49","date_gmt":"2015-08-26T00:06:49","guid":{"rendered":"http:\/\/www.maisbn.com\/portal\/?p=8521"},"modified":"2015-08-25T21:06:49","modified_gmt":"2015-08-26T00:06:49","slug":"soldados-sao-homenageados-com-missa-pelo-seu-dia-em-porto-seguro","status":"publish","type":"post","link":"https:\/\/www.maisbn.com\/portal\/2015\/08\/soldados-sao-homenageados-com-missa-pelo-seu-dia-em-porto-seguro\/","title":{"rendered":"Soldados s\u00e3o homenageados com missa pelo seu dia em Porto Seguro."},"content":{"rendered":"<p><a href=\"http:\/\/www.maisbn.com\/portal\/wp-content\/uploads\/2015\/08\/diadosoldado01.jpg\"><img loading=\"lazy\" decoding=\"async\" class=\"aligncenter size-full wp-image-8522\" src=\"http:\/\/www.maisbn.com\/portal\/wp-content\/uploads\/2015\/08\/diadosoldado01.jpg\" alt=\"diadosoldado01\" width=\"700\" height=\"365\" \/><\/a><\/p>\n<p><span style=\"color: #000000;\">25 de agosto \u00e9 comemorado o dia do soldado. Este dia \u00e9 especialmente dedicado para homenagear o her\u00f3i militar brasileiro, Lu\u00eds Alves de Lima e Silva, Duque de Caxias. Esta data \u00e9 sempre celebrada em 25 de agosto, data do nascimento de Caxias.<\/span><\/p>\n<p>&nbsp;<\/p>\n<p><span style=\"color: #000000;\">Ao longo do s\u00e9culo XX, esta data foi perdendo a sua popularidade e n\u00e3o mais \u00e9 um dia p\u00fablico de festividade, nem mesmo s\u00e3o mais organizadas paradas militares em sua honra. Atualmente a data escolhida para homenagear as for\u00e7as armadas brasileiras \u00e9 o dia 7 de setembro, quando \u00e9 comemorado a independ\u00eancia do Brasil de Portugal, ou no dia 15 de novembro, data em que se comemora a Proclama\u00e7\u00e3o da Rep\u00fablica. Em ambos os eventos, podem ocorrer paradas militares.<\/span><\/p>\n<p><a href=\"http:\/\/www.maisbn.com\/portal\/wp-content\/uploads\/2015\/08\/diadosoldado02.jpg\"><img loading=\"lazy\" decoding=\"async\" class=\"aligncenter size-full wp-image-8525\" src=\"http:\/\/www.maisbn.com\/portal\/wp-content\/uploads\/2015\/08\/diadosoldado02.jpg\" alt=\"diadosoldado02\" width=\"667\" height=\"472\" \/><\/a><\/p>\n<p><span style=\"color: #000000;\">O padre Manoel falou sobre a realiza\u00e7\u00e3o da missa. \u201cUm dos interesses que n\u00f3s temos \u00e9 resgatar a cultura brasileira, o soldado militar convive conosco na sociedade civil, percebemos que os anos se passam e ningu\u00e9m presta uma homenagem ou reza por esta classe que trabalha em benef\u00edcio da popula\u00e7\u00e3o e as vezes temos uma imagem muito distorcida. O objetivo nosso foi primeiro celebrar louvar a Deus por este dia do soldado e segundo prestar uma homenagem crist\u00e3 \u00e0 estas pessoas homens e mulheres que nos prestam um servi\u00e7o muito peculiar de seguran\u00e7a, colocando as suas vidas em risco, com sal\u00e1rios baixos etc. Queremos dizer para eles que estamos do lado deles e sabemos o valor que esta categoria tem para a nossa sociedade\u201d, concluiu padre Manoel.<\/span><\/p>\n<p><span style=\"color: #000000;\">A comemora\u00e7\u00e3o terminou com um delicioso caf\u00e9 da manh\u00e3, foi um momento de conhecimento e de contato com outros soldados e a comunidade presente, podendo assim conversar e trocar informa\u00e7\u00f5es sobre a fun\u00e7\u00e3o e de outros interesse.<\/span><\/p>\n<p><span style=\"color: #000000;\">Entre os homenageados estavam: Coronel Serpa(representando o 8\u00ba Batalh\u00e3o que tem o comando das tr\u00eas cidades da Costa do Descobrimento), Dr. Weldel Ferreira(delegado da Policia Civil). Entre as autoridades civis estavam: O prefeito de Cabr\u00e1lia Jorge Pontes, o vice-prefeito Alexandre Leite, a prefeita de Porto Seguro Claudia Oliveira, acompanhada do vereador Eva\u00ed Fons\u00eaca, l\u00edder do governo na C\u00e2mara Municipal de Porto Seguro.<\/span><\/p>\n","protected":false},"excerpt":{"rendered":"<p>25 de agosto \u00e9 comemorado o dia do soldado. Este dia \u00e9 especialmente dedicado para homenagear o her\u00f3i militar brasileiro, Lu\u00eds Alves de Lima e Silva, Duque de Caxias. Esta data \u00e9 sempre celebrada em 25 de agosto, data do nascimento de Caxias. &nbsp; Ao longo do s\u00e9culo XX, esta data foi perdendo a sua [&hellip;]<\/p>\n","protected":false},"author":7,"featured_media":8522,"comment_status":"open","ping_status":"open","sticky":false,"template":"","format":"standard","meta":{"footnotes":""},"categories":[45,1],"tags":[178],"class_list":["post-8521","post","type-post","status-publish","format-standard","has-post-thumbnail","hentry","category-cidades","category-noticias","tag-porto-seguro"],"_links":{"self":[{"href":"https:\/\/www.maisbn.com\/portal\/wp-json\/wp\/v2\/posts\/8521","targetHints":{"allow":["GET"]}}],"collection":[{"href":"https:\/\/www.maisbn.com\/portal\/wp-json\/wp\/v2\/posts"}],"about":[{"href":"https:\/\/www.maisbn.com\/portal\/wp-json\/wp\/v2\/types\/post"}],"author":[{"embeddable":true,"href":"https:\/\/www.maisbn.com\/portal\/wp-json\/wp\/v2\/users\/7"}],"replies":[{"embeddable":true,"href":"https:\/\/www.maisbn.com\/portal\/wp-json\/wp\/v2\/comments?post=8521"}],"version-history":[{"count":1,"href":"https:\/\/www.maisbn.com\/portal\/wp-json\/wp\/v2\/posts\/8521\/revisions"}],"predecessor-version":[{"id":8526,"href":"https:\/\/www.maisbn.com\/portal\/wp-json\/wp\/v2\/posts\/8521\/revisions\/8526"}],"wp:featuredmedia":[{"embeddable":true,"href":"https:\/\/www.maisbn.com\/portal\/wp-json\/wp\/v2\/media\/8522"}],"wp:attachment":[{"href":"https:\/\/www.maisbn.com\/portal\/wp-json\/wp\/v2\/media?parent=8521"}],"wp:term":[{"taxonomy":"category","embeddable":true,"href":"https:\/\/www.maisbn.com\/portal\/wp-json\/wp\/v2\/categories?post=8521"},{"taxonomy":"post_tag","embeddable":true,"href":"https:\/\/www.maisbn.com\/portal\/wp-json\/wp\/v2\/tags?post=8521"}],"curies":[{"name":"wp","href":"https:\/\/api.w.org\/{rel}","templated":true}]}}