{"id":8502,"date":"2015-08-23T21:59:57","date_gmt":"2015-08-24T00:59:57","guid":{"rendered":"http:\/\/www.maisbn.com\/portal\/?p=8502"},"modified":"2015-08-23T22:03:12","modified_gmt":"2015-08-24T01:03:12","slug":"dia-nacional-do-campo-limpo-em-belmonte-e-comemorado-na-regiao-do-ubu","status":"publish","type":"post","link":"https:\/\/www.maisbn.com\/portal\/2015\/08\/dia-nacional-do-campo-limpo-em-belmonte-e-comemorado-na-regiao-do-ubu\/","title":{"rendered":"Dia Nacional do Campo Limpo em Belmonte \u00e9 comemorado na regi\u00e3o do Ub\u00fa."},"content":{"rendered":"<p><a href=\"http:\/\/www.maisbn.com\/portal\/wp-content\/uploads\/2015\/08\/campo01.jpg\"><img loading=\"lazy\" decoding=\"async\" class=\"aligncenter size-full wp-image-8503\" src=\"http:\/\/www.maisbn.com\/portal\/wp-content\/uploads\/2015\/08\/campo01.jpg\" alt=\"campo01\" width=\"700\" height=\"427\" \/><\/a><\/p>\n<p><span style=\"color: #000000;\">Comemorado h\u00e1 mais de dez anos, em 18 de agosto, o Dia Nacional do Campo Limpo j\u00e1 reuniu cerca de um milh\u00e3o pessoas de todo o Brasil.<\/span><\/p>\n<p><a href=\"http:\/\/www.maisbn.com\/portal\/wp-content\/uploads\/2015\/08\/campo02.jpg\"><img loading=\"lazy\" decoding=\"async\" class=\"aligncenter size-full wp-image-8504\" src=\"http:\/\/www.maisbn.com\/portal\/wp-content\/uploads\/2015\/08\/campo02.jpg\" alt=\"campo02\" width=\"667\" height=\"449\" \/><\/a><\/p>\n<p><span style=\"color: #000000;\">Uma programa\u00e7\u00e3o especial foi realizada na Fazenda do Sr. Antonio Balbino nesta quinta-feira (20), em comemora\u00e7\u00e3o ao Dia Nacional do Campo Limpo, celebrado na \u00faltima ter\u00e7a-feira (18). Autoridades e estudantes prestigiaram o evento. Que contou com uma s\u00e9rie de palestras e oficinas, abordando temas como a prote\u00e7\u00e3o ao meio ambiente e os cuidados necess\u00e1rios no manuseio das embalagens defensivo agr\u00edcola.<\/span><\/p>\n<p><a href=\"http:\/\/www.maisbn.com\/portal\/wp-content\/uploads\/2015\/08\/campo03.jpg\"><img loading=\"lazy\" decoding=\"async\" class=\"aligncenter size-full wp-image-8505\" src=\"http:\/\/www.maisbn.com\/portal\/wp-content\/uploads\/2015\/08\/campo03.jpg\" alt=\"campo03\" width=\"664\" height=\"453\" \/><\/a><\/p>\n<p><span style=\"color: #000000;\">Al\u00e9m do vereador da regi\u00e3o do Ub\u00fa Idinho Ramos, estiveram presente os secret\u00e1rios; Claudio Teodoro da Educa\u00e7\u00e3o, Cristiane da Silva Campos da Administra\u00e7\u00e3o, Patr\u00edcia Simas da Agricultura, fazendeiros como Luiz da Ypiranga, Ze Carlos, Eder e outros propriet\u00e1rio de pequenos s\u00edtios da redondeza, alunos e professoras das diversas escolas. O evento foi dirigido por Epaminondas Peixoto e equipe da ADAB.<\/span><\/p>\n<p><a href=\"http:\/\/www.maisbn.com\/portal\/wp-content\/uploads\/2015\/08\/campo04.jpg\"><img loading=\"lazy\" decoding=\"async\" class=\"aligncenter size-full wp-image-8506\" src=\"http:\/\/www.maisbn.com\/portal\/wp-content\/uploads\/2015\/08\/campo04.jpg\" alt=\"campo04\" width=\"665\" height=\"451\" \/><\/a><\/p>\n<p><span style=\"color: #000000;\"><strong>Sobre o Dia Nacional do Campo Limpo.<\/strong><\/span><\/p>\n<p><span style=\"color: #000000;\">O Dia Nacional do Campo Limpo foi institu\u00eddo no calend\u00e1rio brasileiro em 18 de agosto, por meio da Lei Federal 11.657 de 16 de abril de 2008. Cerca de um milh\u00e3o de pessoas, de todo o pa\u00eds, j\u00e1 participaram das comemora\u00e7\u00f5es; em 2014 foram 92 mil. A celebra\u00e7\u00e3o da data \u00e9 realizada pelas centrais de recebimento de embalagens vazias, com apoio do inpEV, seus associados fabricantes de defensivos agr\u00edcolas, entidades representativas do setor (Abag, Aenda, Andav, Andef, Aprosoja, CNA, OCB e Sindag), organiza\u00e7\u00f5es p\u00fablicas (governo municipal e estadual) e privadas, al\u00e9m de outros apoiadores locais.<\/span><\/p>\n","protected":false},"excerpt":{"rendered":"<p>Comemorado h\u00e1 mais de dez anos, em 18 de agosto, o Dia Nacional do Campo Limpo j\u00e1 reuniu cerca de um milh\u00e3o pessoas de todo o Brasil. Uma programa\u00e7\u00e3o especial foi realizada na Fazenda do Sr. Antonio Balbino nesta quinta-feira (20), em comemora\u00e7\u00e3o ao Dia Nacional do Campo Limpo, celebrado na \u00faltima ter\u00e7a-feira (18). Autoridades [&hellip;]<\/p>\n","protected":false},"author":7,"featured_media":8503,"comment_status":"open","ping_status":"open","sticky":false,"template":"","format":"standard","meta":{"footnotes":""},"categories":[45,1],"tags":[108],"class_list":["post-8502","post","type-post","status-publish","format-standard","has-post-thumbnail","hentry","category-cidades","category-noticias","tag-belmonte"],"_links":{"self":[{"href":"https:\/\/www.maisbn.com\/portal\/wp-json\/wp\/v2\/posts\/8502","targetHints":{"allow":["GET"]}}],"collection":[{"href":"https:\/\/www.maisbn.com\/portal\/wp-json\/wp\/v2\/posts"}],"about":[{"href":"https:\/\/www.maisbn.com\/portal\/wp-json\/wp\/v2\/types\/post"}],"author":[{"embeddable":true,"href":"https:\/\/www.maisbn.com\/portal\/wp-json\/wp\/v2\/users\/7"}],"replies":[{"embeddable":true,"href":"https:\/\/www.maisbn.com\/portal\/wp-json\/wp\/v2\/comments?post=8502"}],"version-history":[{"count":2,"href":"https:\/\/www.maisbn.com\/portal\/wp-json\/wp\/v2\/posts\/8502\/revisions"}],"predecessor-version":[{"id":8508,"href":"https:\/\/www.maisbn.com\/portal\/wp-json\/wp\/v2\/posts\/8502\/revisions\/8508"}],"wp:featuredmedia":[{"embeddable":true,"href":"https:\/\/www.maisbn.com\/portal\/wp-json\/wp\/v2\/media\/8503"}],"wp:attachment":[{"href":"https:\/\/www.maisbn.com\/portal\/wp-json\/wp\/v2\/media?parent=8502"}],"wp:term":[{"taxonomy":"category","embeddable":true,"href":"https:\/\/www.maisbn.com\/portal\/wp-json\/wp\/v2\/categories?post=8502"},{"taxonomy":"post_tag","embeddable":true,"href":"https:\/\/www.maisbn.com\/portal\/wp-json\/wp\/v2\/tags?post=8502"}],"curies":[{"name":"wp","href":"https:\/\/api.w.org\/{rel}","templated":true}]}}