{"id":8459,"date":"2015-08-20T23:17:14","date_gmt":"2015-08-21T02:17:14","guid":{"rendered":"http:\/\/www.maisbn.com\/portal\/?p=8459"},"modified":"2015-08-21T10:38:48","modified_gmt":"2015-08-21T13:38:48","slug":"telecentro-de-belmonte-inicia-curso-de-informatica-com-alunos-da-comunidade-do-ubu","status":"publish","type":"post","link":"https:\/\/www.maisbn.com\/portal\/2015\/08\/telecentro-de-belmonte-inicia-curso-de-informatica-com-alunos-da-comunidade-do-ubu\/","title":{"rendered":"Telecentro de Belmonte inicia Curso de Inform\u00e1tica com Alunos da Comunidade do Ub\u00fa."},"content":{"rendered":"<p><a href=\"http:\/\/www.maisbn.com\/portal\/wp-content\/uploads\/2015\/08\/informatica00009.jpg\"><img loading=\"lazy\" decoding=\"async\" class=\"aligncenter size-full wp-image-8460\" src=\"http:\/\/www.maisbn.com\/portal\/wp-content\/uploads\/2015\/08\/informatica00009.jpg\" alt=\"informatica00009\" width=\"650\" height=\"412\" \/><\/a><\/p>\n<p><span style=\"color: #000000;\">Nesta quarta-feira 19\/08\/2015 teve in\u00edcio no Telecentro Comunit\u00e1rio de Belmonte a 1\u00aa Turma do Curso B\u00e1sico de Inform\u00e1tica, com alunos e moradores da Comunidade do Ub\u00fa e da Escola S\u00e3o Jos\u00e9 da zona rural do Munic\u00edpio. A aula inaugural contou com a presen\u00e7a do Secret\u00e1rio Municipal de Assist\u00eancia Social, Sr. Albervan Nunes , Alunos e Professores daquela localidade.<\/span><\/p>\n<p><a href=\"http:\/\/www.maisbn.com\/portal\/wp-content\/uploads\/2015\/08\/informatica00001.jpg\"><img loading=\"lazy\" decoding=\"async\" class=\"aligncenter size-full wp-image-8471\" src=\"http:\/\/www.maisbn.com\/portal\/wp-content\/uploads\/2015\/08\/informatica00001.jpg\" alt=\"informatica00001\" width=\"650\" height=\"412\" \/><\/a><\/p>\n<p><span style=\"color: #000000;\">&#8220;Fica aqui o meu agradecimento especial a toda a equipe da Sec. de Assist\u00eancia Social pelo o apoio e suporte para que essas a\u00e7\u00f5es continuem a serem realizadas, e uma agradecimento especial a Professora Evanir da Escola S\u00e3o Jos\u00e9 que n\u00e3o mediu esfor\u00e7os para que esse projeto em conjunto com o Telecentro se tornasse realidade.&#8221; &#8211; Comentou Mouzer da Motta, Coordenador do Telecentro.<\/span><\/p>\n","protected":false},"excerpt":{"rendered":"<p>Nesta quarta-feira 19\/08\/2015 teve in\u00edcio no Telecentro Comunit\u00e1rio de Belmonte a 1\u00aa Turma do Curso B\u00e1sico de Inform\u00e1tica, com alunos e moradores da Comunidade do Ub\u00fa e da Escola S\u00e3o Jos\u00e9 da zona rural do Munic\u00edpio. A aula inaugural contou com a presen\u00e7a do Secret\u00e1rio Municipal de Assist\u00eancia Social, Sr. Albervan Nunes , Alunos e [&hellip;]<\/p>\n","protected":false},"author":7,"featured_media":8461,"comment_status":"open","ping_status":"open","sticky":false,"template":"","format":"standard","meta":{"footnotes":""},"categories":[8,1],"tags":[108],"class_list":["post-8459","post","type-post","status-publish","format-standard","has-post-thumbnail","hentry","category-educacao","category-noticias","tag-belmonte"],"_links":{"self":[{"href":"https:\/\/www.maisbn.com\/portal\/wp-json\/wp\/v2\/posts\/8459","targetHints":{"allow":["GET"]}}],"collection":[{"href":"https:\/\/www.maisbn.com\/portal\/wp-json\/wp\/v2\/posts"}],"about":[{"href":"https:\/\/www.maisbn.com\/portal\/wp-json\/wp\/v2\/types\/post"}],"author":[{"embeddable":true,"href":"https:\/\/www.maisbn.com\/portal\/wp-json\/wp\/v2\/users\/7"}],"replies":[{"embeddable":true,"href":"https:\/\/www.maisbn.com\/portal\/wp-json\/wp\/v2\/comments?post=8459"}],"version-history":[{"count":7,"href":"https:\/\/www.maisbn.com\/portal\/wp-json\/wp\/v2\/posts\/8459\/revisions"}],"predecessor-version":[{"id":8472,"href":"https:\/\/www.maisbn.com\/portal\/wp-json\/wp\/v2\/posts\/8459\/revisions\/8472"}],"wp:featuredmedia":[{"embeddable":true,"href":"https:\/\/www.maisbn.com\/portal\/wp-json\/wp\/v2\/media\/8461"}],"wp:attachment":[{"href":"https:\/\/www.maisbn.com\/portal\/wp-json\/wp\/v2\/media?parent=8459"}],"wp:term":[{"taxonomy":"category","embeddable":true,"href":"https:\/\/www.maisbn.com\/portal\/wp-json\/wp\/v2\/categories?post=8459"},{"taxonomy":"post_tag","embeddable":true,"href":"https:\/\/www.maisbn.com\/portal\/wp-json\/wp\/v2\/tags?post=8459"}],"curies":[{"name":"wp","href":"https:\/\/api.w.org\/{rel}","templated":true}]}}