{"id":8453,"date":"2015-08-20T22:57:18","date_gmt":"2015-08-21T01:57:18","guid":{"rendered":"http:\/\/www.maisbn.com\/portal\/?p=8453"},"modified":"2015-08-20T22:57:18","modified_gmt":"2015-08-21T01:57:18","slug":"secretaria-municipal-de-acao-social-realiza-1o-seminario-sobre-erradicacao-do-trabalho-infantil","status":"publish","type":"post","link":"https:\/\/www.maisbn.com\/portal\/2015\/08\/secretaria-municipal-de-acao-social-realiza-1o-seminario-sobre-erradicacao-do-trabalho-infantil\/","title":{"rendered":"Secretaria Municipal de A\u00e7\u00e3o Social realiza 1\u00ba Semin\u00e1rio Sobre Erradica\u00e7\u00e3o do Trabalho Infantil."},"content":{"rendered":"<p><a href=\"http:\/\/www.maisbn.com\/portal\/wp-content\/uploads\/2015\/08\/seminario00001.jpg\"><img loading=\"lazy\" decoding=\"async\" class=\"aligncenter size-full wp-image-8456\" src=\"http:\/\/www.maisbn.com\/portal\/wp-content\/uploads\/2015\/08\/seminario00001.jpg\" alt=\"seminario00001\" width=\"650\" height=\"412\" \/><\/a><\/p>\n<p><span style=\"color: #000000;\">A Prefeitura Municipal de Belmonte, atrav\u00e9s da Secretaria Municipal de Assist\u00eancia Social, realizou, nos \u00faltimos dias 18 e 19 de agosto, na sede da C\u00e2mara Municipal de Vereadores um semin\u00e1rio para discutir a Erradica\u00e7\u00e3o do Trabalho Infantil. O evento foi alusivo ao dia mundial de combate ao trabalho infantil, celebrado no dia 12 de junho.<\/span><\/p>\n<p><span style=\"color: #000000;\">O tema nacional \u00e9 \u201c N\u00e3o ao Trabalho Infantil e Sim uma educa\u00e7\u00e3o de Qualidade\u201d. Estiveram presentes a Sr.\u00aa Cristiane Campos, Secret\u00e1ria Municipal de Administra\u00e7\u00e3o, o Sr. Albervan Nunes, Secret\u00e1rio Municipal de Assist\u00eancia Social, o Sr. Luiz Claudio Teodoro, Secret\u00e1rio Municipal de Educa\u00e7\u00e3o, coordenadores, Membros do Conselho Municipal dos Direitos da Crian\u00e7a e do Adolescente, membros do Conselho Tutelar, Professores da rede municipal e tamb\u00e9m toda a equipe dos programas sociais oferecidos pela secretaria.<\/span><\/p>\n<p><a href=\"http:\/\/www.maisbn.com\/portal\/wp-content\/uploads\/2015\/08\/seminario00001.jpg\"><img loading=\"lazy\" decoding=\"async\" class=\"aligncenter size-full wp-image-8456\" src=\"http:\/\/www.maisbn.com\/portal\/wp-content\/uploads\/2015\/08\/seminario00001.jpg\" alt=\"seminario00001\" width=\"650\" height=\"412\" \/><\/a><\/p>\n<p><span style=\"color: #000000;\">Durante o evento foram realizadas palestras com a psic\u00f3loga Rozana Fonseca e a presidente da APLB de Eun\u00e1polis, Jovita Lima. Os presentes ainda assistiram uma apresenta\u00e7\u00e3o cultural do Lar da Menina, panfletagem, oficinas tem\u00e1ticas no SCFV. O evento foi encerrado com uma grande caminhada pelas principais ruas da cidade para chamar a aten\u00e7\u00e3o da comunidade sobre esse importante tema.<\/span><\/p>\n<p><span style=\"color: #000000;\">A t\u00edtulo de informa\u00e7\u00e3o, temos diversas formas de explora\u00e7\u00e3o do trabalho infanto-juvenil, desde o trabalho dom\u00e9stico a outras modalidades mais graves como tr\u00e1fico de drogas e prostitui\u00e7\u00e3o. \u201cA participa\u00e7\u00e3o da sociedade \u00e9 fundamental para a erradica\u00e7\u00e3o do trabalho infantil, seja deixando de praticar, n\u00e3o mais submetendo crian\u00e7as e adolescentes a atividades laborais, seja denunciando essa explora\u00e7\u00e3o. Precisamos propor a\u00e7\u00f5es e intensificar as buscas ativas, para combater essa pratica, que \u00e9 sempre prejudicial \u00e0 sa\u00fade das v\u00edtimas\u201d &#8211; concluiu o Albervan Nunes, Secret\u00e1rio de A\u00e7\u00e3o Social do munic\u00edpio.<\/span><\/p>\n","protected":false},"excerpt":{"rendered":"<p>A Prefeitura Municipal de Belmonte, atrav\u00e9s da Secretaria Municipal de Assist\u00eancia Social, realizou, nos \u00faltimos dias 18 e 19 de agosto, na sede da C\u00e2mara Municipal de Vereadores um semin\u00e1rio para discutir a Erradica\u00e7\u00e3o do Trabalho Infantil. O evento foi alusivo ao dia mundial de combate ao trabalho infantil, celebrado no dia 12 de junho. [&hellip;]<\/p>\n","protected":false},"author":7,"featured_media":8456,"comment_status":"open","ping_status":"open","sticky":false,"template":"","format":"standard","meta":{"footnotes":""},"categories":[45,1],"tags":[108],"class_list":["post-8453","post","type-post","status-publish","format-standard","has-post-thumbnail","hentry","category-cidades","category-noticias","tag-belmonte"],"_links":{"self":[{"href":"https:\/\/www.maisbn.com\/portal\/wp-json\/wp\/v2\/posts\/8453","targetHints":{"allow":["GET"]}}],"collection":[{"href":"https:\/\/www.maisbn.com\/portal\/wp-json\/wp\/v2\/posts"}],"about":[{"href":"https:\/\/www.maisbn.com\/portal\/wp-json\/wp\/v2\/types\/post"}],"author":[{"embeddable":true,"href":"https:\/\/www.maisbn.com\/portal\/wp-json\/wp\/v2\/users\/7"}],"replies":[{"embeddable":true,"href":"https:\/\/www.maisbn.com\/portal\/wp-json\/wp\/v2\/comments?post=8453"}],"version-history":[{"count":1,"href":"https:\/\/www.maisbn.com\/portal\/wp-json\/wp\/v2\/posts\/8453\/revisions"}],"predecessor-version":[{"id":8458,"href":"https:\/\/www.maisbn.com\/portal\/wp-json\/wp\/v2\/posts\/8453\/revisions\/8458"}],"wp:featuredmedia":[{"embeddable":true,"href":"https:\/\/www.maisbn.com\/portal\/wp-json\/wp\/v2\/media\/8456"}],"wp:attachment":[{"href":"https:\/\/www.maisbn.com\/portal\/wp-json\/wp\/v2\/media?parent=8453"}],"wp:term":[{"taxonomy":"category","embeddable":true,"href":"https:\/\/www.maisbn.com\/portal\/wp-json\/wp\/v2\/categories?post=8453"},{"taxonomy":"post_tag","embeddable":true,"href":"https:\/\/www.maisbn.com\/portal\/wp-json\/wp\/v2\/tags?post=8453"}],"curies":[{"name":"wp","href":"https:\/\/api.w.org\/{rel}","templated":true}]}}