{"id":8388,"date":"2015-08-13T14:53:43","date_gmt":"2015-08-13T17:53:43","guid":{"rendered":"http:\/\/www.maisbn.com\/portal\/?p=8388"},"modified":"2015-08-13T15:00:28","modified_gmt":"2015-08-13T18:00:28","slug":"enfermeiros-de-belmonte-lutam-por-carga-horaria-de-trabalho-menor","status":"publish","type":"post","link":"https:\/\/www.maisbn.com\/portal\/2015\/08\/enfermeiros-de-belmonte-lutam-por-carga-horaria-de-trabalho-menor\/","title":{"rendered":"Enfermeiros de Belmonte lutam por carga hor\u00e1ria de trabalho menor."},"content":{"rendered":"<p><a href=\"http:\/\/www.maisbn.com\/portal\/wp-content\/uploads\/2015\/08\/enfermeiros01.jpg\"><img loading=\"lazy\" decoding=\"async\" class=\"aligncenter wp-image-8389 size-full\" src=\"http:\/\/www.maisbn.com\/portal\/wp-content\/uploads\/2015\/08\/enfermeiros01-e1439488617426.jpg\" alt=\"enfermeiros01\" width=\"640\" height=\"359\" \/><\/a><\/p>\n<p><span style=\"color: #000000;\">O projeto de lei para reduzir de 40 para 30 horas semanais a jornada de trabalho dos enfermeiros de Belmonte\u00a0ficar\u00e1 somente para a\u00a0semana que vem. O documento, em tr\u00e2mite na C\u00e2mara est\u00e1 com expectativa de ser votado na pr\u00f3xima sess\u00e3o da casa.<\/span><\/p>\n<p><span style=\"color: #000000;\">De acordo com a Federa\u00e7\u00e3o Nacional dos Enfermeiros (FNE), a categoria aguarda h\u00e1 v\u00e1rios anos a regulamenta\u00e7\u00e3o da jornada de trabalho em 30 horas. Atualmente, a carga de trabalho dos profissionais de enfermagem prevista na Consolida\u00e7\u00e3o das Leis do Trabalho (CLT, Decreto-Lei 5.452\/43) \u00e9 de 44 horas semanais. No setor p\u00fablico, eles cumprem 40 horas.<\/span><\/p>\n<p><a href=\"http:\/\/www.maisbn.com\/portal\/wp-content\/uploads\/2015\/08\/enfermeiros02.jpg\"><img loading=\"lazy\" decoding=\"async\" class=\"aligncenter wp-image-8390 size-full\" src=\"http:\/\/www.maisbn.com\/portal\/wp-content\/uploads\/2015\/08\/enfermeiros02-e1439488795519.jpg\" alt=\"enfermeiros02\" width=\"640\" height=\"359\" \/><\/a><\/p>\n<p><span style=\"color: #000000;\">Os enfermeiros alegam que s\u00e3o os \u00fanicos profissionais da sa\u00fade a prestar assist\u00eancia integral, visando a\u00e7\u00f5es de promo\u00e7\u00e3o, prote\u00e7\u00e3o e recupera\u00e7\u00e3o da sa\u00fade aos pacientes 24 horas por dia, convivendo com situa\u00e7\u00f5es extremas de sofrimento e exposi\u00e7\u00e3o a ambientes insalubres.<\/span><\/p>\n<p><span style=\"color: #000000;\">Ainda segundo a entidade, por causa dos baixos sal\u00e1rios, grande parte dos profissionais, a maioria mulheres, enfrentam dupla ou tripla jornada de trabalho, com risco inclusive para os pacientes que acabam sendo expostos a graves riscos e danos por vezes irrepar\u00e1veis em raz\u00e3o do desgaste f\u00edsico, psicol\u00f3gico e emocional a que os enfermeiros se encontram submetidos.<\/span><\/p>\n<p><span style=\"color: #000000;\">Os enfermeiros s\u00e3o verdadeiros guerreiros e guerreiras que , as vezes tem que enfrentar estradas para o interior, atender nos PSFs e Hospital e ainda cumprir seu papel de pais e m\u00e3es de\u00a0fam\u00edlia. Apoiamos os profissionais e esperamos que os vereadores aprovem essa redu\u00e7\u00e3o merecida.<\/span><\/p>\n<p><em>Informa\u00e7\u00f5es: Portal do Guaiamum<\/em><\/p>\n","protected":false},"excerpt":{"rendered":"<p>O projeto de lei para reduzir de 40 para 30 horas semanais a jornada de trabalho dos enfermeiros de Belmonte\u00a0ficar\u00e1 somente para a\u00a0semana que vem. O documento, em tr\u00e2mite na C\u00e2mara est\u00e1 com expectativa de ser votado na pr\u00f3xima sess\u00e3o da casa. De acordo com a Federa\u00e7\u00e3o Nacional dos Enfermeiros (FNE), a categoria aguarda h\u00e1 [&hellip;]<\/p>\n","protected":false},"author":7,"featured_media":8389,"comment_status":"open","ping_status":"open","sticky":false,"template":"","format":"standard","meta":{"footnotes":""},"categories":[1,28],"tags":[108],"class_list":["post-8388","post","type-post","status-publish","format-standard","has-post-thumbnail","hentry","category-noticias","category-saude-noticias","tag-belmonte"],"_links":{"self":[{"href":"https:\/\/www.maisbn.com\/portal\/wp-json\/wp\/v2\/posts\/8388","targetHints":{"allow":["GET"]}}],"collection":[{"href":"https:\/\/www.maisbn.com\/portal\/wp-json\/wp\/v2\/posts"}],"about":[{"href":"https:\/\/www.maisbn.com\/portal\/wp-json\/wp\/v2\/types\/post"}],"author":[{"embeddable":true,"href":"https:\/\/www.maisbn.com\/portal\/wp-json\/wp\/v2\/users\/7"}],"replies":[{"embeddable":true,"href":"https:\/\/www.maisbn.com\/portal\/wp-json\/wp\/v2\/comments?post=8388"}],"version-history":[{"count":3,"href":"https:\/\/www.maisbn.com\/portal\/wp-json\/wp\/v2\/posts\/8388\/revisions"}],"predecessor-version":[{"id":8393,"href":"https:\/\/www.maisbn.com\/portal\/wp-json\/wp\/v2\/posts\/8388\/revisions\/8393"}],"wp:featuredmedia":[{"embeddable":true,"href":"https:\/\/www.maisbn.com\/portal\/wp-json\/wp\/v2\/media\/8389"}],"wp:attachment":[{"href":"https:\/\/www.maisbn.com\/portal\/wp-json\/wp\/v2\/media?parent=8388"}],"wp:term":[{"taxonomy":"category","embeddable":true,"href":"https:\/\/www.maisbn.com\/portal\/wp-json\/wp\/v2\/categories?post=8388"},{"taxonomy":"post_tag","embeddable":true,"href":"https:\/\/www.maisbn.com\/portal\/wp-json\/wp\/v2\/tags?post=8388"}],"curies":[{"name":"wp","href":"https:\/\/api.w.org\/{rel}","templated":true}]}}