{"id":8384,"date":"2015-08-13T00:11:23","date_gmt":"2015-08-13T03:11:23","guid":{"rendered":"http:\/\/www.maisbn.com\/portal\/?p=8384"},"modified":"2015-08-13T00:11:23","modified_gmt":"2015-08-13T03:11:23","slug":"fundacao-educacional-pedro-calmon-comemora-o-dia-do-estudante-em-grande-estilo","status":"publish","type":"post","link":"https:\/\/www.maisbn.com\/portal\/2015\/08\/fundacao-educacional-pedro-calmon-comemora-o-dia-do-estudante-em-grande-estilo\/","title":{"rendered":"Funda\u00e7\u00e3o Educacional Pedro Calmon comemora o Dia do Estudante em grande estilo."},"content":{"rendered":"<p><a href=\"http:\/\/www.maisbn.com\/portal\/wp-content\/uploads\/2015\/08\/IMG-20150811-WA0073.jpg\"><img loading=\"lazy\" decoding=\"async\" class=\"aligncenter size-full wp-image-8385\" src=\"http:\/\/www.maisbn.com\/portal\/wp-content\/uploads\/2015\/08\/IMG-20150811-WA0073.jpg\" alt=\"IMG-20150811-WA0073\" width=\"650\" height=\"412\" \/><\/a><\/p>\n<p><span style=\"color: #000000;\">A Funda\u00e7\u00e3o Educacional Pedro Calmon comemorou na \u00faltima ter\u00e7a-feira (11\/09) o Dia do Estudante. Para a comemora\u00e7\u00e3o da data foram promovidos jogos de Futsal, V\u00f4lei e Dama. Todas as atividades contaram com a participa\u00e7\u00e3o dos alunos, professores, funcion\u00e1rios e a comunidade em geral. <\/span><\/p>\n<p><a href=\"http:\/\/www.maisbn.com\/portal\/wp-content\/uploads\/2015\/08\/IMG-20150811-WA0084.jpg\"><img loading=\"lazy\" decoding=\"async\" class=\"aligncenter size-full wp-image-8386\" src=\"http:\/\/www.maisbn.com\/portal\/wp-content\/uploads\/2015\/08\/IMG-20150811-WA0084.jpg\" alt=\"IMG-20150811-WA0084\" width=\"650\" height=\"412\" \/><\/a><\/p>\n<p><span style=\"color: #000000;\">O objetivo das atividades foi promover o desenvolvimento f\u00edsico, intelectual e social dos alunos. Os jogos foram disputados por equipes formadas pelos tr\u00eas turnos da escola que mostraram o verdadeiro esp\u00edrito esportivo de competi\u00e7\u00e3o. Os conceitos de Fair Play (Jogo Limpo) e companheirismo foram os que permearam todas as competi\u00e7\u00f5es.<\/span><\/p>\n","protected":false},"excerpt":{"rendered":"<p>A Funda\u00e7\u00e3o Educacional Pedro Calmon comemorou na \u00faltima ter\u00e7a-feira (11\/09) o Dia do Estudante. Para a comemora\u00e7\u00e3o da data foram promovidos jogos de Futsal, V\u00f4lei e Dama. Todas as atividades contaram com a participa\u00e7\u00e3o dos alunos, professores, funcion\u00e1rios e a comunidade em geral. O objetivo das atividades foi promover o desenvolvimento f\u00edsico, intelectual e social [&hellip;]<\/p>\n","protected":false},"author":7,"featured_media":8385,"comment_status":"open","ping_status":"open","sticky":false,"template":"","format":"standard","meta":{"footnotes":""},"categories":[10,1],"tags":[108],"class_list":["post-8384","post","type-post","status-publish","format-standard","has-post-thumbnail","hentry","category-esporte","category-noticias","tag-belmonte"],"_links":{"self":[{"href":"https:\/\/www.maisbn.com\/portal\/wp-json\/wp\/v2\/posts\/8384","targetHints":{"allow":["GET"]}}],"collection":[{"href":"https:\/\/www.maisbn.com\/portal\/wp-json\/wp\/v2\/posts"}],"about":[{"href":"https:\/\/www.maisbn.com\/portal\/wp-json\/wp\/v2\/types\/post"}],"author":[{"embeddable":true,"href":"https:\/\/www.maisbn.com\/portal\/wp-json\/wp\/v2\/users\/7"}],"replies":[{"embeddable":true,"href":"https:\/\/www.maisbn.com\/portal\/wp-json\/wp\/v2\/comments?post=8384"}],"version-history":[{"count":1,"href":"https:\/\/www.maisbn.com\/portal\/wp-json\/wp\/v2\/posts\/8384\/revisions"}],"predecessor-version":[{"id":8387,"href":"https:\/\/www.maisbn.com\/portal\/wp-json\/wp\/v2\/posts\/8384\/revisions\/8387"}],"wp:featuredmedia":[{"embeddable":true,"href":"https:\/\/www.maisbn.com\/portal\/wp-json\/wp\/v2\/media\/8385"}],"wp:attachment":[{"href":"https:\/\/www.maisbn.com\/portal\/wp-json\/wp\/v2\/media?parent=8384"}],"wp:term":[{"taxonomy":"category","embeddable":true,"href":"https:\/\/www.maisbn.com\/portal\/wp-json\/wp\/v2\/categories?post=8384"},{"taxonomy":"post_tag","embeddable":true,"href":"https:\/\/www.maisbn.com\/portal\/wp-json\/wp\/v2\/tags?post=8384"}],"curies":[{"name":"wp","href":"https:\/\/api.w.org\/{rel}","templated":true}]}}