{"id":8327,"date":"2015-08-06T15:26:20","date_gmt":"2015-08-06T18:26:20","guid":{"rendered":"http:\/\/www.maisbn.com\/portal\/?p=8327"},"modified":"2015-08-06T15:26:20","modified_gmt":"2015-08-06T18:26:20","slug":"exposicao-dialogos-com-a-floresta-educacao-a-favor-da-preservacao-ambiental","status":"publish","type":"post","link":"https:\/\/www.maisbn.com\/portal\/2015\/08\/exposicao-dialogos-com-a-floresta-educacao-a-favor-da-preservacao-ambiental\/","title":{"rendered":"Exposi\u00e7\u00e3o \u201cDi\u00e1logos com a Floresta\u201d: educa\u00e7\u00e3o a favor da preserva\u00e7\u00e3o ambiental"},"content":{"rendered":"<p><a href=\"http:\/\/www.maisbn.com\/portal\/wp-content\/uploads\/2015\/08\/veracelexposicao01.jpg\"><img loading=\"lazy\" decoding=\"async\" class=\"aligncenter size-full wp-image-8328\" src=\"http:\/\/www.maisbn.com\/portal\/wp-content\/uploads\/2015\/08\/veracelexposicao01.jpg\" alt=\"veracelexposicao01\" width=\"640\" height=\"427\" \/><\/a><\/p>\n<p><span style=\"color: #000000;\">Causar o encantamento nas pessoas e despertar a import\u00e2ncia da preserva\u00e7\u00e3o ambiental. Com esses objetivos, a RPPN Esta\u00e7\u00e3o Veracel lan\u00e7ou no dia 04\/08 a sua nova exposi\u00e7\u00e3o de arte e educa\u00e7\u00e3o ambiental \u201cOs Di\u00e1logos com a Floresta\u201d. A abertura da exposi\u00e7\u00e3o contou com a participa\u00e7\u00e3o de convidados da regi\u00e3o e com a presen\u00e7a de representantes da empresa Stora Enso, uma das acionistas da Veracel Celulose.<\/span><\/p>\n<p><span style=\"color: #000000;\">No evento de lan\u00e7amento, a coordenadora da RPPN Esta\u00e7\u00e3o Veracel, a bi\u00f3loga Virg\u00ednia Camargos, falou sobre a escolha do tema. \u201cEsta exposi\u00e7\u00e3o representa os di\u00e1logos que n\u00e3o conseguimos presenciar e que existem dentro das florestas\u201d, destacou ao citar a cena de uma r\u00e9plica de jaguatirica perseguindo sua presa.\u00a0<\/span><\/p>\n<p><a href=\"http:\/\/www.maisbn.com\/portal\/wp-content\/uploads\/2015\/08\/veracelexposicao2.jpg\"><img loading=\"lazy\" decoding=\"async\" class=\"aligncenter size-full wp-image-8329\" src=\"http:\/\/www.maisbn.com\/portal\/wp-content\/uploads\/2015\/08\/veracelexposicao2.jpg\" alt=\"veracelexposicao2\" width=\"640\" height=\"427\" \/><\/a><\/p>\n<p><span style=\"color: #000000;\">Desde o acesso \u00e0 RPPN Esta\u00e7\u00e3o Veracel, na BR-367, at\u00e9 chegar ao Centro de Visitantes da reserva, os visitantes s\u00e3o surpreendidos por r\u00e9plicas de animais em situa\u00e7\u00f5es ocorridas no meio da mata. \u201cNormalmente, as pessoas saem um pouco decepcionadas da trilha por n\u00e3o verem animais, j\u00e1 que a maioria dos animais tem h\u00e1bitos noturnos. Com as r\u00e9plicas em tamanho natural, elas podem vivenciar um pouco disso\u201d, ressaltou Camargos.<\/span><\/p>\n<p><a href=\"http:\/\/www.maisbn.com\/portal\/wp-content\/uploads\/2015\/08\/veracelexposicao03.jpg\"><img loading=\"lazy\" decoding=\"async\" class=\"aligncenter size-full wp-image-8330\" src=\"http:\/\/www.maisbn.com\/portal\/wp-content\/uploads\/2015\/08\/veracelexposicao03.jpg\" alt=\"veracelexposicao03\" width=\"640\" height=\"427\" \/><\/a><\/p>\n<p><span style=\"color: #000000;\">Presente na cerim\u00f4nia de abertura, o diretor presidente da Veracel, Sergio Alipio, destacou a educa\u00e7\u00e3o ambiental com uma das fun\u00e7\u00f5es da empresa. \u201cA Veracel \u00e9 uma empresa que interage com o meio ambiente. A madeira \u00e9 fruto do meio ambiente. \u00c9 nossa responsabilidade contribuir para sua conserva\u00e7\u00e3o e a educa\u00e7\u00e3o ambiental \u00e9 parte desse processo\u201d, salientou.<\/span><\/p>\n<p><span style=\"color: #000000;\">A exposi\u00e7\u00e3o \u201cOs Di\u00e1logos com a Floresta\u201d est\u00e1 aberta para visita\u00e7\u00e3o de grupos. Agende sua visita pelo e-mail <a style=\"color: #000000;\" href=\"mailto:estacaoveracel@veracel.com.br\">estacaoveracel@veracel.com.br<\/a> ou pelos telefones (73) 3166-8755\/ 8756\/ 8759\/ 8760.<\/span><\/p>\n","protected":false},"excerpt":{"rendered":"<p>Causar o encantamento nas pessoas e despertar a import\u00e2ncia da preserva\u00e7\u00e3o ambiental. Com esses objetivos, a RPPN Esta\u00e7\u00e3o Veracel lan\u00e7ou no dia 04\/08 a sua nova exposi\u00e7\u00e3o de arte e educa\u00e7\u00e3o ambiental \u201cOs Di\u00e1logos com a Floresta\u201d. A abertura da exposi\u00e7\u00e3o contou com a participa\u00e7\u00e3o de convidados da regi\u00e3o e com a presen\u00e7a de representantes [&hellip;]<\/p>\n","protected":false},"author":7,"featured_media":8329,"comment_status":"open","ping_status":"open","sticky":false,"template":"","format":"standard","meta":{"footnotes":""},"categories":[33,1],"tags":[30],"class_list":["post-8327","post","type-post","status-publish","format-standard","has-post-thumbnail","hentry","category-meio-ambiente","category-noticias","tag-veracel"],"_links":{"self":[{"href":"https:\/\/www.maisbn.com\/portal\/wp-json\/wp\/v2\/posts\/8327","targetHints":{"allow":["GET"]}}],"collection":[{"href":"https:\/\/www.maisbn.com\/portal\/wp-json\/wp\/v2\/posts"}],"about":[{"href":"https:\/\/www.maisbn.com\/portal\/wp-json\/wp\/v2\/types\/post"}],"author":[{"embeddable":true,"href":"https:\/\/www.maisbn.com\/portal\/wp-json\/wp\/v2\/users\/7"}],"replies":[{"embeddable":true,"href":"https:\/\/www.maisbn.com\/portal\/wp-json\/wp\/v2\/comments?post=8327"}],"version-history":[{"count":1,"href":"https:\/\/www.maisbn.com\/portal\/wp-json\/wp\/v2\/posts\/8327\/revisions"}],"predecessor-version":[{"id":8331,"href":"https:\/\/www.maisbn.com\/portal\/wp-json\/wp\/v2\/posts\/8327\/revisions\/8331"}],"wp:featuredmedia":[{"embeddable":true,"href":"https:\/\/www.maisbn.com\/portal\/wp-json\/wp\/v2\/media\/8329"}],"wp:attachment":[{"href":"https:\/\/www.maisbn.com\/portal\/wp-json\/wp\/v2\/media?parent=8327"}],"wp:term":[{"taxonomy":"category","embeddable":true,"href":"https:\/\/www.maisbn.com\/portal\/wp-json\/wp\/v2\/categories?post=8327"},{"taxonomy":"post_tag","embeddable":true,"href":"https:\/\/www.maisbn.com\/portal\/wp-json\/wp\/v2\/tags?post=8327"}],"curies":[{"name":"wp","href":"https:\/\/api.w.org\/{rel}","templated":true}]}}