{"id":8323,"date":"2015-08-06T15:00:57","date_gmt":"2015-08-06T18:00:57","guid":{"rendered":"http:\/\/www.maisbn.com\/portal\/?p=8323"},"modified":"2015-08-06T15:00:57","modified_gmt":"2015-08-06T18:00:57","slug":"sebrae-ministra-curso-de-gestao-de-pessoas-em-belmonte","status":"publish","type":"post","link":"https:\/\/www.maisbn.com\/portal\/2015\/08\/sebrae-ministra-curso-de-gestao-de-pessoas-em-belmonte\/","title":{"rendered":"SEBRAE ministra curso de gest\u00e3o de pessoas em Belmonte"},"content":{"rendered":"<p><a href=\"http:\/\/www.maisbn.com\/portal\/wp-content\/uploads\/2015\/08\/sebrae-700x525.jpg\"><img loading=\"lazy\" decoding=\"async\" class=\"aligncenter  wp-image-8324\" src=\"http:\/\/www.maisbn.com\/portal\/wp-content\/uploads\/2015\/08\/sebrae-700x525.jpg\" alt=\"sebrae-700x525\" width=\"569\" height=\"427\" \/><\/a><\/p>\n<p><span style=\"color: #000000;\">Desenvolver compet\u00eancias nada mais \u00e9 que fazer as pessoas adquirirem conhecimentos, habilidades e atitudes para o bom desempenho de seus cargos, fun\u00e7\u00f5es e pap\u00e9is.<\/span><\/p>\n<p><a href=\"http:\/\/www.maisbn.com\/portal\/wp-content\/uploads\/2015\/08\/sebrae-2.jpg\"><img loading=\"lazy\" decoding=\"async\" class=\"aligncenter  wp-image-8325\" src=\"http:\/\/www.maisbn.com\/portal\/wp-content\/uploads\/2015\/08\/sebrae-2.jpg\" alt=\"sebrae-2\" width=\"565\" height=\"424\" \/><\/a><\/p>\n<p><span style=\"color: #000000;\">Foi o que aconteceu em Belmonte atrav\u00e9s do Sebrae em parceria com Nilson Tatu Santos e Supermercado Do Balango. A capacita\u00e7\u00e3o aconteceu na Funda\u00e7\u00e3o Pedro Calmon, com participa\u00e7\u00e3o de v\u00e1rias pessoas adquirindo mais experi\u00eancia e conhecimento da sua \u00e1rea de trabalho. \u00c9 isso que nosso munic\u00edpio precisa para melhorar a situa\u00e7\u00e3o critica do nosso com\u00e9rcio. Parab\u00e9ns pela iniciativa.<\/span><\/p>\n","protected":false},"excerpt":{"rendered":"<p>Desenvolver compet\u00eancias nada mais \u00e9 que fazer as pessoas adquirirem conhecimentos, habilidades e atitudes para o bom desempenho de seus cargos, fun\u00e7\u00f5es e pap\u00e9is. Foi o que aconteceu em Belmonte atrav\u00e9s do Sebrae em parceria com Nilson Tatu Santos e Supermercado Do Balango. A capacita\u00e7\u00e3o aconteceu na Funda\u00e7\u00e3o Pedro Calmon, com participa\u00e7\u00e3o de v\u00e1rias pessoas [&hellip;]<\/p>\n","protected":false},"author":7,"featured_media":0,"comment_status":"open","ping_status":"open","sticky":false,"template":"","format":"standard","meta":{"footnotes":""},"categories":[29,1],"tags":[108],"class_list":["post-8323","post","type-post","status-publish","format-standard","hentry","category-empreendimentos","category-noticias","tag-belmonte"],"_links":{"self":[{"href":"https:\/\/www.maisbn.com\/portal\/wp-json\/wp\/v2\/posts\/8323","targetHints":{"allow":["GET"]}}],"collection":[{"href":"https:\/\/www.maisbn.com\/portal\/wp-json\/wp\/v2\/posts"}],"about":[{"href":"https:\/\/www.maisbn.com\/portal\/wp-json\/wp\/v2\/types\/post"}],"author":[{"embeddable":true,"href":"https:\/\/www.maisbn.com\/portal\/wp-json\/wp\/v2\/users\/7"}],"replies":[{"embeddable":true,"href":"https:\/\/www.maisbn.com\/portal\/wp-json\/wp\/v2\/comments?post=8323"}],"version-history":[{"count":1,"href":"https:\/\/www.maisbn.com\/portal\/wp-json\/wp\/v2\/posts\/8323\/revisions"}],"predecessor-version":[{"id":8326,"href":"https:\/\/www.maisbn.com\/portal\/wp-json\/wp\/v2\/posts\/8323\/revisions\/8326"}],"wp:attachment":[{"href":"https:\/\/www.maisbn.com\/portal\/wp-json\/wp\/v2\/media?parent=8323"}],"wp:term":[{"taxonomy":"category","embeddable":true,"href":"https:\/\/www.maisbn.com\/portal\/wp-json\/wp\/v2\/categories?post=8323"},{"taxonomy":"post_tag","embeddable":true,"href":"https:\/\/www.maisbn.com\/portal\/wp-json\/wp\/v2\/tags?post=8323"}],"curies":[{"name":"wp","href":"https:\/\/api.w.org\/{rel}","templated":true}]}}