{"id":8307,"date":"2015-08-04T08:53:15","date_gmt":"2015-08-04T11:53:15","guid":{"rendered":"http:\/\/www.maisbn.com\/portal\/?p=8307"},"modified":"2015-08-04T10:07:26","modified_gmt":"2015-08-04T13:07:26","slug":"prefeita-alice-vai-a-camara-de-vereadores-defender-emprestimo-e-desmentir-boatos-espalhados-pela-oposicao","status":"publish","type":"post","link":"https:\/\/www.maisbn.com\/portal\/2015\/08\/prefeita-alice-vai-a-camara-de-vereadores-defender-emprestimo-e-desmentir-boatos-espalhados-pela-oposicao\/","title":{"rendered":"Prefeita Alice vai \u00e0 C\u00e2mara de Vereadores defender empr\u00e9stimo e desmentir boatos espalhados pela oposi\u00e7\u00e3o."},"content":{"rendered":"<p><a href=\"http:\/\/www.maisbn.com\/portal\/wp-content\/uploads\/2015\/08\/camaraemprestimo_0019.jpg\"><img loading=\"lazy\" decoding=\"async\" class=\"aligncenter size-full wp-image-8308\" src=\"http:\/\/www.maisbn.com\/portal\/wp-content\/uploads\/2015\/08\/camaraemprestimo_0019.jpg\" alt=\"camaraemprestimo_0019\" width=\"650\" height=\"412\" \/><\/a><\/p>\n<p><span style=\"color: #000000;\">Nesta segunda-feira (03\/08) a C\u00e2mara de Vereadores de Belmonte teve uma sess\u00e3o de retorno de trabalhos agitada e toda essa turbul\u00eancia foi causada pela visita da Prefeita Alice Maria para felicitar os vereadores, explicar e tirar d\u00favidas sobre o Projeto de Lei N\u00ba 11 de 30 de junho de 2015 confeccionado pelo executivo com o objetivo de pedir autoriza\u00e7\u00e3o para se contrair um empr\u00e9stimo de R$ 5.500.000,00 (Cinco Milh\u00f5es e Quinhentos Mil Reais) junto ao DESEMBAHIA.<br \/>\n<\/span><\/p>\n<p><a href=\"http:\/\/www.maisbn.com\/portal\/wp-content\/uploads\/2015\/08\/camaraemprestimo_0005.jpg\"><img loading=\"lazy\" decoding=\"async\" class=\"aligncenter size-full wp-image-8309\" src=\"http:\/\/www.maisbn.com\/portal\/wp-content\/uploads\/2015\/08\/camaraemprestimo_0005.jpg\" alt=\"camaraemprestimo_0005\" width=\"650\" height=\"412\" \/><\/a><\/p>\n<p><span style=\"color: #000000;\">A prefeita come\u00e7ou a sua fala esclarecendo boatos que constam que a mesma seria afastada do cargo por conduta fraudulenta em processos de licita\u00e7\u00e3o. Alice explicou que essa possibilidade n\u00e3o existe, que o processo nem foi aceito pelo Tribunal de Justi\u00e7a e que uma das licita\u00e7\u00f5es citadas no mesmo passou pelo crivo do Tribunal de Contas dos Munic\u00edpios. A prefeita comentou que as ressalvas feitas pelo TCM foram com rela\u00e7\u00e3o \u00e0 duas licita\u00e7\u00f5es que o mesmo achou que teriam sido feitas para o mesmo objeto, mas, que a mesma em sua defesa, conseguiu explicar a situa\u00e7\u00e3o sem problemas.<\/span><\/p>\n<p><a href=\"http:\/\/www.maisbn.com\/portal\/wp-content\/uploads\/2015\/08\/camaraemprestimo_0020.jpg\"><img loading=\"lazy\" decoding=\"async\" class=\"aligncenter size-full wp-image-8310\" src=\"http:\/\/www.maisbn.com\/portal\/wp-content\/uploads\/2015\/08\/camaraemprestimo_0020.jpg\" alt=\"camaraemprestimo_0020\" width=\"650\" height=\"412\" \/><\/a><\/p>\n<p><span style=\"color: #000000;\">A prefeita prosseguiu o seu pronunciamento dizendo que sente orgulho em dizer que Belmonte e Eun\u00e1polis figuram hoje como as \u00fanicas prefeituras da Costa do Descobrimento que est\u00e3o com as contas em dia e podem contrair financiamentos, investimentos e empr\u00e9stimos. A mesma afirmou que os recursos do DESEMBAHIA s\u00e3o bem vindos e citou como exemplo a gest\u00e3o do ex-prefeito J\u00e2nio Natal que pegou um empr\u00e9stimo parecido e pavimentou v\u00e1rias ruas na cidade.<\/span><\/p>\n<p><span style=\"color: #000000;\">A prefeita comentou ainda que a oposi\u00e7\u00e3o a acusa das condi\u00e7\u00f5es da BA-001 e esclareceu que a Prefeitura est\u00e1 fazendo o tapa-buracos, mas que a responsabilidade \u00e9 do estado e n\u00e3o do munic\u00edpio. Alice tamb\u00e9m disse que se viu surpreendida com a \u00faltima manifesta\u00e7\u00e3o que fechou a BA-275 feita pelos moradores do Buraco do Bicho onde a mesma foi acusada de n\u00e3o ter dado uma contrapartida de 10% e aquela comunidade por causa disso estava sem energia el\u00e9trica. A prefeita explicou que essa afirma\u00e7\u00e3o \u00e9 mentirosa e que a mesma procurou saber o que estava acontecendo e descobriu que n\u00e3o existe projetos para a aquela localidade. A prefeita colocou que o \u00fanico projeto de eletrifica\u00e7\u00e3o que est\u00e1 para sair \u00e9 o do Assentamento Unidos em Cristo e que o Governo Federal est\u00e1 negando diversos investimentos por causa da crise que se instalou em todo o pa\u00eds.<\/span><\/p>\n<p><a href=\"http:\/\/www.maisbn.com\/portal\/wp-content\/uploads\/2015\/08\/camaraemprestimo_0036.jpg\"><img loading=\"lazy\" decoding=\"async\" class=\"aligncenter size-full wp-image-8311\" src=\"http:\/\/www.maisbn.com\/portal\/wp-content\/uploads\/2015\/08\/camaraemprestimo_0036.jpg\" alt=\"camaraemprestimo_0036\" width=\"650\" height=\"412\" \/><\/a><\/p>\n<p>A<span style=\"color: #000000;\">lice negou o endividamento do munic\u00edpio pregado pela oposi\u00e7\u00e3o e afirmou a queda de verbas da sa\u00fade, mas que a mesma vem se esfor\u00e7ando para manter em funcionamento o Hospital e os Postos de Sa\u00fade. A prefeita citou que a sua gest\u00e3o vem cortando v\u00e1rios gastos e que todas as suas contas foram aprovadas por causa da otimiza\u00e7\u00e3o de recursos. Ela citou como exemplo os gastos com festas na cidade que antes eram consumidos R$ 1.200.000,00 s\u00f3 para o carnaval e que hoje \u00e9 gasto esse valor durante todas as festas do ano. A mesma citou tamb\u00e9m a festa do Carmo que tocou apenas as bandas da cidade. A prefeita colocou que antes se gastava R$ 45.000,00 com uma banda de fora e que gastou com as atra\u00e7\u00f5es locais o equivalente \u00e0 R$ 24.000,00 e desmentiu a oposi\u00e7\u00e3o que espalhou pela cidade que a estrutura da festa consumiu R$ 140.000,00 quando, na verdade, esse valor serviu para pagar tamb\u00e9m as despesas de infraestrutura do S\u00e3o Jo\u00e3o. Alice tamb\u00e9m negou que existe funcion\u00e1rios com os sal\u00e1rios atrasados na cidade e que essas informa\u00e7\u00f5es s\u00e3o apenas intrigas plantadas pela oposi\u00e7\u00e3o.<br \/>\n<\/span><\/p>\n<p><span style=\"color: #000000;\">A gestora tamb\u00e9m comentou que a festa de Nossa Senhora das Cabe\u00e7as tamb\u00e9m seguir\u00e1 o mesmo modelo porque Belmonte n\u00e3o tem recursos para investir em grandes eventos. \u201cEu preciso manter a cidade funcionando e n\u00e3o posso prejudicar os belmontenses por causa de festas. Eu tenho que manter o hospital, tenho que manter os sal\u00e1rios e o d\u00e9cimo terceiro dos funcion\u00e1rios. \u201d \u2013 Comentou Alice.<\/span><\/p>\n<p><span style=\"color: #000000;\">Alice finalizou a sua fala mostrando as diversas obras que foram feitas em sua gest\u00e3o, lembrou que a sede do legislativo foi conseguida em sua gest\u00e3o frente \u00e0 entidade e comentou que nesse per\u00edodo a mesma chegou a devolver R$ 100.000,00 ao Poder Executivo, quantia que sobrou no final do exerc\u00edcio citado. Alice ressaltou que o empr\u00e9stimo \u00e9 fundamental para a melhoria de vida das comunidades do interior do munic\u00edpio. Alice colocou que est\u00e1 clara a sua inten\u00e7\u00e3o de n\u00e3o endividar assustadoramente a cidade como a oposi\u00e7\u00e3o est\u00e1 falando e que conta com a ajuda dos vereadores para prosseguir trazendo benfeitorias para Belmonte nesses tempos dif\u00edceis e de recursos escassos.<\/span><\/p>\n<p><a href=\"http:\/\/www.maisbn.com\/portal\/wp-content\/uploads\/2015\/08\/camaraemprestimo_0041.jpg\"><img loading=\"lazy\" decoding=\"async\" class=\"aligncenter size-full wp-image-8312\" src=\"http:\/\/www.maisbn.com\/portal\/wp-content\/uploads\/2015\/08\/camaraemprestimo_0041.jpg\" alt=\"camaraemprestimo_0041\" width=\"650\" height=\"412\" \/><\/a><\/p>\n<p><span style=\"color: #000000;\">Logo ap\u00f3s os vereadores aproveitaram para parabenizar os esclarecimentos da Prefeita Alice e fazer diversos pedidos. O vereador C\u00e9lio Matos pediu melhoras na limpeza do cemit\u00e9rio e areia para o Campo da Biela. O vereador Edalvo Matos pediu o patrolamento do Bairro do Boz\u00f3 e ilumina\u00e7\u00e3o para o cemit\u00e9rio de Barrol\u00e2ndia. O vereador Carvalho, l\u00edder da oposi\u00e7\u00e3o, pediu \u00e0 prefeita para designar algu\u00e9m para responder os of\u00edcios enviados pela casa e defendeu o seu direito de expressar. Disse que era contra ao empr\u00e9stimo, mas que analisaria as circunst\u00e2ncias do mesmo e que poder\u00e1 at\u00e9 votar a favor se for convencido de que ser\u00e1 bom para a cidade.<\/span><\/p>\n<p><span style=\"color: #000000;\">A sess\u00e3o foi encerrada com o pedido da Comiss\u00e3o de Finan\u00e7as da C\u00e2mara de documentos relativos \u00e0 opera\u00e7\u00e3o de cr\u00e9dito que ser\u00e1 feita junto ao DESEMBAHIA. O processo ser\u00e1 analisado pela mesma antes de ir \u00e0 vota\u00e7\u00e3o no plen\u00e1rio da C\u00e2mara de Vereadores.<\/span><\/p>\n<p>&nbsp;<\/p>\n","protected":false},"excerpt":{"rendered":"<p>Nesta segunda-feira (03\/08) a C\u00e2mara de Vereadores de Belmonte teve uma sess\u00e3o de retorno de trabalhos agitada e toda essa turbul\u00eancia foi causada pela visita da Prefeita Alice Maria para felicitar os vereadores, explicar e tirar d\u00favidas sobre o Projeto de Lei N\u00ba 11 de 30 de junho de 2015 confeccionado pelo executivo com o [&hellip;]<\/p>\n","protected":false},"author":7,"featured_media":8308,"comment_status":"open","ping_status":"open","sticky":false,"template":"","format":"standard","meta":{"footnotes":""},"categories":[1,7],"tags":[108],"class_list":["post-8307","post","type-post","status-publish","format-standard","has-post-thumbnail","hentry","category-noticias","category-politica","tag-belmonte"],"_links":{"self":[{"href":"https:\/\/www.maisbn.com\/portal\/wp-json\/wp\/v2\/posts\/8307","targetHints":{"allow":["GET"]}}],"collection":[{"href":"https:\/\/www.maisbn.com\/portal\/wp-json\/wp\/v2\/posts"}],"about":[{"href":"https:\/\/www.maisbn.com\/portal\/wp-json\/wp\/v2\/types\/post"}],"author":[{"embeddable":true,"href":"https:\/\/www.maisbn.com\/portal\/wp-json\/wp\/v2\/users\/7"}],"replies":[{"embeddable":true,"href":"https:\/\/www.maisbn.com\/portal\/wp-json\/wp\/v2\/comments?post=8307"}],"version-history":[{"count":5,"href":"https:\/\/www.maisbn.com\/portal\/wp-json\/wp\/v2\/posts\/8307\/revisions"}],"predecessor-version":[{"id":8318,"href":"https:\/\/www.maisbn.com\/portal\/wp-json\/wp\/v2\/posts\/8307\/revisions\/8318"}],"wp:featuredmedia":[{"embeddable":true,"href":"https:\/\/www.maisbn.com\/portal\/wp-json\/wp\/v2\/media\/8308"}],"wp:attachment":[{"href":"https:\/\/www.maisbn.com\/portal\/wp-json\/wp\/v2\/media?parent=8307"}],"wp:term":[{"taxonomy":"category","embeddable":true,"href":"https:\/\/www.maisbn.com\/portal\/wp-json\/wp\/v2\/categories?post=8307"},{"taxonomy":"post_tag","embeddable":true,"href":"https:\/\/www.maisbn.com\/portal\/wp-json\/wp\/v2\/tags?post=8307"}],"curies":[{"name":"wp","href":"https:\/\/api.w.org\/{rel}","templated":true}]}}