{"id":8284,"date":"2015-08-02T20:15:28","date_gmt":"2015-08-02T23:15:28","guid":{"rendered":"http:\/\/www.maisbn.com\/portal\/?p=8284"},"modified":"2015-08-02T20:15:28","modified_gmt":"2015-08-02T23:15:28","slug":"estacao-veracel-amplia-atividades-de-educacao-ambiental-com-criancas","status":"publish","type":"post","link":"https:\/\/www.maisbn.com\/portal\/2015\/08\/estacao-veracel-amplia-atividades-de-educacao-ambiental-com-criancas\/","title":{"rendered":"Esta\u00e7\u00e3o Veracel amplia atividades de Educa\u00e7\u00e3o Ambiental com crian\u00e7as."},"content":{"rendered":"<p><a href=\"http:\/\/www.maisbn.com\/portal\/wp-content\/uploads\/2015\/08\/VERACEL_exposicao.jpg\"><img loading=\"lazy\" decoding=\"async\" class=\"aligncenter size-full wp-image-8285\" src=\"http:\/\/www.maisbn.com\/portal\/wp-content\/uploads\/2015\/08\/VERACEL_exposicao.jpg\" alt=\"VERACEL_exposicao\" width=\"640\" height=\"480\" \/><\/a><\/p>\n<p>O que acontece dentro da mata? Como conversar com a floresta? Tendo como base esses questionamentos, a RPPN Esta\u00e7\u00e3o Veracel estar\u00e1 lan\u00e7ando no pr\u00f3ximo dia 04\/08 sua terceira edi\u00e7\u00e3o da exposi\u00e7\u00e3o de educa\u00e7\u00e3o ambiental que ter\u00e1 como tema \u201cOs di\u00e1logos com a floresta\u201d.<\/p>\n<p>Segundo a coordenadora da RPPN, a bi\u00f3loga Virg\u00ednia Camargos, a exposi\u00e7\u00e3o desse ano buscar\u00e1 representar, por meio da arte e educa\u00e7\u00e3o, as cadeias de di\u00e1logos existentes na floresta. \u201cQuando uma on\u00e7a sai em persegui\u00e7\u00e3o de uma presa, por exemplo, \u00e9 um di\u00e1logo da floresta. Isso faz parte do ciclo natural. Vamos tentar representar essas cadeias existentes dentro da mata de uma forma art\u00edstica, buscando causar o encantamento nas pessoas, para que elas comecem a entender\u00a0 a import\u00e2ncia do lugar e passem a preservar\u201d, destacou.<\/p>\n<p>Desde 2011, a Esta\u00e7\u00e3o Veracel realiza exposi\u00e7\u00f5es de educa\u00e7\u00e3o ambiental a cada dois anos. A primeira edi\u00e7\u00e3o, que teve como tema Se eu fosse uma floresta, buscou sensibilizar os visitantes para uma reflex\u00e3o sobre como gostariam de ser tratados se fossem uma floresta.\u00a0 A segunda edi\u00e7\u00e3o, lan\u00e7ada em 2013, \u201cCarta das \u00c1guas\u201d, tamb\u00e9m esteve relacionada com o despertar para a preserva\u00e7\u00e3o da natureza. \u201cA Carta das \u00c1guas foi criada para incentivar a preserva\u00e7\u00e3o das \u00e1guas e a coopera\u00e7\u00e3o para que esse uso seja racional\u201d, explicou Virg\u00ednia.<\/p>\n<p>A coordenadora da RPNN destaca ainda que a exposi\u00e7\u00e3o deste ano trar\u00e1 pe\u00e7as novas, criadas pelos artistas da consultoria \u00c1rvore da Vida,\u00a0 para chamar a aten\u00e7\u00e3o dos visitantes desde o acesso \u00e0 Esta\u00e7\u00e3o, na BR-367, at\u00e9 a chegada ao Centro de Visitantes na Reserva. \u201cOs visitantes ter\u00e3o uma intera\u00e7\u00e3o com a floresta antes mesmo de chegar \u00e0 Esta\u00e7\u00e3o\u201d, enfatizou.<\/p>\n<p>Grupos interessados em participar da exposi\u00e7\u00e3o \u201cOs di\u00e1logos com a floresta\u201d devem agendar a visita a partir do m\u00eas de agosto pelo e-mail: <a href=\"mailto:estacaoveracel@veracel.com.br\">estacaoveracel@veracel.com.br<\/a> ou pelos telefones (73) 3166-8755\/ 8756\/ 8759\/ 8760.<\/p>\n","protected":false},"excerpt":{"rendered":"<p>O que acontece dentro da mata? Como conversar com a floresta? Tendo como base esses questionamentos, a RPPN Esta\u00e7\u00e3o Veracel estar\u00e1 lan\u00e7ando no pr\u00f3ximo dia 04\/08 sua terceira edi\u00e7\u00e3o da exposi\u00e7\u00e3o de educa\u00e7\u00e3o ambiental que ter\u00e1 como tema \u201cOs di\u00e1logos com a floresta\u201d. Segundo a coordenadora da RPPN, a bi\u00f3loga Virg\u00ednia Camargos, a exposi\u00e7\u00e3o desse [&hellip;]<\/p>\n","protected":false},"author":7,"featured_media":8285,"comment_status":"open","ping_status":"open","sticky":false,"template":"","format":"standard","meta":{"footnotes":""},"categories":[33,1],"tags":[108],"class_list":["post-8284","post","type-post","status-publish","format-standard","has-post-thumbnail","hentry","category-meio-ambiente","category-noticias","tag-belmonte"],"_links":{"self":[{"href":"https:\/\/www.maisbn.com\/portal\/wp-json\/wp\/v2\/posts\/8284","targetHints":{"allow":["GET"]}}],"collection":[{"href":"https:\/\/www.maisbn.com\/portal\/wp-json\/wp\/v2\/posts"}],"about":[{"href":"https:\/\/www.maisbn.com\/portal\/wp-json\/wp\/v2\/types\/post"}],"author":[{"embeddable":true,"href":"https:\/\/www.maisbn.com\/portal\/wp-json\/wp\/v2\/users\/7"}],"replies":[{"embeddable":true,"href":"https:\/\/www.maisbn.com\/portal\/wp-json\/wp\/v2\/comments?post=8284"}],"version-history":[{"count":2,"href":"https:\/\/www.maisbn.com\/portal\/wp-json\/wp\/v2\/posts\/8284\/revisions"}],"predecessor-version":[{"id":8287,"href":"https:\/\/www.maisbn.com\/portal\/wp-json\/wp\/v2\/posts\/8284\/revisions\/8287"}],"wp:featuredmedia":[{"embeddable":true,"href":"https:\/\/www.maisbn.com\/portal\/wp-json\/wp\/v2\/media\/8285"}],"wp:attachment":[{"href":"https:\/\/www.maisbn.com\/portal\/wp-json\/wp\/v2\/media?parent=8284"}],"wp:term":[{"taxonomy":"category","embeddable":true,"href":"https:\/\/www.maisbn.com\/portal\/wp-json\/wp\/v2\/categories?post=8284"},{"taxonomy":"post_tag","embeddable":true,"href":"https:\/\/www.maisbn.com\/portal\/wp-json\/wp\/v2\/tags?post=8284"}],"curies":[{"name":"wp","href":"https:\/\/api.w.org\/{rel}","templated":true}]}}