{"id":8268,"date":"2015-07-27T18:09:34","date_gmt":"2015-07-27T21:09:34","guid":{"rendered":"http:\/\/www.maisbn.com\/portal\/?p=8268"},"modified":"2015-07-27T18:18:52","modified_gmt":"2015-07-27T21:18:52","slug":"ex-prefeito-iedo-elias-aparece-na-lista-de-133-prefeitos-que-poderao-estar-inelegiveis-em-2016","status":"publish","type":"post","link":"https:\/\/www.maisbn.com\/portal\/2015\/07\/ex-prefeito-iedo-elias-aparece-na-lista-de-133-prefeitos-que-poderao-estar-inelegiveis-em-2016\/","title":{"rendered":"Ex-prefeito I\u00eado Elias aparece na lista de 133 prefeitos que poder\u00e3o estar ineleg\u00edveis em 2016."},"content":{"rendered":"<div id=\"attachment_8271\" style=\"width: 649px\" class=\"wp-caption aligncenter\"><a href=\"http:\/\/www.maisbn.com\/portal\/wp-content\/uploads\/2015\/07\/Sede-do-Tribunal-de-Contas-dos-Munic\u00edpios-da-Bahia-TCM-Bahia.jpg\"><img loading=\"lazy\" decoding=\"async\" aria-describedby=\"caption-attachment-8271\" class=\"wp-image-8271 size-full\" src=\"http:\/\/www.maisbn.com\/portal\/wp-content\/uploads\/2015\/07\/Sede-do-Tribunal-de-Contas-dos-Munic\u00edpios-da-Bahia-TCM-Bahia.jpg\" alt=\"Sede-do-Tribunal-de-Contas-dos-Munic\u00edpios-da-Bahia-TCM-Bahia\" width=\"639\" height=\"366\" \/><\/a><p id=\"caption-attachment-8271\" class=\"wp-caption-text\">Sede do Tribunal de Contas dos Munic\u00edpios.<\/p><\/div>\n<p><span style=\"color: #000000;\">Prefeitos considerados ordenadores de despesas ter\u00e3o, a partir de decis\u00e3o do Tribunal Superior Eleitoral (TSE) do ano passado, seus atos julgados pelo Tribunal de Contas dos Munic\u00edpios (TCM), e n\u00e3o mais pelas C\u00e2maras de Vereadores, que continuam com o poder de julgar as contas anuais. Nesse caso, est\u00e3o sujeitos \u00e0 inelegibilidade os prefeitos que tenham seus exerc\u00edcios financeiros pontuais reprovados pelos tribunais de contas ou que tenham contra si termos de ocorr\u00eancia ou den\u00fancia, sem que o julgamento final fique com as C\u00e2maras de Vereadores. Na lista da corte de contas baiana, conforme informa\u00e7\u00f5es do Jornal Tribuna da Bahia, est\u00e3o nada menos que 133 gestores.<\/span><\/p>\n<p><span style=\"color: #000000;\">O conselheiro e presidente do Tribunal de Contas dos Munic\u00edpios da Bahia (TCM), Francisco Andrade Neto, afirmou que a decis\u00e3o do TSE chama a aten\u00e7\u00e3o para a responsabilidade do Tribunal. \u201cConfirmou o entendimento das cortes de contas de todo o Brasil, contra o qual se insurgiram alguns gestores. \u00c0s C\u00e2maras de Vereadores cabe o julgamento pol\u00edtico. O tribunal julga as contas p\u00fablicas dos ordenadores de despesa e verifica se os princ\u00edpios constitucionais da economicidade, razoabilidade, publicidade, moralidade, legalidade, impessoalidade e efici\u00eancia na aplica\u00e7\u00e3o dos recursos p\u00fablicos foram respeitados. Ou seja, se os recursos p\u00fablicos est\u00e3o sendo aplicados de forma a gerar o maior benef\u00edcio para a sociedade\u201d, descreve o conselheiro.<\/span><\/p>\n<p><span style=\"color: #000000;\">Ainda de acordo com Neto, as Casas Legislativas n\u00e3o perder\u00e3o a prerrogativa de julgar as contas. \u201cAs C\u00e2maras continuar\u00e3o a exercer o julgamento das contas de governo do prefeito. As suas tarefas e responsabilidades, definidas no par\u00e1grafo 2\u00ba do art. 31 da Constitui\u00e7\u00e3o Federal, n\u00e3o foram alteradas e s\u00e3o indispens\u00e1veis no regime democr\u00e1tico\u201d, aponta.<\/span><\/p>\n<p style=\"text-align: center;\"><span style=\"color: #000000;\"><strong>Ex-prefeito I\u00eado Elias de Belmonte aparece na lista do TCM e desafetos pol\u00edticos comemoram.<\/strong><\/span><\/p>\n<div id=\"attachment_5613\" style=\"width: 540px\" class=\"wp-caption aligncenter\"><a href=\"http:\/\/www.maisbn.com\/portal\/wp-content\/uploads\/2014\/07\/prefeitoiedocontas.jpg\"><img loading=\"lazy\" decoding=\"async\" aria-describedby=\"caption-attachment-5613\" class=\"size-full wp-image-5613\" src=\"http:\/\/www.maisbn.com\/portal\/wp-content\/uploads\/2014\/07\/prefeitoiedocontas.jpg\" alt=\"I\u00eado Elias, ex-prefeito de Belmonte.\" width=\"530\" height=\"397\" srcset=\"https:\/\/www.maisbn.com\/portal\/wp-content\/uploads\/2014\/07\/prefeitoiedocontas.jpg 530w, https:\/\/www.maisbn.com\/portal\/wp-content\/uploads\/2014\/07\/prefeitoiedocontas-467x350.jpg 467w\" sizes=\"auto, (max-width: 530px) 100vw, 530px\" \/><\/a><p id=\"caption-attachment-5613\" class=\"wp-caption-text\">I\u00eado Elias, ex-prefeito de Belmonte.<\/p><\/div>\n<p><span style=\"color: #000000;\">O ex-prefeito I\u00eado Elias foi citado na lista dos 133 prefeitos que podem estar ineleg\u00edveis em 2016. Segundo informa\u00e7\u00f5es do meio pol\u00edtico belmontense, I\u00eado est\u00e1 disposto a lutar na justi\u00e7a para obter uma liminar e concorrer \u00e0s elei\u00e7\u00f5es do ano que vem. Os boatos que correm constam que o ex-prefeito est\u00e1 tendo dificuldades em agregar pessoas ao seu grupo e que o mesmo estuda at\u00e9 uma alian\u00e7a estrat\u00e9gica com o grupo do Deputado Estadual J\u00e2nio Natal que tem como candidato o agricultor Janival Andrade, irm\u00e3o de J\u00e2nio.<\/span><\/p>\n<p><span style=\"color: #000000;\">As contas que est\u00e3o dando essa dor de cabe\u00e7a para o ex-gestor s\u00e3o do exerc\u00edcio de 2012 onde o Tribunal de Contas dos Munic\u00edpios acusou um preju\u00edzo de mais de R$ 4,2 milh\u00f5es, incluindo Consigna\u00e7\u00f5es\/Reten\u00e7\u00f5es, Restos a Pagar de exerc\u00edcios anteriores, Restos a Pagar do exerc\u00edcio e as Despesas de Exerc\u00edcios Anteriores. O ex-prefeito, naquele ano segundo o relat\u00f3rio, tamb\u00e9m deixou de investir na Educa\u00e7\u00e3o com recursos pr\u00f3prios o que determina a lei, aplicando apenas o percentual de 23,06%, ferindo o Art. 212 da Constitui\u00e7\u00e3o Federal, que obriga os gestores a aplicarem no m\u00ednimo 25%. O tribunal tamb\u00e9m apontou gastos excessivos com viagens sem comprova\u00e7\u00e3o do devido interesse p\u00fablico, al\u00e9m de contratar servidores sem a realiza\u00e7\u00e3o de concurso p\u00fablico.<\/span><\/p>\n<p><span style=\"color: #000000;\">As contas em quest\u00e3o foram aprovadas pela C\u00e2mara de Vereadores de Belmonte com 09 votos a favor e 02 votos contra. Mas, o parecer do TCM julgou sem efeito a vota\u00e7\u00e3o por ter ocorrida fora do prazo estipulado pela Lei Complementar n\u00ba 06 de 06\/12\/1981 que diz em seu Art. 58 que prevalecer\u00e1 o Parecer Pr\u00e9vio do Tribunal de Contas dos Munic\u00edpios se, no prazo de 60 dias contados do seu recebimento, o Poder Legislativo Municipal n\u00e3o houver deliberado sobre a respectiva conta. No relat\u00f3rio consta que a C\u00e2mara de Vereadores de Belmonte recebeu o Parecer Pr\u00e9vio do TCM em 28 de julho de 2014 e a sess\u00e3o de vota\u00e7\u00e3o s\u00f3 foi acontecer em 06 de abril de 2015 extrapolando, e muito, o prazo previsto em lei.<\/span><\/p>\n<p><span style=\"color: #000000;\">Os inimigos pol\u00edticos do ex-prefeito j\u00e1 comemoram a not\u00edcia e v\u00e1rias postagens vem ocorrendo nas redes sociais sobre o fato. Mas, \u00e9 muito cedo para se ter uma no\u00e7\u00e3o do que possa acontecer daqui pra frente. O que \u00e9 certo \u00e9 que o ex-prefeito I\u00eado Elias vai ter mais essa dor de cabe\u00e7a e essa barreira pra enfrentar at\u00e9 as conven\u00e7\u00f5es partid\u00e1rias que escolher\u00e3o os candidatos da corrida eleitoral de 2016.<\/span><\/p>\n<p><span style=\"color: #000000;\">Segue abaixo a lista de prefeitos que poder\u00e3o estar ineleg\u00edveis em 2016:<\/span><\/p>\n<p>&nbsp;<\/p>\n<p><span style=\"color: #000000;\"><strong>Prefeitos com contas rejeitadas no exerc\u00edcio de 2012 e que est\u00e3o sujeitos \u00e0 inelegibilidade, conforme rela\u00e7\u00e3o do TCM:<\/strong><\/span><\/p>\n<p><span style=\"color: #000000;\">1.Abar\u00e9, gestores Geraldo Rodrigues dos Santos e Delisio Oliveira da Silva;\u00a0<\/span><br \/>\n<span style=\"color: #000000;\"> 2.\u00c1gua Fria, Adailton Nunes de Souza Le\u00e3o; Aiquara, Jutahy Souza Cosme;\u00a0<\/span><br \/>\n<span style=\"color: #000000;\"> 3.Am\u00e9lia Rodrigues, Ant\u00f4nio Carlos Paim Cardoso;\u00a0<\/span><br \/>\n<span style=\"color: #000000;\"> 4.Am\u00e9rica Dourada, Agnaldo Oliveira Lopes;\u00a0<\/span><br \/>\n<span style=\"color: #000000;\"> 5.Andorinha, Agileu Lima da Silva; Angical, Gilson Bezerra de Souza;<\/span><br \/>\n<span style=\"color: #000000;\"> 6.Antas, Agnaldo F\u00e9lix dos Santos; Ara\u00e7\u00e1s, Uelinton Oliveira Coelho;\u00a0<\/span><br \/>\n<span style=\"color: #000000;\"> 7.Araci, Maria Edneide Torres Silva Pinho;\u00a0<\/span><br \/>\n<span style=\"color: #000000;\"> 8.Aurelino Leal, Domingos Marques dos Santos;\u00a0<\/span><br \/>\n<span style=\"color: #000000;\"> 9.Barra do Rocha, Jonatas Ventura dos Santos;\u00a0<\/span><br \/>\n<span style=\"color: #000000;\"> 10.Barro Alto, Orlando Amorim Santos;\u00a0<\/span><br \/>\n<span style=\"color: #000000;\"> 11.Barro Preto, Adriano Clementino dos Santos;\u00a0<\/span><br \/>\n<span style=\"color: #000000;\"> 12.Belmonte, Iedo Jos\u00e9 Menezes Elias;\u00a0<\/span><br \/>\n<span style=\"color: #000000;\"> 13.Boa Nova, Antonio Ferreira Oliveira Filho;\u00a0<\/span><br \/>\n<span style=\"color: #000000;\"> 14.Boa Vista do Tupim, Hiran Campos Nascimento;\u00a0<\/span><br \/>\n<span style=\"color: #000000;\"> 15.Buerarema, Mardes Lima Monteiro de Almeida;\u00a0<\/span><br \/>\n<span style=\"color: #000000;\"> 16.Caatiba, Omar Sousa Barbosa;\u00a0<\/span><br \/>\n<span style=\"color: #000000;\"> 17.Cafarnaum, Ivanilton Oliveira Novais;\u00a0<\/span><br \/>\n<span style=\"color: #000000;\"> 18.Caldas de Cip\u00f3, Jailton Ferreira de Macedo;\u00a0<\/span><br \/>\n<span style=\"color: #000000;\"> 19.Caldeir\u00e3o Grande, Maria Aparecida dos Santos Martins Silva;\u00a0<\/span><br \/>\n<span style=\"color: #000000;\"> 20.Camacan, Maria Angela da Silva Cardoso Castro;\u00a0<\/span><br \/>\n<span style=\"color: #000000;\"> 21.Campo Formoso, Iracy Andrade de Ara\u00fajo;\u00a0<\/span><br \/>\n<span style=\"color: #000000;\"> 22.Canavieiras, Zairo Jacques Pinto Loureiro; Candeias, Maria Ang\u00e9lica Juvenal Maia e Francisco Silva Concei\u00e7\u00e3o;\u00a0<\/span><br \/>\n<span style=\"color: #000000;\"> 23.Canudos, Arcenio Almeida Gon\u00e7alves Neto;\u00a0<\/span><br \/>\n<span style=\"color: #000000;\"> 24.Capim Grosso, Lydia Fontoura Pinheiro;\u00a0<\/span><br \/>\n<span style=\"color: #000000;\"> 25.Caravelas, Jadson Silva Ruas;\u00a0<\/span><br \/>\n<span style=\"color: #000000;\"> 26.Casa Nova, Orlando Nunes Xavier;\u00a0<\/span><br \/>\n<span style=\"color: #000000;\"> 27.Castro Alves, Clovis Rocha Oliveira;\u00a0<\/span><br \/>\n<span style=\"color: #000000;\"> 28.C\u00edcero Dantas, Jos\u00e9 Weldon de Carvalho Santana;\u00a0<\/span><br \/>\n<span style=\"color: #000000;\"> 29.Conde, Antonio Eliud Souza de Castro;\u00a0<\/span><br \/>\n<span style=\"color: #000000;\"> 30.Conde\u00faba, Odilio Ribeiro da Silveira;\u00a0<\/span><br \/>\n<span style=\"color: #000000;\"> 31.Contendas do Sincor\u00e1, Joad Souza Teixeira;\u00a0<\/span><br \/>\n<span style=\"color: #000000;\"> 32.Cora\u00e7\u00e3o de Maria, Diego Henrique Silva Cerqueira Martins;\u00a0<\/span><br \/>\n<span style=\"color: #000000;\"> 33.Coronel Jo\u00e3o S\u00e1, Carlos Augusto Silveira Sobral;\u00a0<\/span><br \/>\n<span style=\"color: #000000;\"> 34.Cris\u00f3polis, Jos\u00e9 Santana da Silva;\u00a0<\/span><br \/>\n<span style=\"color: #000000;\"> 35.Encruzilhada, Ivani Andrade Fernandes Santos;\u00a0<\/span><br \/>\n<span style=\"color: #000000;\"> 36.Entre Rios, Fernando Almeida de Oliveira; Esplanada,\u00a0<\/span><br \/>\n<span style=\"color: #000000;\"> 37.Diolando Batista dos Santos;\u00a0<\/span><br \/>\n<span style=\"color: #000000;\"> 38.Eun\u00e1polis, Jos\u00e9 Rob\u00e9rio Batista de Oliveira;\u00a0<\/span><br \/>\n<span style=\"color: #000000;\"> 39.Feira da Mata, Alex Ronan Viana Mota;\u00a0<\/span><br \/>\n<span style=\"color: #000000;\"> 40.Firmino Alves, Jos\u00e9 Aguinaldo dos Santos;\u00a0<\/span><br \/>\n<span style=\"color: #000000;\"> 41.Gongogi, Altamirando de Jesus Santos;\u00a0<\/span><br \/>\n<span style=\"color: #000000;\"> 42.Guaratinga, Ademar Pinto Rosa;\u00a0<\/span><br \/>\n<span style=\"color: #000000;\"> 43.Ia\u00e7u, Adelson Souza de Oliveira;\u00a0<\/span><br \/>\n<span style=\"color: #000000;\"> 44.Ibiassuc\u00ea, Heliton Alves Cardoso;\u00a0<\/span><br \/>\n<span style=\"color: #000000;\"> 45.Ibicara\u00ed, Lenildo Alves Santana;\u00a0<\/span><br \/>\n<span style=\"color: #000000;\"> 46.Ibicoara, Sandra Regina Gomes Vidal;\u00a0<\/span><br \/>\n<span style=\"color: #000000;\"> 47.Ibicu\u00ed, Claudio Antonio Kalil Dourado;\u00a0<\/span><br \/>\n<span style=\"color: #000000;\"> 48.Ibipeba, Nei Amorim de Sousa;\u00a0<\/span><br \/>\n<span style=\"color: #000000;\"> 49.Ibitit\u00e1, Francisco Moitinho Dourado Primo;<\/span><br \/>\n<span style=\"color: #000000;\"> 50.Ich\u00fa, Jos\u00e9 Dias Portugal;\u00a0<\/span><br \/>\n<span style=\"color: #000000;\"> 51.Igrapi\u00fana, Jos\u00e9 Edmundo Seixas D\u00f3cio;\u00a0<\/span><br \/>\n<span style=\"color: #000000;\"> 52.Igua\u00ed, Ronaldo Moitinho dos Santos;\u00a0<\/span><br \/>\n<span style=\"color: #000000;\"> 53.Ipia\u00fa, Deraldino Alves de Ara\u00fajo;\u00a0<\/span><br \/>\n<span style=\"color: #000000;\"> 54.Itabela, Osvaldo Gomes Carib\u00e9;\u00a0<\/span><br \/>\n<span style=\"color: #000000;\"> 55.Itagi, Wanda Argolo Pinto;\u00a0<\/span><br \/>\n<span style=\"color: #000000;\"> 56.Itagimirim, Rielson Santos Lima;\u00a0<\/span><br \/>\n<span style=\"color: #000000;\"> 57.Itaju\u00edpe, Marcos Barreto Dantas;\u00a0<\/span><br \/>\n<span style=\"color: #000000;\"> 58.Itamaraju, Manoel Pedro Rodrigues Soares;\u00a0<\/span><br \/>\n<span style=\"color: #000000;\"> 59.Itamb\u00e9, Moacir Santos Andrade;\u00a0<\/span><br \/>\n<span style=\"color: #000000;\"> 60.Itanh\u00e9m, Milton Ferreira Guimar\u00e3es;\u00a0<\/span><br \/>\n<span style=\"color: #000000;\"> 61.Itaparica, Vicente Gon\u00e7alves da Silva e Raimundo Nonato da Hora Filho;\u00a0<\/span><br \/>\n<span style=\"color: #000000;\"> 62.Itap\u00e9, Jackson Luiz Lima Rezende;\u00a0<\/span><br \/>\n<span style=\"color: #000000;\"> 63.Itapebi, Cl\u00e1udio Henrique Ferreira de Carvalho;<\/span><br \/>\n<span style=\"color: #000000;\"> 64.Itapicuru, Jos\u00e9 Moreira de Carvalho Neto;\u00a0<\/span><br \/>\n<span style=\"color: #000000;\"> 65.Itapitanga, Dernival Dias Ferreira;\u00a0<\/span><br \/>\n<span style=\"color: #000000;\"> 66.Itarantim, Gide\u00e3o Soares Mattos;\u00a0<\/span><br \/>\n<span style=\"color: #000000;\"> 67.Itatim, Raimunda da Silva Santos;\u00a0<\/span><br \/>\n<span style=\"color: #000000;\"> 68.Itiru\u00e7u, Carlos Roberto Martinelli Iervese;\u00a0<\/span><br \/>\n<span style=\"color: #000000;\"> 69.Itoror\u00f3, Jos\u00e9 Adroaldo Silva de Almeida;\u00a0<\/span><br \/>\n<span style=\"color: #000000;\"> 70.Jacobina, Valdice Castro Vieira da Silva;\u00a0<\/span><br \/>\n<span style=\"color: #000000;\"> 71.Jaguaquara, Aldemir Moreira; Jequi\u00e9, Luiz Carlos Souza Amaral;\u00a0<\/span><br \/>\n<span style=\"color: #000000;\"> 72.Jeremoabo, Jo\u00e3o Batista Melo de Carvalho e Pedro Bonfim Varj\u00e3o;\u00a0<\/span><br \/>\n<span style=\"color: #000000;\"> 73.Jequiri\u00e7\u00e1, Juvenal Farias Maia;\u00a0<\/span><br \/>\n<span style=\"color: #000000;\"> 74.Jita\u00fana, Edisio Cerqueira Alves;\u00a0<\/span><br \/>\n<span style=\"color: #000000;\"> 75.Jucuru\u00e7u, Manoel do Carmo Loyola da Paix\u00e3o e Gilberto Nogueira\u00a0<\/span><br \/>\n<span style=\"color: #000000;\"> 76.Silva; Jussara, Ronaldo Almeida Sousa;\u00a0<\/span><br \/>\n<span style=\"color: #000000;\"> 77.Lajed\u00e3o, Danilo Rodrigues Fraga;\u00a0<\/span><br \/>\n<span style=\"color: #000000;\"> 78.Len\u00e7\u00f3is, Marcos Airton Alves Ara\u00fajo; Malhada de Pedras, Valdecir Alves Bezerra;\u00a0<\/span><br \/>\n<span style=\"color: #000000;\"> 79.Manoel Vitorino, Lenilton Pereira Lopes, Mansid\u00e3o, Davi Frank Gomes Machado;<\/span><br \/>\n<span style=\"color: #000000;\"> 80.Maragojipe, Silvio Jos\u00e9 Santana Santos;\u00a0<\/span><br \/>\n<span style=\"color: #000000;\"> 81.Mascote, Rosivaldo Ferreira da Silva;\u00a0<\/span><br \/>\n<span style=\"color: #000000;\"> 82.Monte Santo, Everaldo Joel de Ara\u00fajo;\u00a0<\/span><br \/>\n<span style=\"color: #000000;\"> 83.Morro do Chap\u00e9u, Cleova Oliveira Barreto;\u00a0<\/span><br \/>\n<span style=\"color: #000000;\"> 84.Mortugaba, Rita de C\u00e1ssia Cerqueira dos Santos;\u00a0<\/span><br \/>\n<span style=\"color: #000000;\"> 85.Mucuri, Paulo Alexandre Matos Griffo;\u00a0<\/span><br \/>\n<span style=\"color: #000000;\"> 86.Muqu\u00e9m do S\u00e3o Francisco, Jos\u00e9 Nicolau Teixeira Leite;\u00a0<\/span><br \/>\n<span style=\"color: #000000;\"> 87.Muritiba, Epifanio Marques Sampaio;\u00a0<\/span><br \/>\n<span style=\"color: #000000;\"> 88.Nilo Pe\u00e7anha, Maria das Gra\u00e7as Soares de Oliveira;\u00a0<\/span><br \/>\n<span style=\"color: #000000;\"> 89.Nova F\u00e1tima, Manoel Santos de Oliveira;\u00a0<\/span><br \/>\n<span style=\"color: #000000;\"> 90.Nova Ibi\u00e1, Jos\u00e9 Murilo Nunes de Souza;\u00a0<\/span><br \/>\n<span style=\"color: #000000;\"> 91.Nova Itarana, Jos\u00e9 Andrade Brand\u00e3o de Almeida;\u00a0<\/span><br \/>\n<span style=\"color: #000000;\"> 92.Nova Vi\u00e7osa, Carlos Robson Rodrigues da Silva;\u00a0<\/span><br \/>\n<span style=\"color: #000000;\"> 93.Ouri\u00e7angas, Nildon da Silva; P\u00e9 de Serra, Hildefonso Vit\u00f3rio dos Santos;\u00a0<\/span><br \/>\n<span style=\"color: #000000;\"> 94.Pedr\u00e3o, Alceu Barros de Ara\u00fajo; Pedro Alexandre, Pedro Gomes Filho;\u00a0<\/span><br \/>\n<span style=\"color: #000000;\"> 95.Pil\u00e3o Arcado, Jo\u00e3o Ubiratan Queiroz Lima;\u00a0<\/span><br \/>\n<span style=\"color: #000000;\"> 96.Pira\u00ed do Norte, Heraclito Menezes Leite;\u00a0<\/span><br \/>\n<span style=\"color: #000000;\"> 97.Pirip\u00e1, Anfrisio Barbosa Rocha;\u00a0<\/span><br \/>\n<span style=\"color: #000000;\"> 98.Planalto, Edilson Duarte da Cunha;\u00a0<\/span><br \/>\n<span style=\"color: #000000;\"> 99.Po\u00e7\u00f5es, Luciano Ara\u00fajo Mascarenhas;\u00a0<\/span><br \/>\n<span style=\"color: #000000;\"> 100.Ponto Novo, Ant\u00f4nio Marcos Alves da Silva;\u00a0<\/span><br \/>\n<span style=\"color: #000000;\"> 101.Prado, Jo\u00e3o Alberto Viana Amaral; Presidente J\u00e2nio Quadros, Jos\u00e9 Conegundes Vieira; Presidente Tancredo Neves, Josue Paulo dos Santos Filho;\u00a0<\/span><br \/>\n<span style=\"color: #000000;\"> 102.Queimadas, Paulo S\u00e9rgio Brand\u00e3o Carneiro;\u00a0<\/span><br \/>\n<span style=\"color: #000000;\"> 103.Retirol\u00e2ndia, Jos\u00e9 Alb\u00e9rico Silva Moreira;<\/span><br \/>\n<span style=\"color: #000000;\"> 104.Ribeira do Amparo, Manoel Rodrigues Barbosa;\u00a0<\/span><br \/>\n<span style=\"color: #000000;\"> 105.Ribeira do Pombal, Jos\u00e9 Louren\u00e7o Morais da Silva Junior;<\/span><br \/>\n<span style=\"color: #000000;\"> 106.Ribeir\u00e3o do Lago, Pac\u00edfico de Almeida Luz; Rodelas, Emanuel Rodrigues Ferreira;\u00a0<\/span><br \/>\n<span style=\"color: #000000;\"> 107.Salvador, Jo\u00e3o Henrique de Barradas Carneiro;\u00a0<\/span><br \/>\n<span style=\"color: #000000;\"> 108.Santa B\u00e1rbara, Jailson Costa dos Santos;\u00a0<\/span><br \/>\n<span style=\"color: #000000;\"> 109.Santa Cruz Cabr\u00e1lia, Jorge Monteiro Pontes;\u00a0<\/span><br \/>\n<span style=\"color: #000000;\"> 110.Santa Luzia, Ismar Jacobina de Santana; Santa Terezinha, Agnaldo Figueredo Andrade; Santan\u00f3polis, Juarez Almeida Tavares;\u00a0<\/span><br \/>\n<span style=\"color: #000000;\"> 111.S\u00e3o F\u00e9lix, Alex Sandro Aleluia de Brito;\u00a0<\/span><br \/>\n<span style=\"color: #000000;\"> 112.S\u00e3o Gabriel, Jos\u00e9 Carlos Gomes Ferreira;\u00a0<\/span><br \/>\n<span style=\"color: #000000;\"> 113.S\u00e3o Jos\u00e9 da Vit\u00f3ria, Jeova Nunes de Souza;\u00a0<\/span><br \/>\n<span style=\"color: #000000;\"> 114.S\u00e3o Jos\u00e9 do Jacu\u00edpe, Antonio Roquildes Vilas Boas Almeida;\u00a0<\/span><br \/>\n<span style=\"color: #000000;\"> 115.S\u00e3o Sebasti\u00e3o do Pass\u00e9, Tania Maria Portugal da Silva;\u00a0<\/span><br \/>\n<span style=\"color: #000000;\"> 116.Sapea\u00e7u, George Vieira Gois;\u00a0<\/span><br \/>\n<span style=\"color: #000000;\"> 117.Saubara, Ant\u00f4nio Raimundo de Ara\u00fajo; Senhor do Bonfim, Paulo Batista Machado;\u00a0<\/span><br \/>\n<span style=\"color: #000000;\"> 118.Sento S\u00e9, Ednaldo dos Santos Barros; Serra do Ramalho, Carlos Caraibas de Souza;\u00a0<\/span><br \/>\n<span style=\"color: #000000;\"> 119.Serrinha, Osni Cardoso de Ara\u00fajo;\u00a0<\/span><br \/>\n<span style=\"color: #000000;\"> 120.S\u00edtio do Mato, Danilson dos Santos Silva;\u00a0<\/span><br \/>\n<span style=\"color: #000000;\"> 121.S\u00edtio do Quinto, Cleigivaldo Carvalho Santa Rosa;\u00a0<\/span><br \/>\n<span style=\"color: #000000;\"> 122.Souto Soares, Amarildo Neves de Souza; Tapero\u00e1, Antonio Fernando Brito Pinto; Teixeira de Freitas, Apparecido Rodrigues Staut;\u00a0<\/span><br \/>\n<span style=\"color: #000000;\"> 123.Teodoro Sampaio, Antonio Valente Barbosa;\u00a0<\/span><br \/>\n<span style=\"color: #000000;\"> 124.Teol\u00e2ndia, Antonio Santana Junior;\u00a0<\/span><br \/>\n<span style=\"color: #000000;\"> 125.Terra Nova, Francisco Helio de Souza;\u00a0<\/span><br \/>\n<span style=\"color: #000000;\"> 126.Tucano, Jos\u00e9 Rubens de Santana Arruda;\u00a0<\/span><br \/>\n<span style=\"color: #000000;\"> 127.Uau\u00e1, Jorge Luiz Lobo Rosa;\u00a0<\/span><br \/>\n<span style=\"color: #000000;\"> 128.Uiba\u00ed, Pedro Rocha Filho;\u00a0<\/span><br \/>\n<span style=\"color: #000000;\"> 129.Una, Dejair Birschner; Urandi, Jos\u00e9 Cardoso de Oliveira;\u00a0<\/span><br \/>\n<span style=\"color: #000000;\"> 130.Valen\u00e7a, Ramiro Jos\u00e9 Campelo de Queiroz;\u00a0<\/span><br \/>\n<span style=\"color: #000000;\"> 131.Valente, Lucivaldo Ara\u00fajo Silva e Agnaldo de Oliveira Silva;\u00a0<\/span><br \/>\n<span style=\"color: #000000;\"> 132.Vera Cruz, Antonio Magno de Souza Filho; Wanderley, Bion\u00f4 Roque das Chagas;\u00a0<\/span><br \/>\n<span style=\"color: #000000;\"> 133.Wenceslau Guimar\u00e3es, Susete Nascimento da Silva; Xique-Xique, Reinaldo Teixeira Braga Filho.<\/span><\/p>\n","protected":false},"excerpt":{"rendered":"<p>Prefeitos considerados ordenadores de despesas ter\u00e3o, a partir de decis\u00e3o do Tribunal Superior Eleitoral (TSE) do ano passado, seus atos julgados pelo Tribunal de Contas dos Munic\u00edpios (TCM), e n\u00e3o mais pelas C\u00e2maras de Vereadores, que continuam com o poder de julgar as contas anuais. Nesse caso, est\u00e3o sujeitos \u00e0 inelegibilidade os prefeitos que tenham [&hellip;]<\/p>\n","protected":false},"author":7,"featured_media":5613,"comment_status":"open","ping_status":"open","sticky":false,"template":"","format":"standard","meta":{"footnotes":""},"categories":[1,7],"tags":[108],"class_list":["post-8268","post","type-post","status-publish","format-standard","has-post-thumbnail","hentry","category-noticias","category-politica","tag-belmonte"],"_links":{"self":[{"href":"https:\/\/www.maisbn.com\/portal\/wp-json\/wp\/v2\/posts\/8268","targetHints":{"allow":["GET"]}}],"collection":[{"href":"https:\/\/www.maisbn.com\/portal\/wp-json\/wp\/v2\/posts"}],"about":[{"href":"https:\/\/www.maisbn.com\/portal\/wp-json\/wp\/v2\/types\/post"}],"author":[{"embeddable":true,"href":"https:\/\/www.maisbn.com\/portal\/wp-json\/wp\/v2\/users\/7"}],"replies":[{"embeddable":true,"href":"https:\/\/www.maisbn.com\/portal\/wp-json\/wp\/v2\/comments?post=8268"}],"version-history":[{"count":4,"href":"https:\/\/www.maisbn.com\/portal\/wp-json\/wp\/v2\/posts\/8268\/revisions"}],"predecessor-version":[{"id":8273,"href":"https:\/\/www.maisbn.com\/portal\/wp-json\/wp\/v2\/posts\/8268\/revisions\/8273"}],"wp:featuredmedia":[{"embeddable":true,"href":"https:\/\/www.maisbn.com\/portal\/wp-json\/wp\/v2\/media\/5613"}],"wp:attachment":[{"href":"https:\/\/www.maisbn.com\/portal\/wp-json\/wp\/v2\/media?parent=8268"}],"wp:term":[{"taxonomy":"category","embeddable":true,"href":"https:\/\/www.maisbn.com\/portal\/wp-json\/wp\/v2\/categories?post=8268"},{"taxonomy":"post_tag","embeddable":true,"href":"https:\/\/www.maisbn.com\/portal\/wp-json\/wp\/v2\/tags?post=8268"}],"curies":[{"name":"wp","href":"https:\/\/api.w.org\/{rel}","templated":true}]}}