{"id":8235,"date":"2015-07-23T07:57:29","date_gmt":"2015-07-23T10:57:29","guid":{"rendered":"http:\/\/www.maisbn.com\/portal\/?p=8235"},"modified":"2015-07-23T08:01:18","modified_gmt":"2015-07-23T11:01:18","slug":"stf-suspende-retirada-com-forca-policial-dos-indios-tupinambas-da-fazenda-timiquim-em-belmonte","status":"publish","type":"post","link":"https:\/\/www.maisbn.com\/portal\/2015\/07\/stf-suspende-retirada-com-forca-policial-dos-indios-tupinambas-da-fazenda-timiquim-em-belmonte\/","title":{"rendered":"STF suspende retirada, com for\u00e7a policial, dos \u00edndios Tupinamb\u00e1s da Fazenda Timiquim em Belmonte."},"content":{"rendered":"<p><a href=\"http:\/\/www.maisbn.com\/portal\/wp-content\/uploads\/2015\/07\/STF_imagem.jpg\"><img loading=\"lazy\" decoding=\"async\" class=\"aligncenter size-full wp-image-8236\" src=\"http:\/\/www.maisbn.com\/portal\/wp-content\/uploads\/2015\/07\/STF_imagem.jpg\" alt=\"STF_imagem\" width=\"720\" height=\"460\" \/><\/a><\/p>\n<p><span style=\"color: #000000;\">Por entender ser mat\u00e9ria constitucional e existir\u00a0risco de les\u00e3o \u00e0 ordem, \u00e0 sa\u00fade, \u00e0 seguran\u00e7a ou \u00e0 economia p\u00fablicas, o\u00a0ministro Ricardo Lewandowski, presidente do Supremo Tribunal Federal, suspendeu senten\u00e7a do ju\u00edzo federal em Eun\u00e1polis (BA) que determinou a retirada de \u00edndios Tupinamb\u00e1 da Fazenda Timiquim, em Belmonte (sul da Bahia). A decis\u00e3o foi tomada na an\u00e1lise de suspens\u00e3o de seguran\u00e7a ajuizada pela Funda\u00e7\u00e3o Nacional do \u00cdndio (Funai).<\/span><\/p>\n<p><span style=\"color: #000000;\">Na inst\u00e2ncia de origem, o ju\u00edzo federal deferiu a reintegra\u00e7\u00e3o de posse da propriedade, determinando a retirada imediata dos \u00edndios que ocupavam a fazenda. De acordo com a Funai, a senten\u00e7a foi prolatada em 2012, mas a fase do cumprimento provis\u00f3rio foi instaurada apenas no final de 2014.<\/span><\/p>\n<p><span style=\"color: #000000;\">O procurador da Funai diz que a funda\u00e7\u00e3o foi intimada da decis\u00e3o em junho de 2015, determinando a retirada dos \u00edndios em at\u00e9 dez dias, sob pena de multa di\u00e1ria no valor de R$ 10 mil. No caso de desrespeito, o procurador da funda\u00e7\u00e3o alertou que foi autorizado o uso de for\u00e7a policial para auxiliar a retirada da comunidade ind\u00edgena.<\/span><\/p>\n<p><span style=\"color: #000000;\">A \u00e1rea, conforme a Funai, foi reconhecida como terra ind\u00edgena tradicionalmente ocupada, aguardando a an\u00e1lise t\u00e9cnica das impugna\u00e7\u00f5es apresentadas pelos interessados, para seguir o rito legal, encaminhando o processo de demarca\u00e7\u00e3o para an\u00e1lise do Minist\u00e9rio da Justi\u00e7a. No local, j\u00e1 foram constru\u00eddas uma escola municipal, uma igreja e um posto de sa\u00fade.<\/span><\/p>\n<p><span style=\"color: #000000;\"><strong>Requisitos<\/strong><\/span><br \/>\n<span style=\"color: #000000;\"> Em sua decis\u00e3o, o ministro explicou que o pedido feito pela Funai apresenta os dois requisitos necess\u00e1rios para seu deferimento: a mat\u00e9ria em debate \u00e9 constitucional e existe o risco de les\u00e3o \u00e0 ordem, \u00e0 sa\u00fade, \u00e0 seguran\u00e7a ou \u00e0 economia p\u00fablicas.<\/span><\/p>\n<p><span style=\"color: #000000;\">De acordo com o presidente, a controv\u00e9rsia instaurada evidencia a exist\u00eancia de mat\u00e9ria constitucional, principalmente no tocante ao que prev\u00ea o artigo 231 da Constitui\u00e7\u00e3o Federal.<\/span><\/p>\n<p><span style=\"color: #000000;\">O dispositivo estabelece que \u201cs\u00e3o reconhecidos aos \u00edndios sua organiza\u00e7\u00e3o social, costumes, l\u00ednguas, cren\u00e7as e tradi\u00e7\u00f5es, e os direitos origin\u00e1rios sobre as terras que tradicionalmente ocupam, competindo \u00e0 Uni\u00e3o demarc\u00e1-las, proteger e fazer respeitar todos os seus bens\u201d.<\/span><\/p>\n<p><span style=\"color: #000000;\">Quanto ao risco de les\u00e3o \u00e0 ordem, o ministro ressaltou que a retomada da posse pode ser vista como fator de exacerba\u00e7\u00e3o da disputa, em especial quando o cumprimento da ordem judicial \u00e9 acompanhado por for\u00e7a policial.<\/span><\/p>\n<p><span style=\"color: #000000;\">Al\u00e9m disso, frisou o presidente do STF, o cumprimento provis\u00f3rio da senten\u00e7a que determinou a reintegra\u00e7\u00e3o possui ainda outra dimens\u00e3o importante, uma vez que, na maioria das vezes, a expuls\u00e3o dos ocupantes n\u00e3o vem acompanhada de perspectivas de moradia digna.<\/span><\/p>\n<p><span style=\"color: #000000;\">\u201cParece-me que evitar a constante movimenta\u00e7\u00e3o involunt\u00e1ria da popula\u00e7\u00e3o \u00e9 provid\u00eancia t\u00e3o importante quanto assegurar o devido cumprimento das decis\u00f5es judiciais de reintegra\u00e7\u00e3o de posse\u201d, concluiu o ministro Lewandowski. <em>Com informa\u00e7\u00f5es da Assessoria de Imprensa do STF.<\/em><\/span><\/p>\n","protected":false},"excerpt":{"rendered":"<p>Por entender ser mat\u00e9ria constitucional e existir\u00a0risco de les\u00e3o \u00e0 ordem, \u00e0 sa\u00fade, \u00e0 seguran\u00e7a ou \u00e0 economia p\u00fablicas, o\u00a0ministro Ricardo Lewandowski, presidente do Supremo Tribunal Federal, suspendeu senten\u00e7a do ju\u00edzo federal em Eun\u00e1polis (BA) que determinou a retirada de \u00edndios Tupinamb\u00e1 da Fazenda Timiquim, em Belmonte (sul da Bahia). A decis\u00e3o foi tomada na [&hellip;]<\/p>\n","protected":false},"author":7,"featured_media":8236,"comment_status":"open","ping_status":"open","sticky":false,"template":"","format":"standard","meta":{"footnotes":""},"categories":[99,1],"tags":[108],"class_list":["post-8235","post","type-post","status-publish","format-standard","has-post-thumbnail","hentry","category-justica","category-noticias","tag-belmonte"],"_links":{"self":[{"href":"https:\/\/www.maisbn.com\/portal\/wp-json\/wp\/v2\/posts\/8235","targetHints":{"allow":["GET"]}}],"collection":[{"href":"https:\/\/www.maisbn.com\/portal\/wp-json\/wp\/v2\/posts"}],"about":[{"href":"https:\/\/www.maisbn.com\/portal\/wp-json\/wp\/v2\/types\/post"}],"author":[{"embeddable":true,"href":"https:\/\/www.maisbn.com\/portal\/wp-json\/wp\/v2\/users\/7"}],"replies":[{"embeddable":true,"href":"https:\/\/www.maisbn.com\/portal\/wp-json\/wp\/v2\/comments?post=8235"}],"version-history":[{"count":3,"href":"https:\/\/www.maisbn.com\/portal\/wp-json\/wp\/v2\/posts\/8235\/revisions"}],"predecessor-version":[{"id":8239,"href":"https:\/\/www.maisbn.com\/portal\/wp-json\/wp\/v2\/posts\/8235\/revisions\/8239"}],"wp:featuredmedia":[{"embeddable":true,"href":"https:\/\/www.maisbn.com\/portal\/wp-json\/wp\/v2\/media\/8236"}],"wp:attachment":[{"href":"https:\/\/www.maisbn.com\/portal\/wp-json\/wp\/v2\/media?parent=8235"}],"wp:term":[{"taxonomy":"category","embeddable":true,"href":"https:\/\/www.maisbn.com\/portal\/wp-json\/wp\/v2\/categories?post=8235"},{"taxonomy":"post_tag","embeddable":true,"href":"https:\/\/www.maisbn.com\/portal\/wp-json\/wp\/v2\/tags?post=8235"}],"curies":[{"name":"wp","href":"https:\/\/api.w.org\/{rel}","templated":true}]}}