{"id":8225,"date":"2015-07-21T09:50:13","date_gmt":"2015-07-21T12:50:13","guid":{"rendered":"http:\/\/www.maisbn.com\/portal\/?p=8225"},"modified":"2015-07-21T09:52:55","modified_gmt":"2015-07-21T12:52:55","slug":"acao-penal-contra-o-deputado-janio-natal-sera-julgada-no-tribunal-regional-federal-da-1a-regiao","status":"publish","type":"post","link":"https:\/\/www.maisbn.com\/portal\/2015\/07\/acao-penal-contra-o-deputado-janio-natal-sera-julgada-no-tribunal-regional-federal-da-1a-regiao\/","title":{"rendered":"A\u00e7\u00e3o Penal contra o Deputado J\u00e2nio Natal ser\u00e1 julgada no Tribunal Regional Federal da 1\u00aa Regi\u00e3o.."},"content":{"rendered":"<p><a href=\"http:\/\/www.maisbn.com\/portal\/wp-content\/uploads\/2015\/06\/janio-700x448.jpg\"><img loading=\"lazy\" decoding=\"async\" class=\"aligncenter size-full wp-image-8072\" src=\"http:\/\/www.maisbn.com\/portal\/wp-content\/uploads\/2015\/06\/janio-700x448.jpg\" alt=\"janio-700x448\" width=\"700\" height=\"448\" \/><\/a><\/p>\n<p><span style=\"color: #000000;\">A den\u00fancia contra o deputado estadual J\u00e2nio Natal Andrade Borges (PRP), feita pelo Minist\u00e9rio P\u00fablico Federal (MPF), por ter executado obras em patrim\u00f4nio nacional, tombado, sem autoriza\u00e7\u00e3o o Instituto do Patrim\u00f4nio Hist\u00f3rico e Art\u00edstico Nacional (Iphan), ser\u00e1 julgada pelo Tribunal Regional Federal da 1\u00aa Regi\u00e3o (TRF-1). <\/span><\/p>\n<p><span style=\"color: #000000;\">A obra foi realizada enquanto J\u00e2nio Natal era prefeito de Porto Seguro, no sul do estado. O caso, inicialmente, seria analisado pelo Supremo Tribunal Federal (STF), pois na \u00e9poca da oferta da den\u00fancia, J\u00e2nio era deputado federal. Com o fim do mandato na C\u00e2mara dos Deputados, o Supremo determinou que o caso fosse julgado na Justi\u00e7a comum, por n\u00e3o haver mais prerrogativa de foro naquela Corte. <\/span><\/p>\n<p><span style=\"color: #000000;\">O desembargador Jos\u00e9 Alfredo Cerqueira da Silva, do Tribunal de Justi\u00e7a da Bahia (TJ-BA) considerou que o caso deve ser julgado pelo TRF-1, pois a den\u00fancia envolve crime cometido contra patrim\u00f4nio da Uni\u00e3o. O desembargador requisitou um parecer do Minist\u00e9rio P\u00fablico da Bahia (MP-BA) sobre a compet\u00eancia da Justi\u00e7a Estadual para julgar o fato contra o deputado. Para o MP-BA, &#8220;d\u00favida n\u00e3o h\u00e1 em rela\u00e7\u00e3o \u00e0 compet\u00eancia desse respeit\u00e1vel Tribunal de Justi\u00e7a da Bahia para processar e julgar a\u00e7\u00e3o penal em desfavor do denunciado, justamente pelo fato de o mesmo estar no exerc\u00edcio do cargo de Deputado Estadual na Assembl\u00e9ia Legislativa da Bahia\u201d. Ao analisar os autos, o desembargador entendeu que o bem lesado se constitui em patrim\u00f4nio hist\u00f3rico\/cultural nacional, tombado no \u00e2mbito federal pelo Iphan, pertencente \u00e0 Uni\u00e3o, n\u00e3o integrado ao acervo estadual. \u201cAssim, n\u00e3o obstante detenha o acusado o benef\u00edcio do foro por prerrogativa de fun\u00e7\u00e3o, por ocupar o cargo de deputado estadual, mas, tratando-se, na hip\u00f3tese em comento, de crime que teria sido por ele cometido contra o patrim\u00f4nio hist\u00f3rico-cultural nacional, em virtude de obras realizadas em \u00e1rea integrante de conjunto tombado pelo Iphan, tem-se que a compet\u00eancia para o processamento e o julgamento da a\u00e7\u00e3o penal \u00e9 da Justi\u00e7a Federal\u201d, destaca o magistrado.\u00a0 <\/span><\/p>\n<p><span style=\"color: #000000;\">A compet\u00eancia para julgamento pela Justi\u00e7a Federal est\u00e1 prevista no artigo 109 da Constitui\u00e7\u00e3o Federal, que estabelece que os crimes pol\u00edticos e as infra\u00e7\u00f5es penais praticadas em detrimento de bens, servi\u00e7os ou interesse da Uni\u00e3o ou de suas entidades aut\u00e1rquicas ou empresas p\u00fablicas, exclu\u00eddas as contraven\u00e7\u00f5es e ressalvada a compet\u00eancia da Justi\u00e7a Militar e da Justi\u00e7a Eleitoral. Jos\u00e9 Alfredo cita os juristas Eug\u00eanio Pacelli e Fernando Capez, em que afirmam que \u201cn\u00e3o existe foro privativo na primeira inst\u00e2ncia\u201d. <\/span><\/p>\n<p><span style=\"color: #000000;\">O deputado n\u00e3o precisar\u00e1 ser afastado do cargo enquanto responde a a\u00e7\u00e3o penal. O crime atribu\u00eddo ao deputado foi cometido entre o final de 2007 e in\u00edcio de 2008. O ent\u00e3o Secret\u00e1rio de Obras do Munic\u00edpio, Odenir Jos\u00e9 Barni, tamb\u00e9m foi acusado de participa\u00e7\u00e3o no crime. A investiga\u00e7\u00e3o contra os r\u00e9us teve origem a partir de uma representa\u00e7\u00e3o do Iphan. As obras de infraestrutura e pavimenta\u00e7\u00e3o foram realizadas no sudeste do Outeiro da Cidade Hist\u00f3rica de Porto Seguro, em cintur\u00e3o de remanescente de Mata Atl\u00e2ntica sobre declive que limita a BR 367, entre a Estrada do Aeroporto e o Trevo do Cabral. A obra n\u00e3o tinha autoriza\u00e7\u00e3o do Iphan, alvar\u00e1 de constru\u00e7\u00e3o e licen\u00e7a ambiental.<\/span><\/p>\n<p>Fonte: Bahia Noticias<\/p>\n","protected":false},"excerpt":{"rendered":"<p>A den\u00fancia contra o deputado estadual J\u00e2nio Natal Andrade Borges (PRP), feita pelo Minist\u00e9rio P\u00fablico Federal (MPF), por ter executado obras em patrim\u00f4nio nacional, tombado, sem autoriza\u00e7\u00e3o o Instituto do Patrim\u00f4nio Hist\u00f3rico e Art\u00edstico Nacional (Iphan), ser\u00e1 julgada pelo Tribunal Regional Federal da 1\u00aa Regi\u00e3o (TRF-1). A obra foi realizada enquanto J\u00e2nio Natal era prefeito [&hellip;]<\/p>\n","protected":false},"author":7,"featured_media":8072,"comment_status":"open","ping_status":"open","sticky":false,"template":"","format":"standard","meta":{"footnotes":""},"categories":[1,7],"tags":[108],"class_list":["post-8225","post","type-post","status-publish","format-standard","has-post-thumbnail","hentry","category-noticias","category-politica","tag-belmonte"],"_links":{"self":[{"href":"https:\/\/www.maisbn.com\/portal\/wp-json\/wp\/v2\/posts\/8225","targetHints":{"allow":["GET"]}}],"collection":[{"href":"https:\/\/www.maisbn.com\/portal\/wp-json\/wp\/v2\/posts"}],"about":[{"href":"https:\/\/www.maisbn.com\/portal\/wp-json\/wp\/v2\/types\/post"}],"author":[{"embeddable":true,"href":"https:\/\/www.maisbn.com\/portal\/wp-json\/wp\/v2\/users\/7"}],"replies":[{"embeddable":true,"href":"https:\/\/www.maisbn.com\/portal\/wp-json\/wp\/v2\/comments?post=8225"}],"version-history":[{"count":3,"href":"https:\/\/www.maisbn.com\/portal\/wp-json\/wp\/v2\/posts\/8225\/revisions"}],"predecessor-version":[{"id":8228,"href":"https:\/\/www.maisbn.com\/portal\/wp-json\/wp\/v2\/posts\/8225\/revisions\/8228"}],"wp:featuredmedia":[{"embeddable":true,"href":"https:\/\/www.maisbn.com\/portal\/wp-json\/wp\/v2\/media\/8072"}],"wp:attachment":[{"href":"https:\/\/www.maisbn.com\/portal\/wp-json\/wp\/v2\/media?parent=8225"}],"wp:term":[{"taxonomy":"category","embeddable":true,"href":"https:\/\/www.maisbn.com\/portal\/wp-json\/wp\/v2\/categories?post=8225"},{"taxonomy":"post_tag","embeddable":true,"href":"https:\/\/www.maisbn.com\/portal\/wp-json\/wp\/v2\/tags?post=8225"}],"curies":[{"name":"wp","href":"https:\/\/api.w.org\/{rel}","templated":true}]}}