{"id":8137,"date":"2015-07-13T09:03:36","date_gmt":"2015-07-13T12:03:36","guid":{"rendered":"http:\/\/www.maisbn.com\/portal\/?p=8137"},"modified":"2015-07-13T09:22:03","modified_gmt":"2015-07-13T12:22:03","slug":"belmonte-realiza-3a-conferencia-municipal-de-saude","status":"publish","type":"post","link":"https:\/\/www.maisbn.com\/portal\/2015\/07\/belmonte-realiza-3a-conferencia-municipal-de-saude\/","title":{"rendered":"Belmonte realiza 3\u00aa Confer\u00eancia Municipal de Sa\u00fade."},"content":{"rendered":"<p><span style=\"color: #000000;\"><a style=\"color: #000000;\" href=\"http:\/\/www.maisbn.com\/portal\/wp-content\/uploads\/2015\/07\/conferencia.jpg\"><img loading=\"lazy\" decoding=\"async\" class=\"aligncenter size-full wp-image-8138\" src=\"http:\/\/www.maisbn.com\/portal\/wp-content\/uploads\/2015\/07\/conferencia.jpg\" alt=\"conferencia\" width=\"650\" height=\"412\" \/><\/a><\/span><\/p>\n<p><span style=\"color: #000000;\">A Prefeitura de Belmonte, por meio da Secretaria de Sa\u00fade, promoveu nesta sexta-feira, 10\/07, a 3\u00aa Confer\u00eancia Municipal de Sa\u00fade. A solenidade de abertura contou com a presen\u00e7a da Prefeita Alice Maria, do Presidente da C\u00e2mara de Vereadores, Alvino Matos, Secret\u00e1rio de Sa\u00fade, Marcio Rocha, al\u00e9m da participa\u00e7\u00e3o de autoridades, Vereadores, Secretariado Municipal, profissionais da \u00e1rea de sa\u00fade e a sociedade civil.<\/span><\/p>\n<p><span style=\"color: #000000;\">A Confer\u00eancia de Sa\u00fade \u00e9 realizada a cada quatro anos com a representa\u00e7\u00e3o dos v\u00e1rios segmentos sociais, para avaliar a situa\u00e7\u00e3o de sa\u00fade e propor diretrizes para a formula\u00e7\u00e3o da pol\u00edtica de sa\u00fade.<\/span><br \/>\n<span style=\"color: #000000;\">As Confer\u00eancias de Sa\u00fade s\u00e3o espa\u00e7os democr\u00e1ticos de constru\u00e7\u00e3o da pol\u00edtica de Sa\u00fade, portanto \u00e9 o local onde o povo manifesta, orienta e decide os rumos da sa\u00fade em cada esfera.<\/span><\/p>\n<p><a href=\"http:\/\/www.maisbn.com\/portal\/wp-content\/uploads\/2015\/07\/conferencia02.jpg\"><img loading=\"lazy\" decoding=\"async\" class=\"aligncenter size-full wp-image-8139\" src=\"http:\/\/www.maisbn.com\/portal\/wp-content\/uploads\/2015\/07\/conferencia02.jpg\" alt=\"conferencia02\" width=\"650\" height=\"412\" \/><\/a><\/p>\n<p><span style=\"color: #000000;\">No \u00e2mbito nacional ocorre uma etapa municipal que tem por objetivo a discuss\u00e3o dos eixos de interesse nacional e elei\u00e7\u00f5es de delegados para as etapas estadual e nacional da confer\u00eancia.<\/span><\/p>\n<p><span style=\"color: #000000;\">A 3\u00aa Confer\u00eancia Municipal de Sa\u00fade de Belmonte aconteceu no espa\u00e7o de eventos da Col\u00f4nia de Pescadores, com o tema: \u201cSa\u00fade p\u00fablica de qualidade para cuidar bem das pessoas: Direito do povo brasileiro\u201d.<\/span><\/p>\n<p><a href=\"http:\/\/www.maisbn.com\/portal\/wp-content\/uploads\/2015\/07\/1conferencia00001.jpg\"><img loading=\"lazy\" decoding=\"async\" class=\"aligncenter size-full wp-image-8143\" src=\"http:\/\/www.maisbn.com\/portal\/wp-content\/uploads\/2015\/07\/1conferencia00001.jpg\" alt=\"1conferencia00001\" width=\"650\" height=\"412\" \/><\/a><\/p>\n<p><span style=\"color: #000000;\">Tamb\u00e9m foram realizadas pr\u00e9-confer\u00eancias nos distritos de Barrol\u00e2ndia, Santa Maria Eterna e Boca do C\u00f3rrego.<\/span><br \/>\n<span style=\"color: #000000;\">A Confer\u00eancia Municipal de Sa\u00fade \u00e9 uma realiza\u00e7\u00e3o da Secretaria Municipal de Saude, Conselho Municipal de Sa\u00fade e Prefeitura Belmonte.<\/span><\/p>\n<p><span style=\"color: #000000;\">A Prefeita Alice Maria comentou com nossa equipe que achou positivo os pontos que foram abordados durante a confer\u00eancia e acredita que, com a participa\u00e7\u00e3o de todos, Belmonte poder\u00e1 progredir na \u00e1rea. \u201c\u00c9 preciso se ter um di\u00e1logo aberto com a comunidade e mostrar que, mesmo em tempos de crises e quedas de repasses, estamos lutando para dar uma sa\u00fade digna para a popula\u00e7\u00e3o e o nosso objetivo \u00e9 ter a comunidade como parceira nessa luta. \u201d \u2013 Comentou a Prefeita Alice Maria.<\/span><\/p>\n","protected":false},"excerpt":{"rendered":"<p>A Prefeitura de Belmonte, por meio da Secretaria de Sa\u00fade, promoveu nesta sexta-feira, 10\/07, a 3\u00aa Confer\u00eancia Municipal de Sa\u00fade. A solenidade de abertura contou com a presen\u00e7a da Prefeita Alice Maria, do Presidente da C\u00e2mara de Vereadores, Alvino Matos, Secret\u00e1rio de Sa\u00fade, Marcio Rocha, al\u00e9m da participa\u00e7\u00e3o de autoridades, Vereadores, Secretariado Municipal, profissionais da [&hellip;]<\/p>\n","protected":false},"author":7,"featured_media":8138,"comment_status":"open","ping_status":"open","sticky":false,"template":"","format":"standard","meta":{"footnotes":""},"categories":[1,28],"tags":[108],"class_list":["post-8137","post","type-post","status-publish","format-standard","has-post-thumbnail","hentry","category-noticias","category-saude-noticias","tag-belmonte"],"_links":{"self":[{"href":"https:\/\/www.maisbn.com\/portal\/wp-json\/wp\/v2\/posts\/8137","targetHints":{"allow":["GET"]}}],"collection":[{"href":"https:\/\/www.maisbn.com\/portal\/wp-json\/wp\/v2\/posts"}],"about":[{"href":"https:\/\/www.maisbn.com\/portal\/wp-json\/wp\/v2\/types\/post"}],"author":[{"embeddable":true,"href":"https:\/\/www.maisbn.com\/portal\/wp-json\/wp\/v2\/users\/7"}],"replies":[{"embeddable":true,"href":"https:\/\/www.maisbn.com\/portal\/wp-json\/wp\/v2\/comments?post=8137"}],"version-history":[{"count":3,"href":"https:\/\/www.maisbn.com\/portal\/wp-json\/wp\/v2\/posts\/8137\/revisions"}],"predecessor-version":[{"id":8144,"href":"https:\/\/www.maisbn.com\/portal\/wp-json\/wp\/v2\/posts\/8137\/revisions\/8144"}],"wp:featuredmedia":[{"embeddable":true,"href":"https:\/\/www.maisbn.com\/portal\/wp-json\/wp\/v2\/media\/8138"}],"wp:attachment":[{"href":"https:\/\/www.maisbn.com\/portal\/wp-json\/wp\/v2\/media?parent=8137"}],"wp:term":[{"taxonomy":"category","embeddable":true,"href":"https:\/\/www.maisbn.com\/portal\/wp-json\/wp\/v2\/categories?post=8137"},{"taxonomy":"post_tag","embeddable":true,"href":"https:\/\/www.maisbn.com\/portal\/wp-json\/wp\/v2\/tags?post=8137"}],"curies":[{"name":"wp","href":"https:\/\/api.w.org\/{rel}","templated":true}]}}