{"id":8110,"date":"2015-07-06T19:21:54","date_gmt":"2015-07-06T22:21:54","guid":{"rendered":"http:\/\/www.maisbn.com\/portal\/?p=8110"},"modified":"2015-07-06T19:21:54","modified_gmt":"2015-07-06T22:21:54","slug":"programa-mais-arvores-bahia-lanca-dia-de-campo-em-quatro-regioes-da-bahia","status":"publish","type":"post","link":"https:\/\/www.maisbn.com\/portal\/2015\/07\/programa-mais-arvores-bahia-lanca-dia-de-campo-em-quatro-regioes-da-bahia\/","title":{"rendered":"Programa Mais \u00c1rvores Bahia lan\u00e7a \u2018Dia de Campo\u2019 em quatro regi\u00f5es da Bahia"},"content":{"rendered":"<p><a href=\"http:\/\/www.maisbn.com\/portal\/wp-content\/uploads\/2015\/07\/mais_arvores.jpg\"><img loading=\"lazy\" decoding=\"async\" class=\"aligncenter size-full wp-image-8111\" src=\"http:\/\/www.maisbn.com\/portal\/wp-content\/uploads\/2015\/07\/mais_arvores.jpg\" alt=\"mais_arvores\" width=\"880\" height=\"401\" \/><\/a>De 08 a 17 de julho, o Time Agro Brasil da Confedera\u00e7\u00e3o da Agricultura e Pecu\u00e1ria do Brasil (CNA) ir\u00e1 realizar dias de campo em quatro regi\u00f5es da Bahia focando em dois temas principais do Programa Mais \u00c1rvores: Manejo Florestal para Usos m\u00faltiplos da Madeira e Gest\u00e3o da Propriedade Rural (conforme programa\u00e7\u00e3o abaixo). Os demais m\u00f3dulos do programa e a instala\u00e7\u00e3o da unidade produtiva em cada regi\u00e3o est\u00e3o programados para 2016.<\/p>\n<p>&nbsp;<\/p>\n<p>Neste primeiro momento, que ser\u00e1 realizado de 08 a 17 de julho, cerca de 800 produtores de madeira de quatro regi\u00f5es da Bahia estar\u00e3o participando dos dias de campo. Dia 08\/07 (quarta) em Alagoinhas (Litoral Norte); dia 10\/07 (sexta) em Barreiras (Oeste); dia 14\/07 (ter\u00e7a) em Eun\u00e1polis (Sul) e em 17\/07 (sexta) em Vit\u00f3ria da Conquista (Sudoeste).<\/p>\n<p>&nbsp;<\/p>\n<p>Esta a\u00e7\u00e3o faz parte do Programa Mais \u00c1rvores da CNA que tem por objetivo incentivar o produtor rural a investir no plantio e manejo de florestas comerciais para usos m\u00faltiplos (produtos madeireiros e n\u00e3o madeireiros), com tecnologia aplicada, nas principais regi\u00f5es com aptid\u00e3o florestal do pa\u00eds. Para a sua realiza\u00e7\u00e3o, a CNA conta com o apoio das Federa\u00e7\u00f5es de Agricultura, SENAR regionais, Sindicatos Rurais e institui\u00e7\u00f5es parceiras, a exemplo da Associa\u00e7\u00e3o Baiana das Empresas de Base Florestal (ABAF).<\/p>\n<p>&nbsp;<\/p>\n<p>A metodologia consiste na implanta\u00e7\u00e3o de uma unidade produtiva florestal, em cada regi\u00e3o abrangida, em propriedade de produtor parceiro, que ser\u00e1 a vitrine florestal e local de realiza\u00e7\u00e3o de cinco m\u00f3dulos do programa: 1. Sistemas agroflorestais e solos florestais; 2. Manejo florestal para usos m\u00faltiplos; 3. Legisla\u00e7\u00e3o florestal, CAR e oportunidades de renda nas \u00e1reas de reserva legal; 4. Linhas de cr\u00e9dito e certifica\u00e7\u00e3o florestal; 5. Gest\u00e3o da propriedade rural. Os m\u00f3dulos ser\u00e3o realizados mensalmente e ter\u00e3o a carga hor\u00e1ria de 8 horas cada.<\/p>\n<p>&nbsp;<\/p>\n<p>O evento \u00e9 uma realiza\u00e7\u00e3o Time Agro Brasil e tem como parceiros: CNA, SEBRAE, FAEB\/SENAR, ABAF, SINEFLOR (Norte), AIBA e Sindicato dos Produtores Rurais de Barreiras (Oeste), ASSOSSIL (Sudoeste) e ASPEX (Sul).<\/p>\n<p>&nbsp;<\/p>\n<p><strong>Programa Mais \u00c1rvores Bahia <\/strong><\/p>\n<p>&nbsp;<\/p>\n<p>Na Bahia, esta a\u00e7\u00e3o conta com a participa\u00e7\u00e3o da ABAF, com o Programa Mais \u00c1rvores Bahia. \u201cEstamos em uma nova fase do Programa Mais \u00c1rvores Bahia que est\u00e1 avan\u00e7ando muito bem em seus dois segmentos de trabalho. O Projeto Ind\u00fastria, que tem como objetivo a implanta\u00e7\u00e3o de polos madeireiros, come\u00e7ou em Teixeira de Freitas (Extremo Sul da Bahia), onde j\u00e1 existe um projeto piloto de polo madeireiro. Na regi\u00e3o foi definido um projeto para<\/p>\n<p>2015 e outro com a\u00e7\u00f5es complementares para ser executado entre 2016 e 2019. O Projeto Produ\u00e7\u00e3o, outro segmento de trabalho, tem in\u00edcio em julho de 2015 com a realiza\u00e7\u00e3o do programa Mais \u00c1rvores da CNA que inclui cinco m\u00f3dulos sequenciais na modalidade Dia de Campo\u201d, explica o diretor executivo da ABAF, Wilson Andrade.<\/p>\n<p>&nbsp;<\/p>\n<p>\u201cVale destacar a abrang\u00eancia do Programa Mais \u00c1rvores Bahia que trabalha ao mesmo tempo com os tr\u00eas v\u00e9rtices do tri\u00e2ngulo compreendido por: produtores de madeira; compradores e processadores de madeira; e consumidores finais no estado, atrav\u00e9s das revendas de madeira, ind\u00fastrias de m\u00f3veis e constru\u00e7\u00e3o civil\u201d, completa Wilson Andrade.<\/p>\n<p>&nbsp;<\/p>\n<p>O Programa do Mais \u00c1rvores Bahia conta com a coordena\u00e7\u00e3o local das entidades regionais que agregam os produtores de eucalipto: Aspex (Associa\u00e7\u00e3o dos Produtores de Eucalipto do Extremo Sul Bahia), Assosil (Associa\u00e7\u00e3o dos Silvicultores do Sudoeste da Bahia), Sineflor (Sindicato das Empresas Florestais da Bahia que atua no Litoral Norte), e Aiba (Associa\u00e7\u00e3o de Agricultores e Irrigantes da Bahia, no Oeste).<\/p>\n<p>&nbsp;<\/p>\n<p><strong>Programa\u00e7\u00e3o: <\/strong><\/p>\n<p>8h &#8211; 8h30: Credenciamento e entrega dos kits.<\/p>\n<p>8h30- 9h: Caf\u00e9 da manh\u00e3 de boas-vindas.<\/p>\n<p>9h \u00e0s 12h20: <strong>Workshop <\/strong><\/p>\n<p><strong>Programa Mais \u00c1rvores Bahia<\/strong>. Por Wilson Andrade\/ABAF<\/p>\n<p><strong>Time Agro Brasil<\/strong>. Respons\u00e1vel: Emanuela Da Rin Paranhos<\/p>\n<p><strong>Programa Mais \u00c1rvores. <\/strong>Respons\u00e1vel: Camila Braga\/CNA<\/p>\n<p><strong>Silvicultura como Oportunidade de Neg\u00f3cios; Manejo para usos m\u00faltiplos e SAF\/ILPF; Solos e variedades florestais. <\/strong>Respons\u00e1vel: Pedro Francio Filho\/Unisafe Consultoria<\/p>\n<p><strong>Gest\u00e3o da propriedade rural; Rentabilidade de madeira para usos m\u00faltiplos; Linhas de cr\u00e9dito. <\/strong>Respons\u00e1vel: Diego Oliveira\/Centro de Intelig\u00eancia em Mercados (UFLA).<\/p>\n<p>12h20 \u2013 13h30: Almo\u00e7o e network<\/p>\n<p>14h \u2013 17h30 \u2013 <strong>Visita t\u00e9cnica. <\/strong><\/p>\n<p>&nbsp;<\/p>\n<p><strong>Parceiros <\/strong>Este trabalho conta com os seguintes parceiros: CNA (Confedera\u00e7\u00e3o da Agricultura e Pecu\u00e1ria do Brasil), Faeb (Federa\u00e7\u00e3o da Agricultura e Pecu\u00e1ria do Estado da Bahia), Senar (Servi\u00e7o Nacional de Aprendizagem Rural), Sebrae (Servi\u00e7o Brasileiro de Apoio \u00e0s Micro e Pequenas Empresas), Fieb (Federa\u00e7\u00e3o das Ind\u00fastrias da Bahia), Senai (Servi\u00e7o Nacional de Aprendizagem Industrial), Aiba (Associa\u00e7\u00e3o de Agricultores e Irrigantes da Bahia), Seagri (Secretaria da Agricultura, Pecu\u00e1ria, Irriga\u00e7\u00e3o, Reforma Agr\u00e1ria, Pesca e Aquicultura da Bahia), SDE (Secretaria de Desenvolvimento Econ\u00f4mico da Bahia), Sudic\/BA (Superintend\u00eancia de Desenvolvimento Industrial e Comercial), F\u00f3rum Florestal do Sul e Extremo Sul da Bahia, Aspex (Associa\u00e7\u00e3o dos Produtores de Eucalipto do Extremo Sul Bahia), Assosil (Associa\u00e7\u00e3o dos Silvicultores do Sudoeste da Bahia), Sineflor (Sindicato das Empresas Florestais da Bahia), Sindpacel (Sindicato das Ind\u00fastrias de Papel, Celulose, Papel\u00e3o, Pasta de Madeira para Papel e Artefatos de Papel e Papel\u00e3o), Sindicato dos Produtores Rurais de Barreiras, Sindimol (Sindicato das Ind\u00fastrias da Madeira e do Mobili\u00e1rio do Esp\u00edrito Santo), Ag\u00eancia da Madeira (PR), Moveba (Sindicato da Ind\u00fastria do Mobili\u00e1rio do Estado da Bahia), UFSB (Universidade Federal do Sul da Bahia), UFBA (Universidade Federal da Bahia) e ABAF (Associa\u00e7\u00e3o Baiana das Empresas de Base Florestal).<\/p>\n<p>&nbsp;<\/p>\n<p><a href=\"http:\/\/www.maisbn.com\/portal\/wp-content\/uploads\/2015\/07\/convite-e-programacao_dias-de-campo.jpeg\"><img loading=\"lazy\" decoding=\"async\" class=\"aligncenter size-full wp-image-8112\" src=\"http:\/\/www.maisbn.com\/portal\/wp-content\/uploads\/2015\/07\/convite-e-programacao_dias-de-campo.jpeg\" alt=\"convite e programacao_dias de campo\" width=\"448\" height=\"1280\" srcset=\"https:\/\/www.maisbn.com\/portal\/wp-content\/uploads\/2015\/07\/convite-e-programacao_dias-de-campo.jpeg 448w, https:\/\/www.maisbn.com\/portal\/wp-content\/uploads\/2015\/07\/convite-e-programacao_dias-de-campo-315x900.jpeg 315w, https:\/\/www.maisbn.com\/portal\/wp-content\/uploads\/2015\/07\/convite-e-programacao_dias-de-campo-350x1000.jpeg 350w\" sizes=\"auto, (max-width: 448px) 100vw, 448px\" \/><\/a><\/p>\n","protected":false},"excerpt":{"rendered":"<p>De 08 a 17 de julho, o Time Agro Brasil da Confedera\u00e7\u00e3o da Agricultura e Pecu\u00e1ria do Brasil (CNA) ir\u00e1 realizar dias de campo em quatro regi\u00f5es da Bahia focando em dois temas principais do Programa Mais \u00c1rvores: Manejo Florestal para Usos m\u00faltiplos da Madeira e Gest\u00e3o da Propriedade Rural (conforme programa\u00e7\u00e3o abaixo). Os demais [&hellip;]<\/p>\n","protected":false},"author":1,"featured_media":8111,"comment_status":"open","ping_status":"open","sticky":false,"template":"","format":"standard","meta":{"footnotes":""},"categories":[33,1],"tags":[241,30],"class_list":["post-8110","post","type-post","status-publish","format-standard","has-post-thumbnail","hentry","category-meio-ambiente","category-noticias","tag-meio-ambiente-2","tag-veracel"],"_links":{"self":[{"href":"https:\/\/www.maisbn.com\/portal\/wp-json\/wp\/v2\/posts\/8110","targetHints":{"allow":["GET"]}}],"collection":[{"href":"https:\/\/www.maisbn.com\/portal\/wp-json\/wp\/v2\/posts"}],"about":[{"href":"https:\/\/www.maisbn.com\/portal\/wp-json\/wp\/v2\/types\/post"}],"author":[{"embeddable":true,"href":"https:\/\/www.maisbn.com\/portal\/wp-json\/wp\/v2\/users\/1"}],"replies":[{"embeddable":true,"href":"https:\/\/www.maisbn.com\/portal\/wp-json\/wp\/v2\/comments?post=8110"}],"version-history":[{"count":1,"href":"https:\/\/www.maisbn.com\/portal\/wp-json\/wp\/v2\/posts\/8110\/revisions"}],"predecessor-version":[{"id":8113,"href":"https:\/\/www.maisbn.com\/portal\/wp-json\/wp\/v2\/posts\/8110\/revisions\/8113"}],"wp:featuredmedia":[{"embeddable":true,"href":"https:\/\/www.maisbn.com\/portal\/wp-json\/wp\/v2\/media\/8111"}],"wp:attachment":[{"href":"https:\/\/www.maisbn.com\/portal\/wp-json\/wp\/v2\/media?parent=8110"}],"wp:term":[{"taxonomy":"category","embeddable":true,"href":"https:\/\/www.maisbn.com\/portal\/wp-json\/wp\/v2\/categories?post=8110"},{"taxonomy":"post_tag","embeddable":true,"href":"https:\/\/www.maisbn.com\/portal\/wp-json\/wp\/v2\/tags?post=8110"}],"curies":[{"name":"wp","href":"https:\/\/api.w.org\/{rel}","templated":true}]}}