{"id":8056,"date":"2015-06-30T01:23:59","date_gmt":"2015-06-30T04:23:59","guid":{"rendered":"http:\/\/www.maisbn.com\/portal\/?p=8056"},"modified":"2015-06-30T01:26:50","modified_gmt":"2015-06-30T04:26:50","slug":"bairros-sao-benedito-e-bom-jardim-sofrem-com-as-grandes-chuvas-que-caem-em-belmonte","status":"publish","type":"post","link":"https:\/\/www.maisbn.com\/portal\/2015\/06\/bairros-sao-benedito-e-bom-jardim-sofrem-com-as-grandes-chuvas-que-caem-em-belmonte\/","title":{"rendered":"Bairros S\u00e3o Benedito e Bom Jardim sofrem com as grandes chuvas que caem em Belmonte."},"content":{"rendered":"<p><a href=\"http:\/\/www.maisbn.com\/portal\/wp-content\/uploads\/2015\/06\/saobenedito00003.jpg\"><img loading=\"lazy\" decoding=\"async\" class=\"aligncenter size-full wp-image-8057\" src=\"http:\/\/www.maisbn.com\/portal\/wp-content\/uploads\/2015\/06\/saobenedito00003.jpg\" alt=\"saobenedito00003\" width=\"412\" height=\"650\" \/><\/a><\/p>\n<p><span style=\"color: #000000;\">Belmonte ainda est\u00e1 sofrendo os efeitos das chuvas que castigou a cidade nesse fim de semana. Nesta segunda-feira (29\/06) pela manh\u00e3, durante a t\u00e3o esperada estiagem, deu para se ver a extens\u00e3o dos danos causados. As regi\u00f5es mais afetadas foram os bairros do Bom Jardim e S\u00e3o Benedito. As duas localidades est\u00e3o com v\u00e1rias ruas e casas alagadas.<\/span><\/p>\n<p><a href=\"http:\/\/www.maisbn.com\/portal\/wp-content\/uploads\/2015\/06\/saobenedito00007.jpg\"><img loading=\"lazy\" decoding=\"async\" class=\"aligncenter size-full wp-image-8058\" src=\"http:\/\/www.maisbn.com\/portal\/wp-content\/uploads\/2015\/06\/saobenedito00007.jpg\" alt=\"saobenedito00007\" width=\"650\" height=\"412\" \/><\/a><\/p>\n<p><span style=\"color: #000000;\">Algumas ruas viraram verdadeiros rios impedindo a passagem de ve\u00edculos e a popula\u00e7\u00e3o teme a transmiss\u00e3o de doen\u00e7as por causa dos ac\u00famulos de \u00e1gua. Nossa equipe recebeu durante o dia informa\u00e7\u00f5es de que as equipes de sa\u00fade e da assist\u00eancia social da Prefeitura Municipal de Belmonte j\u00e1 est\u00e3o desenvolvendo a\u00e7\u00f5es para acolher os moradores que se encontram em dificuldades e que a Secretaria Municipal de Infraestrutura j\u00e1 estuda os estragos e as provid\u00eancias que ser\u00e3o tomadas nos pr\u00f3ximos dias.<\/span><\/p>\n<p><a href=\"http:\/\/www.maisbn.com\/portal\/wp-content\/uploads\/2015\/06\/WP_20150629_002.jpg\"><img loading=\"lazy\" decoding=\"async\" class=\"aligncenter size-full wp-image-8061\" src=\"http:\/\/www.maisbn.com\/portal\/wp-content\/uploads\/2015\/06\/WP_20150629_002.jpg\" alt=\"WP_20150629_002\" width=\"640\" height=\"360\" \/><\/a><\/p>\n<p><span style=\"color: #000000;\">Hoje pela tarde, para ajudar no escoamento mais r\u00e1pido da \u00e1gua, uma retroescavadeira da Prefeitura Municipal de Belmonte cavou uma vala no meio da pista que d\u00e1 acesso \u00e0 Praia do Mar Moreno. Nossa equipe esteve no local e ficou impressionada com o volume de vaz\u00e3o de \u00e1guas que estava acontecendo no local. &#8220;Eu sei que estamos dificultando o acesso \u00e0 Praia do Mar Moreno mas, no momento, temos que nos preocupar com as pessoas que est\u00e3o sofrendo e os danos ser\u00e3o consertados assim que conseguirmos escoar esse grande volume de \u00e1guas. N\u00e3o podemos deixar essa \u00e1gua represada alagando as ruas e trazendo perigo para os moradores desses bairros.&#8221; &#8211; Comentou o Sr. Carlos Cruz, Secret\u00e1rio Municipal de Infraestrutura.<\/span><\/p>\n<p><a href=\"http:\/\/www.maisbn.com\/portal\/wp-content\/uploads\/2015\/06\/WP_20150629_003.jpg\"><img loading=\"lazy\" decoding=\"async\" class=\"aligncenter size-full wp-image-8062\" src=\"http:\/\/www.maisbn.com\/portal\/wp-content\/uploads\/2015\/06\/WP_20150629_003.jpg\" alt=\"WP_20150629_003\" width=\"640\" height=\"360\" \/><\/a><\/p>\n<p><span style=\"color: #000000;\">Alguns moradores desses dois bairros citados temem que a chuva n\u00e3o cesse e j\u00e1 se preparam para abandonar as suas casas se as chuvas voltarem a cair e aumentar o volume das \u00e1guas que est\u00e3o alagando, praticamente, todas as ruas da localidade.<\/span><\/p>\n","protected":false},"excerpt":{"rendered":"<p>Belmonte ainda est\u00e1 sofrendo os efeitos das chuvas que castigou a cidade nesse fim de semana. Nesta segunda-feira (29\/06) pela manh\u00e3, durante a t\u00e3o esperada estiagem, deu para se ver a extens\u00e3o dos danos causados. As regi\u00f5es mais afetadas foram os bairros do Bom Jardim e S\u00e3o Benedito. As duas localidades est\u00e3o com v\u00e1rias ruas [&hellip;]<\/p>\n","protected":false},"author":7,"featured_media":8060,"comment_status":"open","ping_status":"open","sticky":false,"template":"","format":"standard","meta":{"footnotes":""},"categories":[45,1],"tags":[108],"class_list":["post-8056","post","type-post","status-publish","format-standard","has-post-thumbnail","hentry","category-cidades","category-noticias","tag-belmonte"],"_links":{"self":[{"href":"https:\/\/www.maisbn.com\/portal\/wp-json\/wp\/v2\/posts\/8056","targetHints":{"allow":["GET"]}}],"collection":[{"href":"https:\/\/www.maisbn.com\/portal\/wp-json\/wp\/v2\/posts"}],"about":[{"href":"https:\/\/www.maisbn.com\/portal\/wp-json\/wp\/v2\/types\/post"}],"author":[{"embeddable":true,"href":"https:\/\/www.maisbn.com\/portal\/wp-json\/wp\/v2\/users\/7"}],"replies":[{"embeddable":true,"href":"https:\/\/www.maisbn.com\/portal\/wp-json\/wp\/v2\/comments?post=8056"}],"version-history":[{"count":4,"href":"https:\/\/www.maisbn.com\/portal\/wp-json\/wp\/v2\/posts\/8056\/revisions"}],"predecessor-version":[{"id":8066,"href":"https:\/\/www.maisbn.com\/portal\/wp-json\/wp\/v2\/posts\/8056\/revisions\/8066"}],"wp:featuredmedia":[{"embeddable":true,"href":"https:\/\/www.maisbn.com\/portal\/wp-json\/wp\/v2\/media\/8060"}],"wp:attachment":[{"href":"https:\/\/www.maisbn.com\/portal\/wp-json\/wp\/v2\/media?parent=8056"}],"wp:term":[{"taxonomy":"category","embeddable":true,"href":"https:\/\/www.maisbn.com\/portal\/wp-json\/wp\/v2\/categories?post=8056"},{"taxonomy":"post_tag","embeddable":true,"href":"https:\/\/www.maisbn.com\/portal\/wp-json\/wp\/v2\/tags?post=8056"}],"curies":[{"name":"wp","href":"https:\/\/api.w.org\/{rel}","templated":true}]}}