{"id":7968,"date":"2015-06-22T16:43:01","date_gmt":"2015-06-22T19:43:01","guid":{"rendered":"http:\/\/www.maisbn.com\/portal\/?p=7968"},"modified":"2015-06-22T22:42:51","modified_gmt":"2015-06-23T01:42:51","slug":"sao-joao-em-barrolandia-esta-pegando-fogo-e-milhares-de-pessoas-estao-curtindo-a-festividade","status":"publish","type":"post","link":"https:\/\/www.maisbn.com\/portal\/2015\/06\/sao-joao-em-barrolandia-esta-pegando-fogo-e-milhares-de-pessoas-estao-curtindo-a-festividade\/","title":{"rendered":"S\u00e3o Jo\u00e3o em Barrol\u00e2ndia est\u00e1 pegando fogo e milhares de pessoas est\u00e3o curtindo a festividade."},"content":{"rendered":"<p><a href=\"http:\/\/www.maisbn.com\/portal\/wp-content\/uploads\/2015\/06\/2diaembarrolandia00136.jpg\"><img loading=\"lazy\" decoding=\"async\" class=\"aligncenter size-full wp-image-7969\" src=\"http:\/\/www.maisbn.com\/portal\/wp-content\/uploads\/2015\/06\/2diaembarrolandia00136.jpg\" alt=\"2diaembarrolandia00136\" width=\"650\" height=\"412\" \/><\/a><\/p>\n<p><span style=\"color: #000000;\">O arrasta-p\u00e9 em Barrol\u00e2ndia est\u00e1 pegando fogo. Estamos falando dos festejos juninos que est\u00e3o acontecendo no distrito e que est\u00e3o deslocando um grande n\u00famero de pessoas para curtir o leg\u00edtimo S\u00e3o Jo\u00e3o do interior.<\/span><\/p>\n<div id=\"attachment_7970\" style=\"width: 610px\" class=\"wp-caption aligncenter\"><a href=\"http:\/\/www.maisbn.com\/portal\/wp-content\/uploads\/2015\/06\/mosaico_paredao.jpg\"><img loading=\"lazy\" decoding=\"async\" aria-describedby=\"caption-attachment-7970\" class=\"wp-image-7970 size-full\" src=\"http:\/\/www.maisbn.com\/portal\/wp-content\/uploads\/2015\/06\/mosaico_paredao.jpg\" alt=\"mosaico_paredao\" width=\"600\" height=\"400\" \/><\/a><p id=\"caption-attachment-7970\" class=\"wp-caption-text\">Encontro de Pared\u00f5es de Som em Barrol\u00e2ndia.<\/p><\/div>\n<p><span style=\"color: #000000;\">A festa come\u00e7ou no \u00faltimo s\u00e1bado (20\/06) com o Grande Encontro dos Pared\u00f5es de Som. Os famosos pared\u00f5es s\u00e3o os carros onde os seus propriet\u00e1rios instalam sons ultra potentes que chegam a ter o poder de volume de um Trio El\u00e9trico. Al\u00e9m do grande som, o que se destaca tamb\u00e9m nesses equipamentos \u00e9 a beleza das ornamenta\u00e7\u00f5es das aparelhagens e caixas de som. Um grande n\u00famero de Pared\u00f5es compareceu ao evento e a que mais chamou a aten\u00e7\u00e3o foi a famosa Carreta Fein que \u00e9 reconhecida em toda a regi\u00e3o pela sua capacidade de som e pela beleza de sua aparelhagem.<\/span><\/p>\n<p><a href=\"http:\/\/www.maisbn.com\/portal\/wp-content\/uploads\/2015\/06\/2diaembarrolandia00047.jpg\"><img loading=\"lazy\" decoding=\"async\" class=\"aligncenter size-full wp-image-7971\" src=\"http:\/\/www.maisbn.com\/portal\/wp-content\/uploads\/2015\/06\/2diaembarrolandia00047.jpg\" alt=\"2diaembarrolandia00047\" width=\"650\" height=\"412\" \/><\/a><\/p>\n<p><span style=\"color: #000000;\">No domingo (21\/06) a abertura da festa ficou por conta da Quadrilha Junina Unidos da Ponta de Areia que deixou o grande p\u00fablico admirado com as suas bem ensaiadas evolu\u00e7\u00f5es. Quem esteve presente tamb\u00e9m ao evento foi a Prefeita Alice Britto e toda a sua comitiva que foi bem recebida em todas as barracas aonde passou demonstrando que tem uma grande for\u00e7a pol\u00edtica no distrito que costuma a decidir os resultados das corridas eleitorais belmontenses. \u201cEu sempre sou bem recebida quando venho a Barrol\u00e2ndia. Eu tenho um grande carinho por esse povo e agrade\u00e7o a confian\u00e7a que os moradores daqui depositam em min. Temos feitos muitas obras aqui em Barrol\u00e2ndia e muitas coisas ainda est\u00e3o por vir.\u201d \u2013 Comentou a Prefeita Alice Britto.<\/span><\/p>\n<p><a href=\"http:\/\/www.maisbn.com\/portal\/wp-content\/uploads\/2015\/06\/mosaico_forro.jpg\"><img loading=\"lazy\" decoding=\"async\" class=\"aligncenter size-full wp-image-7972\" src=\"http:\/\/www.maisbn.com\/portal\/wp-content\/uploads\/2015\/06\/mosaico_forro.jpg\" alt=\"mosaico_forro\" width=\"600\" height=\"400\" \/><\/a><\/p>\n<p><span style=\"color: #000000;\">A Anima\u00e7\u00e3o da festa ficou por conta da Banda Pirigueto que abriu a noite com um repert\u00f3rio repleto de grandes sucessos do mundo do forr\u00f3. Logo ap\u00f3s quem comandou o Trio Avancine foi o cantor Marcelo Paix\u00e3o que apresentou um repert\u00f3rio rom\u00e2ntico repleto de muito arrocha que levou a formar o clima de azara\u00e7\u00e3o no circuito da festa. A \u00faltima atra\u00e7\u00e3o a se apresentar foi o grupo Forr\u00f3 Cigano que fechou a noite com um grande repert\u00f3rio de forr\u00f3 que levou a galera at\u00e9 as primeiras hora da manh\u00e3.<\/span><\/p>\n<p><a href=\"http:\/\/www.maisbn.com\/portal\/wp-content\/uploads\/2015\/06\/2diaembarrolandia00099.jpg\"><img loading=\"lazy\" decoding=\"async\" class=\"aligncenter size-full wp-image-7973\" src=\"http:\/\/www.maisbn.com\/portal\/wp-content\/uploads\/2015\/06\/2diaembarrolandia00099.jpg\" alt=\"2diaembarrolandia00099\" width=\"650\" height=\"412\" \/><\/a><\/p>\n<p><span style=\"color: #000000;\">A festa ainda continua, muitas emo\u00e7\u00f5es ainda ir\u00e3o acontecer e muitas atra\u00e7\u00f5es ainda ir\u00e3o comandar o Trio Avancine e balan\u00e7ar\u00e3o a galera.<\/span><\/p>\n<p><span style=\"color: #000000;\">Terminamos essa primeira etapa da nossa cobertura do S\u00e3o Jo\u00e3o 2015 em Belmonte agradecendo \u00e0 Prefeita Alice Britto pelo apoio e \u00e0 equipe de organiza\u00e7\u00e3o formada pelos amigos Vaninho, X\u00eara, Alex Avancine e Marcos Passos. Tamb\u00e9m informamos que toda a equipe do MaisBN estar\u00e1 nos circuitos do S\u00e3o Jo\u00e3o belmontense registrando todos os fatos e levando a alegria dos belmontenses para o mundo.<\/span><\/p>\n","protected":false},"excerpt":{"rendered":"<p>O arrasta-p\u00e9 em Barrol\u00e2ndia est\u00e1 pegando fogo. Estamos falando dos festejos juninos que est\u00e3o acontecendo no distrito e que est\u00e3o deslocando um grande n\u00famero de pessoas para curtir o leg\u00edtimo S\u00e3o Jo\u00e3o do interior. A festa come\u00e7ou no \u00faltimo s\u00e1bado (20\/06) com o Grande Encontro dos Pared\u00f5es de Som. Os famosos pared\u00f5es s\u00e3o os carros [&hellip;]<\/p>\n","protected":false},"author":7,"featured_media":7969,"comment_status":"open","ping_status":"open","sticky":false,"template":"","format":"standard","meta":{"footnotes":""},"categories":[1],"tags":[],"class_list":["post-7968","post","type-post","status-publish","format-standard","has-post-thumbnail","hentry","category-noticias"],"_links":{"self":[{"href":"https:\/\/www.maisbn.com\/portal\/wp-json\/wp\/v2\/posts\/7968","targetHints":{"allow":["GET"]}}],"collection":[{"href":"https:\/\/www.maisbn.com\/portal\/wp-json\/wp\/v2\/posts"}],"about":[{"href":"https:\/\/www.maisbn.com\/portal\/wp-json\/wp\/v2\/types\/post"}],"author":[{"embeddable":true,"href":"https:\/\/www.maisbn.com\/portal\/wp-json\/wp\/v2\/users\/7"}],"replies":[{"embeddable":true,"href":"https:\/\/www.maisbn.com\/portal\/wp-json\/wp\/v2\/comments?post=7968"}],"version-history":[{"count":4,"href":"https:\/\/www.maisbn.com\/portal\/wp-json\/wp\/v2\/posts\/7968\/revisions"}],"predecessor-version":[{"id":7977,"href":"https:\/\/www.maisbn.com\/portal\/wp-json\/wp\/v2\/posts\/7968\/revisions\/7977"}],"wp:featuredmedia":[{"embeddable":true,"href":"https:\/\/www.maisbn.com\/portal\/wp-json\/wp\/v2\/media\/7969"}],"wp:attachment":[{"href":"https:\/\/www.maisbn.com\/portal\/wp-json\/wp\/v2\/media?parent=7968"}],"wp:term":[{"taxonomy":"category","embeddable":true,"href":"https:\/\/www.maisbn.com\/portal\/wp-json\/wp\/v2\/categories?post=7968"},{"taxonomy":"post_tag","embeddable":true,"href":"https:\/\/www.maisbn.com\/portal\/wp-json\/wp\/v2\/tags?post=7968"}],"curies":[{"name":"wp","href":"https:\/\/api.w.org\/{rel}","templated":true}]}}