{"id":7920,"date":"2015-06-14T19:20:42","date_gmt":"2015-06-14T22:20:42","guid":{"rendered":"http:\/\/www.maisbn.com\/portal\/?p=7920"},"modified":"2015-06-14T19:20:42","modified_gmt":"2015-06-14T22:20:42","slug":"ufsb-sediara-semana-da-mata-atlantica-em-porto-seguro","status":"publish","type":"post","link":"https:\/\/www.maisbn.com\/portal\/2015\/06\/ufsb-sediara-semana-da-mata-atlantica-em-porto-seguro\/","title":{"rendered":"UFSB sediar\u00e1 Semana da Mata Atl\u00e2ntica em Porto Seguro."},"content":{"rendered":"<p><a href=\"http:\/\/www.maisbn.com\/portal\/wp-content\/uploads\/2015\/06\/mata_atlantica_porto_seguro.jpg\"><img loading=\"lazy\" decoding=\"async\" class=\"aligncenter size-full wp-image-7921\" src=\"http:\/\/www.maisbn.com\/portal\/wp-content\/uploads\/2015\/06\/mata_atlantica_porto_seguro.jpg\" alt=\"mata_atlantica_porto_seguro\" width=\"600\" height=\"399\" \/><\/a><\/p>\n<p><span style=\"color: #000000;\">O encontro acontece nos dias 27 a 30 de maio, discutir\u00e1, atrav\u00e9s de palestras, mesas e visitas, li\u00e7\u00f5es aprendidas e perspectivas de a\u00e7\u00f5es de conserva\u00e7\u00e3o e recupera\u00e7\u00e3o da Mata Atl\u00e2ntica que contribuem para a mitiga\u00e7\u00e3o e adapta\u00e7\u00e3o \u00e0 mudan\u00e7a do clima.<\/span><\/p>\n<p><span style=\"color: #000000;\">Al\u00e9m de sediar o evento, a UFSB far\u00e1 uma apresenta\u00e7\u00e3o da proposta da Institui\u00e7\u00e3o para pesquisas em rela\u00e7\u00e3o \u00e0 conserva\u00e7\u00e3o da Mata Atl\u00e2ntica. O decano do Centro de Forma\u00e7\u00e3o em Ci\u00eancias e Tecnologias Agroflorestais da Universidade, Daniel Piotto, far\u00e1 uma palestra sobre a atua\u00e7\u00e3o em rede dos Centros de Refer\u00eancia em prol da Mata Atl\u00e2ntica. Tamb\u00e9m haver\u00e1 debates sobre o PEC 215 e o futuro das terras ind\u00edgenas e unidades de conserva\u00e7\u00e3o, informa\u00e7\u00f5es in\u00e9ditas e lan\u00e7amento de publica\u00e7\u00f5es e cartilhas.<\/span><\/p>\n<p><span style=\"color: #000000;\">A abertura contar\u00e1 com a presen\u00e7a do Secret\u00e1rio Estadual de Meio Ambiente da Bahia, dos Secret\u00e1rios Municipais de Meio Ambiente e de Planejamento de Porto Seguro, representantes do Minist\u00e9rio do Meio Ambiente, da RBMA, da RMA, da GIZ e KfW e da UFSB.<\/span><\/p>\n<p><span style=\"color: #000000;\">Adriano Wild, um dos coordenadores do evento, tem a expectativa que o encontro aumente a visibilidade da cidade e da Universidade, refor\u00e7ando o conceito da regi\u00e3o como \u00e1rea priorit\u00e1ria para conserva\u00e7\u00e3o do Bioma Mata Atl\u00e2ntica e para o desenvolvimento de pr\u00e1ticas sustent\u00e1veis.<\/span><\/p>\n","protected":false},"excerpt":{"rendered":"<p>O encontro acontece nos dias 27 a 30 de maio, discutir\u00e1, atrav\u00e9s de palestras, mesas e visitas, li\u00e7\u00f5es aprendidas e perspectivas de a\u00e7\u00f5es de conserva\u00e7\u00e3o e recupera\u00e7\u00e3o da Mata Atl\u00e2ntica que contribuem para a mitiga\u00e7\u00e3o e adapta\u00e7\u00e3o \u00e0 mudan\u00e7a do clima. Al\u00e9m de sediar o evento, a UFSB far\u00e1 uma apresenta\u00e7\u00e3o da proposta da Institui\u00e7\u00e3o [&hellip;]<\/p>\n","protected":false},"author":7,"featured_media":7921,"comment_status":"open","ping_status":"open","sticky":false,"template":"","format":"standard","meta":{"footnotes":""},"categories":[33,1],"tags":[435],"class_list":["post-7920","post","type-post","status-publish","format-standard","has-post-thumbnail","hentry","category-meio-ambiente","category-noticias","tag-belmonte-bahia-3"],"_links":{"self":[{"href":"https:\/\/www.maisbn.com\/portal\/wp-json\/wp\/v2\/posts\/7920","targetHints":{"allow":["GET"]}}],"collection":[{"href":"https:\/\/www.maisbn.com\/portal\/wp-json\/wp\/v2\/posts"}],"about":[{"href":"https:\/\/www.maisbn.com\/portal\/wp-json\/wp\/v2\/types\/post"}],"author":[{"embeddable":true,"href":"https:\/\/www.maisbn.com\/portal\/wp-json\/wp\/v2\/users\/7"}],"replies":[{"embeddable":true,"href":"https:\/\/www.maisbn.com\/portal\/wp-json\/wp\/v2\/comments?post=7920"}],"version-history":[{"count":1,"href":"https:\/\/www.maisbn.com\/portal\/wp-json\/wp\/v2\/posts\/7920\/revisions"}],"predecessor-version":[{"id":7922,"href":"https:\/\/www.maisbn.com\/portal\/wp-json\/wp\/v2\/posts\/7920\/revisions\/7922"}],"wp:featuredmedia":[{"embeddable":true,"href":"https:\/\/www.maisbn.com\/portal\/wp-json\/wp\/v2\/media\/7921"}],"wp:attachment":[{"href":"https:\/\/www.maisbn.com\/portal\/wp-json\/wp\/v2\/media?parent=7920"}],"wp:term":[{"taxonomy":"category","embeddable":true,"href":"https:\/\/www.maisbn.com\/portal\/wp-json\/wp\/v2\/categories?post=7920"},{"taxonomy":"post_tag","embeddable":true,"href":"https:\/\/www.maisbn.com\/portal\/wp-json\/wp\/v2\/tags?post=7920"}],"curies":[{"name":"wp","href":"https:\/\/api.w.org\/{rel}","templated":true}]}}