{"id":7883,"date":"2015-06-08T20:57:22","date_gmt":"2015-06-08T23:57:22","guid":{"rendered":"http:\/\/www.maisbn.com\/portal\/?p=7883"},"modified":"2015-06-08T20:57:22","modified_gmt":"2015-06-08T23:57:22","slug":"harpia-se-reintegra-com-sucesso-a-natureza","status":"publish","type":"post","link":"https:\/\/www.maisbn.com\/portal\/2015\/06\/harpia-se-reintegra-com-sucesso-a-natureza\/","title":{"rendered":"Harpia se reintegra com sucesso \u00e0 natureza."},"content":{"rendered":"<p><a href=\"http:\/\/www.maisbn.com\/portal\/wp-content\/uploads\/2015\/06\/monitoramento-harpia-11.04-2-700x467.jpg\"><img loading=\"lazy\" decoding=\"async\" class=\"aligncenter size-full wp-image-7884\" src=\"http:\/\/www.maisbn.com\/portal\/wp-content\/uploads\/2015\/06\/monitoramento-harpia-11.04-2-700x467.jpg\" alt=\"monitoramento-harpia-11.04-2-700x467\" width=\"700\" height=\"467\" \/><\/a><\/p>\n<p><span style=\"color: #000000;\">Seis meses ap\u00f3s a soltura da terceira harpia \u2013 tamb\u00e9m conhecida como gavi\u00e3o-real, evid\u00eancias mostram sua total reintegra\u00e7\u00e3o \u00e0 natureza. Isso \u00e9 comprovado pelo monitoramento feito por meio de telemetria (VHF) e por pontos detectados por sat\u00e9lite.<\/span><\/p>\n<p><span style=\"color: #000000;\">A soltura da harpia aconteceu em dezembro do ano passado em uma \u00e1rea de Mata Atl\u00e2ntica do Parque Nacional do Pau Brasil (PARNA-PAU BRASIL), em Porto Seguro, no Sul da Bahia. A ave permaneceu por 28 meses em reabilita\u00e7\u00e3o na RPPN Esta\u00e7\u00e3o Veracel, onde \u00e9 desenvolvido o Projeto Harpia na Mata Atl\u00e2ntica. \u201cEm dez dias ap\u00f3s a soltura, j\u00e1 hav\u00edamos comprovado que ela tinha conseguido ca\u00e7ar. A ave j\u00e1 percorreu um quarto da \u00e1rea do PARNA. Considero a soltura um sucesso\u201d, comemorou Alexandro Ribeiro Dias, que tratou da harpia durante a reabilita\u00e7\u00e3o e tamb\u00e9m \u00e9 um dos respons\u00e1veis pelo monitoramento. Este monitoramento ser\u00e1 realizado durante os pr\u00f3ximos dois anos e meio em conjunto com o ICMBio.<\/span><\/p>\n<p><span style=\"color: #000000;\">De acordo com Dias, a equipe de monitoramento tamb\u00e9m tem conseguido provas de que a outra harpia, devolvida \u00e0 natureza h\u00e1 sete anos pelo mesmo Projeto, tamb\u00e9m permanece na regi\u00e3o. \u201cEla n\u00e3o est\u00e1 mais sendo monitorada, pois se adaptou ao ambiente. Ela tem sido avistada visitando os dois ninhos que construiu na \u00e1rea\u201d, revelou Dias. At\u00e9 o momento, n\u00e3o h\u00e1 registros de que tenha se reproduzido.<\/span><\/p>\n<p><span style=\"color: #000000;\">Para o chefe do PARNA Pau-Brasil,\u00a0F\u00e1bio Faraco, a not\u00edcia de que as duas harpias soltas no PARNA conseguiram se reintegrar \u00e0 natureza \u00e9 excepcional. \u201cA harpia \u00e9 um animal carn\u00edvoro, de topo de cadeia. A sobreviv\u00eancia dessas duas harpias prova que o parque possui uma fauna capaz de garantir sua sobreviv\u00eancia\u201d, destacou.<\/span><\/p>\n<p><span style=\"color: #000000;\">O Projeto Harpia na Mata Atl\u00e2ntica \u00e9 uma iniciativa voltada para a pesquisa, reabilita\u00e7\u00e3o, reintegra\u00e7\u00e3o e conserva\u00e7\u00e3o da popula\u00e7\u00e3o de harpias de vida livre que habitam as matas dos fragmentos florestais da RPPN Esta\u00e7\u00e3o Veracel, da CEPLAC e do PARNA Pau-Brasil no Sul da Bahia. O projeto \u00e9 desenvolvido com o apoio da Veracel Celulose, em parceria com o INPA, INPE, IBAMA, ICMBIO, UFES, CIPPA, CEMEVE, SOS Falconiformes, Biocev, ABFPAR, Raptor Controle Ambiental\u00a0 e CRAX.<\/span><\/p>\n<p><span style=\"color: #000000;\"><strong>Esta\u00e7\u00e3o Veracel<\/strong>\u00a0\u2013 A\u00a0RPPN Esta\u00e7\u00e3o Veracel foi criada em 5 de novembro de 1998. S\u00e3o 6.063 hectares de mata nativa preservados, entre os munic\u00edpios de Santa Cruz Cabr\u00e1lia e Porto Seguro, no Sul da Bahia. A \u00e1rea foi reconhecida como RPPN pelo Ibama, ou seja, \u00e9 uma \u00e1rea particular perpetuada com o objetivo de conservar a biodiversidade e promover pesquisa e educa\u00e7\u00e3o ambiental. Al\u00e9m disso,\u00a0 a \u00e1rea obteve ainda o reconhecimento da Organiza\u00e7\u00e3o das Na\u00e7\u00f5es Unidas para a Educa\u00e7\u00e3o, a Ci\u00eancia e a Cultura (UNESCO), como uma das reservas de Mata Atl\u00e2ntica inscritas como S\u00edtio do Patrim\u00f4nio\u00a0Mundial Natural. At\u00e9 2014, foram registradas na \u00e1rea da RPPN 691 esp\u00e9cies de plantas, 311 de aves e 28 de mam\u00edferos.<\/span><\/p>\n<p><span style=\"color: #000000;\"><strong>PARNA Pau- Brasil<\/strong> \u2013 \u00c9 uma \u00e1rea de Mata Atl\u00e2ntica de 19.027 hectares, coordenado pelo ICMBio, situado em Porto Seguro, no Sul da Bahia. Foi criado em abril de 1999 com o objetivo de preservar e conservar um fragmento do bioma Mata Atl\u00e2ntica.<\/span><\/p>\n<p><strong><span style=\"color: #ff0000;\"><em>ASCOM &#8211; Veracel<\/em><\/span><\/strong><\/p>\n","protected":false},"excerpt":{"rendered":"<p>Seis meses ap\u00f3s a soltura da terceira harpia \u2013 tamb\u00e9m conhecida como gavi\u00e3o-real, evid\u00eancias mostram sua total reintegra\u00e7\u00e3o \u00e0 natureza. Isso \u00e9 comprovado pelo monitoramento feito por meio de telemetria (VHF) e por pontos detectados por sat\u00e9lite. A soltura da harpia aconteceu em dezembro do ano passado em uma \u00e1rea de Mata Atl\u00e2ntica do Parque [&hellip;]<\/p>\n","protected":false},"author":7,"featured_media":7884,"comment_status":"open","ping_status":"open","sticky":false,"template":"","format":"standard","meta":{"footnotes":""},"categories":[33,1],"tags":[588],"class_list":["post-7883","post","type-post","status-publish","format-standard","has-post-thumbnail","hentry","category-meio-ambiente","category-noticias","tag-veracel-celulose-sa"],"_links":{"self":[{"href":"https:\/\/www.maisbn.com\/portal\/wp-json\/wp\/v2\/posts\/7883","targetHints":{"allow":["GET"]}}],"collection":[{"href":"https:\/\/www.maisbn.com\/portal\/wp-json\/wp\/v2\/posts"}],"about":[{"href":"https:\/\/www.maisbn.com\/portal\/wp-json\/wp\/v2\/types\/post"}],"author":[{"embeddable":true,"href":"https:\/\/www.maisbn.com\/portal\/wp-json\/wp\/v2\/users\/7"}],"replies":[{"embeddable":true,"href":"https:\/\/www.maisbn.com\/portal\/wp-json\/wp\/v2\/comments?post=7883"}],"version-history":[{"count":1,"href":"https:\/\/www.maisbn.com\/portal\/wp-json\/wp\/v2\/posts\/7883\/revisions"}],"predecessor-version":[{"id":7885,"href":"https:\/\/www.maisbn.com\/portal\/wp-json\/wp\/v2\/posts\/7883\/revisions\/7885"}],"wp:featuredmedia":[{"embeddable":true,"href":"https:\/\/www.maisbn.com\/portal\/wp-json\/wp\/v2\/media\/7884"}],"wp:attachment":[{"href":"https:\/\/www.maisbn.com\/portal\/wp-json\/wp\/v2\/media?parent=7883"}],"wp:term":[{"taxonomy":"category","embeddable":true,"href":"https:\/\/www.maisbn.com\/portal\/wp-json\/wp\/v2\/categories?post=7883"},{"taxonomy":"post_tag","embeddable":true,"href":"https:\/\/www.maisbn.com\/portal\/wp-json\/wp\/v2\/tags?post=7883"}],"curies":[{"name":"wp","href":"https:\/\/api.w.org\/{rel}","templated":true}]}}