{"id":7863,"date":"2015-06-04T21:45:24","date_gmt":"2015-06-05T00:45:24","guid":{"rendered":"http:\/\/www.maisbn.com\/portal\/?p=7863"},"modified":"2015-06-04T21:45:24","modified_gmt":"2015-06-05T00:45:24","slug":"catolicos-belmontenses-fazem-grande-cerimonia-para-comemorar-o-corpus-christi","status":"publish","type":"post","link":"https:\/\/www.maisbn.com\/portal\/2015\/06\/catolicos-belmontenses-fazem-grande-cerimonia-para-comemorar-o-corpus-christi\/","title":{"rendered":"Cat\u00f3licos belmontenses fazem grande cerim\u00f4nia para comemorar o Corpus Christi."},"content":{"rendered":"<p><a href=\"http:\/\/www.maisbn.com\/portal\/wp-content\/uploads\/2015\/06\/Image00017.jpg\"><img loading=\"lazy\" decoding=\"async\" class=\"aligncenter size-full wp-image-7864\" src=\"http:\/\/www.maisbn.com\/portal\/wp-content\/uploads\/2015\/06\/Image00017.jpg\" alt=\"Image00017\" width=\"650\" height=\"412\" \/><\/a><\/p>\n<p><span style=\"color: #000000;\">Belmonte amanheceu com uma verdadeira legi\u00e3o de fieis arrumando a cidade para a celebra\u00e7\u00e3o do feriado de Corpus Christi nesta quinta-feira (04\/06). A predomin\u00e2ncia de jovens nas atividades de ornamenta\u00e7\u00e3o foi total o que demonstrou uma renova\u00e7\u00e3o da f\u00e9 cat\u00f3lica que est\u00e1 tendo uma maior influ\u00eancia na nova gera\u00e7\u00e3o.<\/span><\/p>\n<p><a href=\"http:\/\/www.maisbn.com\/portal\/wp-content\/uploads\/2015\/06\/Image00023.jpg\"><img loading=\"lazy\" decoding=\"async\" class=\"aligncenter size-full wp-image-7865\" src=\"http:\/\/www.maisbn.com\/portal\/wp-content\/uploads\/2015\/06\/Image00023.jpg\" alt=\"Image00023\" width=\"650\" height=\"412\" \/><\/a><\/p>\n<p><span style=\"color: #000000;\">A ornamenta\u00e7\u00e3o consistiu em criar no ch\u00e3o das principais avenidas da cidade verdadeiras obras de arte usando como material principal p\u00f3 de madeira. As gravuras pintadas no ch\u00e3o mostraram s\u00edmbolos da f\u00e9 cat\u00f3lica e serviram para ornamentar os lugares por onde a prociss\u00e3o, que aconteceu por volta das 16:00Hrs da tarde, passou. O resultado desse grande trabalho foi um grande acervo de arte produzido todos os anos pela rica tradi\u00e7\u00e3o da cidade.<\/span><\/p>\n<p><a href=\"http:\/\/www.maisbn.com\/portal\/wp-content\/uploads\/2015\/06\/Image00123.jpg\"><img loading=\"lazy\" decoding=\"async\" class=\"aligncenter size-full wp-image-7866\" src=\"http:\/\/www.maisbn.com\/portal\/wp-content\/uploads\/2015\/06\/Image00123.jpg\" alt=\"Image00123\" width=\"650\" height=\"412\" \/><\/a><\/p>\n<p>Na parte da tarde, na Igreja Matriz de Nossa Senhora do Carmo, aconteceu a Santa Missa onde o Frei Francisco falou da grande import\u00e2ncia da eucaristia na vida do crist\u00e3o. O frei colocou que a eucaristia \u00e9 um momento onde o crist\u00e3o tem uma maior intimidade com o Senhor Jesus Cristo que acolhe a todos, perdoa os pecados e salva vidas.<\/p>\n<p>Logo ap\u00f3s a missa aconteceu a prociss\u00e3o com o Sant\u00edssimo onde um grande n\u00famero de fi\u00e9is acompanhou o cortejo entoando can\u00e7\u00f5es cat\u00f3licas. A prociss\u00e3o passou pelas ruas que foram ornamentadas na parte da manh\u00e3 e todo o contexto demonstrou uma linda demonstra\u00e7\u00e3o de que a f\u00e9 cat\u00f3lica continua viva e se renovando a cada dia na cidade.<\/p>\n","protected":false},"excerpt":{"rendered":"<p>Belmonte amanheceu com uma verdadeira legi\u00e3o de fieis arrumando a cidade para a celebra\u00e7\u00e3o do feriado de Corpus Christi nesta quinta-feira (04\/06). A predomin\u00e2ncia de jovens nas atividades de ornamenta\u00e7\u00e3o foi total o que demonstrou uma renova\u00e7\u00e3o da f\u00e9 cat\u00f3lica que est\u00e1 tendo uma maior influ\u00eancia na nova gera\u00e7\u00e3o. A ornamenta\u00e7\u00e3o consistiu em criar no [&hellip;]<\/p>\n","protected":false},"author":7,"featured_media":7867,"comment_status":"open","ping_status":"open","sticky":false,"template":"","format":"standard","meta":{"footnotes":""},"categories":[1,98],"tags":[108],"class_list":["post-7863","post","type-post","status-publish","format-standard","has-post-thumbnail","hentry","category-noticias","category-religiao","tag-belmonte"],"_links":{"self":[{"href":"https:\/\/www.maisbn.com\/portal\/wp-json\/wp\/v2\/posts\/7863","targetHints":{"allow":["GET"]}}],"collection":[{"href":"https:\/\/www.maisbn.com\/portal\/wp-json\/wp\/v2\/posts"}],"about":[{"href":"https:\/\/www.maisbn.com\/portal\/wp-json\/wp\/v2\/types\/post"}],"author":[{"embeddable":true,"href":"https:\/\/www.maisbn.com\/portal\/wp-json\/wp\/v2\/users\/7"}],"replies":[{"embeddable":true,"href":"https:\/\/www.maisbn.com\/portal\/wp-json\/wp\/v2\/comments?post=7863"}],"version-history":[{"count":1,"href":"https:\/\/www.maisbn.com\/portal\/wp-json\/wp\/v2\/posts\/7863\/revisions"}],"predecessor-version":[{"id":7868,"href":"https:\/\/www.maisbn.com\/portal\/wp-json\/wp\/v2\/posts\/7863\/revisions\/7868"}],"wp:featuredmedia":[{"embeddable":true,"href":"https:\/\/www.maisbn.com\/portal\/wp-json\/wp\/v2\/media\/7867"}],"wp:attachment":[{"href":"https:\/\/www.maisbn.com\/portal\/wp-json\/wp\/v2\/media?parent=7863"}],"wp:term":[{"taxonomy":"category","embeddable":true,"href":"https:\/\/www.maisbn.com\/portal\/wp-json\/wp\/v2\/categories?post=7863"},{"taxonomy":"post_tag","embeddable":true,"href":"https:\/\/www.maisbn.com\/portal\/wp-json\/wp\/v2\/tags?post=7863"}],"curies":[{"name":"wp","href":"https:\/\/api.w.org\/{rel}","templated":true}]}}