{"id":7802,"date":"2015-05-28T19:02:09","date_gmt":"2015-05-28T22:02:09","guid":{"rendered":"http:\/\/www.maisbn.com\/portal\/?p=7802"},"modified":"2015-05-28T21:02:38","modified_gmt":"2015-05-29T00:02:38","slug":"programa-mata-atlantica-da-veracel-celulose-completa-21-anos-de-restauracao-e-conservacao-no-sul-da-bahia","status":"publish","type":"post","link":"https:\/\/www.maisbn.com\/portal\/2015\/05\/programa-mata-atlantica-da-veracel-celulose-completa-21-anos-de-restauracao-e-conservacao-no-sul-da-bahia\/","title":{"rendered":"Programa Mata Atl\u00e2ntica da Veracel Celulose completa 21 anos de restaura\u00e7\u00e3o e conserva\u00e7\u00e3o no Sul da Bahia."},"content":{"rendered":"<p><span style=\"color: #000000;\"><a href=\"http:\/\/www.maisbn.com\/portal\/wp-content\/uploads\/2015\/05\/112.jpg\"><img loading=\"lazy\" decoding=\"async\" class=\"alignleft wp-image-7803 \" src=\"http:\/\/www.maisbn.com\/portal\/wp-content\/uploads\/2015\/05\/112.jpg\" alt=\"112\" width=\"403\" height=\"269\" \/><\/a>Hoje, 27\/05, Dia da Mata Atl\u00e2ntica, a Veracel Celulose comemora a marca de mais de quatro milh\u00f5es de mudas de esp\u00e9cies nativas plantadas desde 1994, quando a empresa implantou o Programa Mata Atl\u00e2ntica &#8211; PMA. H\u00e1 21 anos, o plantio de mudas de 207 esp\u00e9cies de \u00e1rvores nativas est\u00e1 ajudando na restaura\u00e7\u00e3o de mais de cinco mil hectares em \u00e1reas de Mata Atl\u00e2ntica, promovendo a forma\u00e7\u00e3o de corredores ecol\u00f3gicos que servem para a circula\u00e7\u00e3o da fauna e flora, garantindo a manuten\u00e7\u00e3o da biodiversidade. <\/span><\/p>\n<p><span style=\"color: #000000;\">Os quase seis mil hectares restaurados ficam em Belmonte, Eun\u00e1polis, Itabela, Itagimirim, Porto Seguro, Santa Cruz Cabr\u00e1lia, munic\u00edpios da \u00e1rea de abrang\u00eancia da Veracel. Estas \u00e1reas fazem parte dos 105 mil hectares de \u00e1rea destinada para preserva\u00e7\u00e3o do bioma Mata Atl\u00e2ntica que a empresa possui na regi\u00e3o, entre elas os 6.063 hectares da RPPN Esta\u00e7\u00e3o Veracel.<\/span><\/p>\n<p><span style=\"color: #000000;\"><a href=\"http:\/\/www.maisbn.com\/portal\/wp-content\/uploads\/2015\/05\/Foto-Jo\u00e3o-Marcos-Rosa.jpg\"><img loading=\"lazy\" decoding=\"async\" class=\"alignright  wp-image-7804\" src=\"http:\/\/www.maisbn.com\/portal\/wp-content\/uploads\/2015\/05\/Foto-Jo\u00e3o-Marcos-Rosa.jpg\" alt=\"Foto Jo\u00e3o Marcos Rosa\" width=\"412\" height=\"275\" \/><\/a>\u201cAnualmente, antes de iniciar o processo de restaura\u00e7\u00e3o, avaliamos imagens de sat\u00e9lite destacando \u00e1reas de pasto ou aquelas que est\u00e3o em est\u00e1gio inicial de regenera\u00e7\u00e3o que, depois de restauradas, podem conectar fragmentos de Mata Atl\u00e2ntica, buscando ganho ambiental\u201d, explicou o especialista em Planejamento Florestal da Veracel, Humberto Amoedo. A escolha das \u00e1reas a serem restauradas leva em considera\u00e7\u00e3o principalmente a forma\u00e7\u00e3o dos corredores ecol\u00f3gicos e est\u00e1 alinha \u00e0s diretrizes do Corredor Central da Mata Atl\u00e2ntica, proposto pela Conserva\u00e7\u00e3o Internacional.<\/span><\/p>\n<p><span style=\"color: #000000;\">Estes 5.500 ha restaurados j\u00e1 conectaram mais de 65 mil h\u00e1 em \u00e1reas p\u00fablicas de terceiros e da Veracel dentro do bioma da Mata Atl\u00e2ntica na regi\u00e3o Sul da Bahia. <\/span><\/p>\n<p><span style=\"color: #000000;\">De acordo com a engenheira Ihanny Lima, respons\u00e1vel pela execu\u00e7\u00e3o do PMA, o programa restaura \u00e1reas de mata de tr\u00eas formas diferentes: com o plantio efetivo de mudas nativas, com o enriquecimento de mudas ou ainda, pela prote\u00e7\u00e3o f\u00edsica das \u00e1reas de preserva\u00e7\u00e3o ambiental e o monitoramento da regenera\u00e7\u00e3o natural.<\/span><\/p>\n","protected":false},"excerpt":{"rendered":"<p>Hoje, 27\/05, Dia da Mata Atl\u00e2ntica, a Veracel Celulose comemora a marca de mais de quatro milh\u00f5es de mudas de esp\u00e9cies nativas plantadas desde 1994, quando a empresa implantou o Programa Mata Atl\u00e2ntica &#8211; PMA. H\u00e1 21 anos, o plantio de mudas de 207 esp\u00e9cies de \u00e1rvores nativas est\u00e1 ajudando na restaura\u00e7\u00e3o de mais de [&hellip;]<\/p>\n","protected":false},"author":7,"featured_media":7803,"comment_status":"open","ping_status":"open","sticky":false,"template":"","format":"standard","meta":{"footnotes":""},"categories":[33,1],"tags":[108],"class_list":["post-7802","post","type-post","status-publish","format-standard","has-post-thumbnail","hentry","category-meio-ambiente","category-noticias","tag-belmonte"],"_links":{"self":[{"href":"https:\/\/www.maisbn.com\/portal\/wp-json\/wp\/v2\/posts\/7802","targetHints":{"allow":["GET"]}}],"collection":[{"href":"https:\/\/www.maisbn.com\/portal\/wp-json\/wp\/v2\/posts"}],"about":[{"href":"https:\/\/www.maisbn.com\/portal\/wp-json\/wp\/v2\/types\/post"}],"author":[{"embeddable":true,"href":"https:\/\/www.maisbn.com\/portal\/wp-json\/wp\/v2\/users\/7"}],"replies":[{"embeddable":true,"href":"https:\/\/www.maisbn.com\/portal\/wp-json\/wp\/v2\/comments?post=7802"}],"version-history":[{"count":1,"href":"https:\/\/www.maisbn.com\/portal\/wp-json\/wp\/v2\/posts\/7802\/revisions"}],"predecessor-version":[{"id":7805,"href":"https:\/\/www.maisbn.com\/portal\/wp-json\/wp\/v2\/posts\/7802\/revisions\/7805"}],"wp:featuredmedia":[{"embeddable":true,"href":"https:\/\/www.maisbn.com\/portal\/wp-json\/wp\/v2\/media\/7803"}],"wp:attachment":[{"href":"https:\/\/www.maisbn.com\/portal\/wp-json\/wp\/v2\/media?parent=7802"}],"wp:term":[{"taxonomy":"category","embeddable":true,"href":"https:\/\/www.maisbn.com\/portal\/wp-json\/wp\/v2\/categories?post=7802"},{"taxonomy":"post_tag","embeddable":true,"href":"https:\/\/www.maisbn.com\/portal\/wp-json\/wp\/v2\/tags?post=7802"}],"curies":[{"name":"wp","href":"https:\/\/api.w.org\/{rel}","templated":true}]}}