{"id":7723,"date":"2015-05-21T21:34:00","date_gmt":"2015-05-22T00:34:00","guid":{"rendered":"http:\/\/www.maisbn.com\/portal\/?p=7723"},"modified":"2015-05-21T21:45:04","modified_gmt":"2015-05-22T00:45:04","slug":"projeto-caravana-detran-realiza-palestra-para-policiais-militares-da-costa-do-descobrimento","status":"publish","type":"post","link":"https:\/\/www.maisbn.com\/portal\/2015\/05\/projeto-caravana-detran-realiza-palestra-para-policiais-militares-da-costa-do-descobrimento\/","title":{"rendered":"Projeto Caravana Detran realiza palestra para Policiais Militares da Costa do Descobrimento."},"content":{"rendered":"<p><a href=\"http:\/\/www.maisbn.com\/portal\/wp-content\/uploads\/2015\/05\/curso_transito_pm02.jpg\"><img loading=\"lazy\" decoding=\"async\" class=\"aligncenter size-full wp-image-7724\" src=\"http:\/\/www.maisbn.com\/portal\/wp-content\/uploads\/2015\/05\/curso_transito_pm02.jpg\" alt=\"curso_transito_pm02\" width=\"600\" height=\"337\" \/><\/a><\/p>\n<p><span style=\"color: #000000;\">Nesta quinta-feira (21\/05) foi realizado na sede do 8\u00ba Batalh\u00e3o de Porto Seguro uma palestra do Programa Caravana Detran com o objetivo de atualizar o efetivo da Policia Militar da Costa do Descobrimento sobre as quest\u00f5es da Legisla\u00e7\u00e3o de Tr\u00e2nsito do pa\u00eds. Estiveram presentes soldados e oficiais que atuam nas cidades de Belmonte, Santa Cruz Cabr\u00e1lia e Belmonte e os mesmos tiraram v\u00e1rias d\u00favidas. O Cabo Edmundo, que conduziu o evento, come\u00e7ou a palestra colocando que o policial n\u00e3o tem que ter medo de agir porque ele \u00e9 a autoridade presente na situa\u00e7\u00e3o. O mesmo colocou que \u00e9 preciso muita calma e que o policial n\u00e3o deve ser violento, mas tem que agir da forma adequada para n\u00e3o ser desacatado usando a for\u00e7a necess\u00e1ria se poss\u00edvel. &#8220;N\u00e3o importa se \u00e9 uma pessoa importante, um pol\u00edtico ou um juiz. A autoridade \u00e9 o policial que, se agir dentro da lei, n\u00e3o precisa temer repres\u00e1lias.&#8221; &#8211; Comentou Cabo Edmundo.<\/span><\/p>\n<p><a href=\"http:\/\/www.maisbn.com\/portal\/wp-content\/uploads\/2015\/05\/curso_transito_pm03.jpg\"><img loading=\"lazy\" decoding=\"async\" class=\"aligncenter size-full wp-image-7725\" src=\"http:\/\/www.maisbn.com\/portal\/wp-content\/uploads\/2015\/05\/curso_transito_pm03.jpg\" alt=\"curso_transito_pm03\" width=\"600\" height=\"337\" \/><\/a><\/p>\n<p><span style=\"color: #000000;\">A primeira quest\u00e3o levantada foi a situa\u00e7\u00e3o da municipaliza\u00e7\u00e3o do tr\u00e2nsito. O Cabo Edmundo, desmistificou v\u00e1rios pontos sobre esse tema. Ele explicou que a municipaliza\u00e7\u00e3o n\u00e3o tira a autoridade da Policia Militar de agir no tr\u00e2nsito e que a principais atribui\u00e7\u00f5es dos agentes municipais \u00e9 a parada e circula\u00e7\u00e3o das vias e que cabe \u00e0 Policia Militar a verifica\u00e7\u00e3o dos documentos e equipamentos do ve\u00edculos. Outro ponto de import\u00e2ncia explicado \u00e9 que sempre os agentes de tr\u00e2nsito precisar\u00e3o do apoio da Policia Militar e que as atribui\u00e7\u00f5es n\u00e3o competem, e sim, se completam. O Cabo Edmundo ainda explicou que a atribui\u00e7\u00e3o de fiscaliza\u00e7\u00e3o do tr\u00e2nsito \u00e9 do estado e que o munic\u00edpio s\u00f3 pode agir se tiver um conv\u00eanio firmado com o estado.<\/span><\/p>\n<p><a href=\"http:\/\/www.maisbn.com\/portal\/wp-content\/uploads\/2015\/05\/curso_transito_pm04.jpg\"><img loading=\"lazy\" decoding=\"async\" class=\"aligncenter size-full wp-image-7726\" src=\"http:\/\/www.maisbn.com\/portal\/wp-content\/uploads\/2015\/05\/curso_transito_pm04.jpg\" alt=\"curso_transito_pm04\" width=\"600\" height=\"337\" \/><\/a><\/p>\n<p><span style=\"color: #000000;\">Outro ponto revelado pelos policiais foi a a\u00e7\u00e3o que se deve tomar nas situa\u00e7\u00f5es de retiradas de ve\u00edculos por pessoas habilitadas. Os policiais informaram que j\u00e1 ocorre uma industrializa\u00e7\u00e3o do tr\u00e2nsito onde mototaxistas da cidade cobram para retirar os ve\u00edculos que s\u00e3o retidos em blitz por falta de habilita\u00e7\u00e3o do condutor. Segundo eles, j\u00e1 tiveram casos em que a mesma pessoa chegou a vir v\u00e1rias vezes retirar ve\u00edculos da blitz. O Cabo Edmundo informou que n\u00e3o \u00e9 contra a lei o indiv\u00edduo efetuar esse tipo de atividade, mas que, o policial pode negar entregar o ve\u00edculo a esse condutor e pedir para que o dono do ve\u00edculo procure outra pessoa habilitada. Bastando que, tudo seja constado no ato do registro da infra\u00e7\u00e3o.<\/span><\/p>\n<p><span style=\"color: #000000;\">Os policiais tamb\u00e9m abordaram o problemas das motocicletas apelidadas de &#8220;cinquentinha&#8221;. Os policiais perguntaram porque motivo essas motos n\u00e3o precisam ser emplacadas e como agir nesses casos. O palestrante informou que essas motos n\u00e3o s\u00e3o emplacadas \u00e9 porque elas tem um pre\u00e7o muito baixo e se constatou que com o passar do tempo o IPVA acabaria ficando muito elevado e inviabilizaria o registro desses ve\u00edculos. Com vista nisso, o estado passou a atribui\u00e7\u00e3o de registrar esses ve\u00edculos para o munic\u00edpio. O Cabo Edmundo explicou que essa situa\u00e7\u00e3o n\u00e3o quer dizer que o dono desses ve\u00edculos podem andar como quiser. Os propriet\u00e1rios das &#8220;cinquentinhas&#8221; s\u00e3o obrigados a serem habilitados e andarem com a nota fiscal do ve\u00edculo e que o desrespeito a essas regras cabe a apreens\u00e3o do ve\u00edculo.<\/span><\/p>\n<p>Os policiais ainda tiveram uma aula de como preencher um Auto de Infra\u00e7\u00e3o de Tr\u00e2nsito (AIT). As informa\u00e7\u00f5es foram disponibilizadas passo-a-passo e muitas d\u00favidas foram tiradas quanto ao preenchimento do importante documento.<\/p>\n<p><a href=\"http:\/\/www.maisbn.com\/portal\/wp-content\/uploads\/2015\/05\/curso_transito_pm05.jpg\"><img loading=\"lazy\" decoding=\"async\" class=\"aligncenter size-full wp-image-7728\" src=\"http:\/\/www.maisbn.com\/portal\/wp-content\/uploads\/2015\/05\/curso_transito_pm05.jpg\" alt=\"curso_transito_pm05\" width=\"600\" height=\"337\" \/><\/a><\/p>\n<p><span style=\"color: #000000;\">Outro ponto abordado pelos policias foi com rela\u00e7\u00e3o aos ve\u00edculos novos. Os policiais relataram que existem em Porto Seguro pessoas que compram carros novos e ficam transitando com eles pela cidade sem emplaca-los. O Cabo Edmundo comentou que o propriet\u00e1rio de um carro novo tem 15 dias para transitar da concession\u00e1ria para a sua resid\u00eancia e dela para a CIRETRAN para o devido registro e que a Legisla\u00e7\u00e3o de Tr\u00e2nsito d\u00e1 o prazo de 30 dias para que seja efetuado esse registro e depois desse tempo o propriet\u00e1rio est\u00e1 pass\u00edvel de multa. O cabo ainda informou que esses ve\u00edculos s\u00f3 podem transitar no per\u00edodo em que a CIRETRAN est\u00e1 em funcionamento e, se o mesmo estiver nas ruas em hor\u00e1rio em que o \u00f3rg\u00e3o n\u00e3o funciona, os policiais podem apreend\u00ea-lo. Tamb\u00e9m foi colocado que esses ve\u00edculos s\u00f3 podem viajar para outra cidade sem o emplacamento se estiver uma autoriza\u00e7\u00e3o do DETRAN, que essa autoriza\u00e7\u00e3o tem o hor\u00e1rio e a data da viagem e que sua validade chega ao final quando o condutor chega ao seu destino.<\/span><\/p>\n<p><a href=\"http:\/\/www.maisbn.com\/portal\/wp-content\/uploads\/2015\/05\/curso_transito_pm01.jpg\"><img loading=\"lazy\" decoding=\"async\" class=\"aligncenter size-full wp-image-7727\" src=\"http:\/\/www.maisbn.com\/portal\/wp-content\/uploads\/2015\/05\/curso_transito_pm01.jpg\" alt=\"curso_transito_pm01\" width=\"600\" height=\"337\" \/><\/a><\/p>\n<p><span style=\"color: #000000;\">Todos os policiais gostaram da palestra e tiraram diversas d\u00favidas sobre o trabalho no tr\u00e2nsito. Tamb\u00e9m marcaram presen\u00e7a ao evento o Tenente Coronel Valter Serpa, comandante do 8\u00ba Batalh\u00e3o e o Major Gen\u00e9sio Luide, diretor do DETRAN e os dois comentaram sobre a import\u00e2ncia da iniciativa e que o conhecimento sempre tem que ser disseminado com o objetivo de termos sempre policiais preparados para agir em suas atribui\u00e7\u00f5es.<\/span><\/p>\n<p>&nbsp;<\/p>\n","protected":false},"excerpt":{"rendered":"<p>Nesta quinta-feira (21\/05) foi realizado na sede do 8\u00ba Batalh\u00e3o de Porto Seguro uma palestra do Programa Caravana Detran com o objetivo de atualizar o efetivo da Policia Militar da Costa do Descobrimento sobre as quest\u00f5es da Legisla\u00e7\u00e3o de Tr\u00e2nsito do pa\u00eds. Estiveram presentes soldados e oficiais que atuam nas cidades de Belmonte, Santa Cruz [&hellip;]<\/p>\n","protected":false},"author":7,"featured_media":7724,"comment_status":"open","ping_status":"open","sticky":false,"template":"","format":"standard","meta":{"footnotes":""},"categories":[45,1],"tags":[108],"class_list":["post-7723","post","type-post","status-publish","format-standard","has-post-thumbnail","hentry","category-cidades","category-noticias","tag-belmonte"],"_links":{"self":[{"href":"https:\/\/www.maisbn.com\/portal\/wp-json\/wp\/v2\/posts\/7723","targetHints":{"allow":["GET"]}}],"collection":[{"href":"https:\/\/www.maisbn.com\/portal\/wp-json\/wp\/v2\/posts"}],"about":[{"href":"https:\/\/www.maisbn.com\/portal\/wp-json\/wp\/v2\/types\/post"}],"author":[{"embeddable":true,"href":"https:\/\/www.maisbn.com\/portal\/wp-json\/wp\/v2\/users\/7"}],"replies":[{"embeddable":true,"href":"https:\/\/www.maisbn.com\/portal\/wp-json\/wp\/v2\/comments?post=7723"}],"version-history":[{"count":3,"href":"https:\/\/www.maisbn.com\/portal\/wp-json\/wp\/v2\/posts\/7723\/revisions"}],"predecessor-version":[{"id":7731,"href":"https:\/\/www.maisbn.com\/portal\/wp-json\/wp\/v2\/posts\/7723\/revisions\/7731"}],"wp:featuredmedia":[{"embeddable":true,"href":"https:\/\/www.maisbn.com\/portal\/wp-json\/wp\/v2\/media\/7724"}],"wp:attachment":[{"href":"https:\/\/www.maisbn.com\/portal\/wp-json\/wp\/v2\/media?parent=7723"}],"wp:term":[{"taxonomy":"category","embeddable":true,"href":"https:\/\/www.maisbn.com\/portal\/wp-json\/wp\/v2\/categories?post=7723"},{"taxonomy":"post_tag","embeddable":true,"href":"https:\/\/www.maisbn.com\/portal\/wp-json\/wp\/v2\/tags?post=7723"}],"curies":[{"name":"wp","href":"https:\/\/api.w.org\/{rel}","templated":true}]}}