{"id":7719,"date":"2015-05-21T19:55:12","date_gmt":"2015-05-21T22:55:12","guid":{"rendered":"http:\/\/www.maisbn.com\/portal\/?p=7719"},"modified":"2015-05-21T19:55:12","modified_gmt":"2015-05-21T22:55:12","slug":"registros-fotograficos-destacam-a-biodiversidade-da-regiao","status":"publish","type":"post","link":"https:\/\/www.maisbn.com\/portal\/2015\/05\/registros-fotograficos-destacam-a-biodiversidade-da-regiao\/","title":{"rendered":"Registros fotogr\u00e1ficos destacam a biodiversidade da regi\u00e3o."},"content":{"rendered":"<div id=\"attachment_7720\" style=\"width: 630px\" class=\"wp-caption aligncenter\"><a href=\"http:\/\/www.maisbn.com\/portal\/wp-content\/uploads\/2015\/05\/FOTO-2-voo-de-um-murucututu_Por-Jailson-Souza.jpg\"><img loading=\"lazy\" decoding=\"async\" aria-describedby=\"caption-attachment-7720\" class=\"wp-image-7720 size-full\" src=\"http:\/\/www.maisbn.com\/portal\/wp-content\/uploads\/2015\/05\/FOTO-2-voo-de-um-murucututu_Por-Jailson-Souza.jpg\" alt=\"FOTO 2 - voo de um murucututu_Por Jailson Souza\" width=\"620\" height=\"383\" \/><\/a><p id=\"caption-attachment-7720\" class=\"wp-caption-text\">V\u00f4o de um murucutu &#8211; Por Jailson Souza.<\/p><\/div>\n<p><span style=\"color: #000000;\">Pela segunda vez no ano o registro fotogr\u00e1fico da fauna da regi\u00e3o \u00e9 destaque no site da revista National Geografic Brasil. As imagens foram feitos pelo monitor ambiental Jailson Souza, na RPPN Esta\u00e7\u00e3o Veracel, e selecionadas pela revista no \u201cConcurso Cultural Sua Foto\u201d. Jailson Souza \u00e9 colaborador da Equil\u00edbrio Prote\u00e7\u00e3o Florestal, empresa parceira da Veracel Celulose.<\/span><\/p>\n<p><span style=\"color: #000000;\">No registro escolhido como foto do dia, em abril, Souza flagrou o momento exato em que uma jiboia captura um sanha\u00e7o, ave de plumagens coloridas e que se alimenta de insetos e frutos. Na segunda foto, divulgada dia 20\/05, o monitor ambiental registrou o voo de um murucututu (Pulsatrix perspicillata), maior coruja tropical e uma das maiores do Brasil. <\/span><\/p>\n<p><span style=\"color: #000000;\">Os registros da natureza feitos pelo monitor ambiental tem permitido mostrar a diversidade da fauna de Mata Atl\u00e2ntica existentes na regi\u00e3o. Segundo a coordenadora da RPPN, Virginia Londe de Camargos, estas imagens comprovam a exuber\u00e2ncia da biodiversidade existente na RPPN.<\/span><\/p>\n<div id=\"attachment_7721\" style=\"width: 630px\" class=\"wp-caption aligncenter\"><a href=\"http:\/\/www.maisbn.com\/portal\/wp-content\/uploads\/2015\/05\/FOTO-1-Jiboia-capturando-o-sanha\u00e7o_Por-Jailson-Souza.jpg\"><img loading=\"lazy\" decoding=\"async\" aria-describedby=\"caption-attachment-7721\" class=\"wp-image-7721 size-full\" src=\"http:\/\/www.maisbn.com\/portal\/wp-content\/uploads\/2015\/05\/FOTO-1-Jiboia-capturando-o-sanha\u00e7o_Por-Jailson-Souza.jpg\" alt=\"FOTO 1 - Jiboia capturando o sanha\u00e7o_Por Jailson Souza\" width=\"620\" height=\"413\" \/><\/a><p id=\"caption-attachment-7721\" class=\"wp-caption-text\">Jiboia capturando o sanha\u00e7o &#8211; Por Jailson Souza<\/p><\/div>\n<p><span style=\"color: #000000;\"><strong>Esta\u00e7\u00e3o Veracel \u2013<\/strong> A RPPN Esta\u00e7\u00e3o Veracel foi criada em 5 de novembro de 1998. S\u00e3o 6.069 hectares de mata nativa preservados, entre os munic\u00edpios de Santa Cruz Cabr\u00e1lia e Porto Seguro, no Sul da Bahia. A \u00e1rea foi reconhecida como RPPN pelo Ibama, ou seja, \u00e9 uma \u00e1rea particular perpetuada com o objetivo de conservar a biodiversidade e promover pesquisa e educa\u00e7\u00e3o ambiental. Al\u00e9m disso, a \u00e1rea obteve ainda o reconhecimento da Organiza\u00e7\u00e3o das Na\u00e7\u00f5es Unidas para a Educa\u00e7\u00e3o, a Ci\u00eancia e a Cultura (UNESCO), como uma das Reservas de Mata Atl\u00e2ntica inscritas como S\u00edtio do Patrim\u00f4nio Mundial Natural. At\u00e9 2014, foram registradas na \u00e1rea da RPPN 691 esp\u00e9cies de plantas, 311 de aves e 28 de mam\u00edferos.<\/span><\/p>\n","protected":false},"excerpt":{"rendered":"<p>Pela segunda vez no ano o registro fotogr\u00e1fico da fauna da regi\u00e3o \u00e9 destaque no site da revista National Geografic Brasil. As imagens foram feitos pelo monitor ambiental Jailson Souza, na RPPN Esta\u00e7\u00e3o Veracel, e selecionadas pela revista no \u201cConcurso Cultural Sua Foto\u201d. Jailson Souza \u00e9 colaborador da Equil\u00edbrio Prote\u00e7\u00e3o Florestal, empresa parceira da Veracel [&hellip;]<\/p>\n","protected":false},"author":7,"featured_media":7720,"comment_status":"open","ping_status":"open","sticky":false,"template":"","format":"standard","meta":{"footnotes":""},"categories":[45,1],"tags":[30,588],"class_list":["post-7719","post","type-post","status-publish","format-standard","has-post-thumbnail","hentry","category-cidades","category-noticias","tag-veracel","tag-veracel-celulose-sa"],"_links":{"self":[{"href":"https:\/\/www.maisbn.com\/portal\/wp-json\/wp\/v2\/posts\/7719","targetHints":{"allow":["GET"]}}],"collection":[{"href":"https:\/\/www.maisbn.com\/portal\/wp-json\/wp\/v2\/posts"}],"about":[{"href":"https:\/\/www.maisbn.com\/portal\/wp-json\/wp\/v2\/types\/post"}],"author":[{"embeddable":true,"href":"https:\/\/www.maisbn.com\/portal\/wp-json\/wp\/v2\/users\/7"}],"replies":[{"embeddable":true,"href":"https:\/\/www.maisbn.com\/portal\/wp-json\/wp\/v2\/comments?post=7719"}],"version-history":[{"count":1,"href":"https:\/\/www.maisbn.com\/portal\/wp-json\/wp\/v2\/posts\/7719\/revisions"}],"predecessor-version":[{"id":7722,"href":"https:\/\/www.maisbn.com\/portal\/wp-json\/wp\/v2\/posts\/7719\/revisions\/7722"}],"wp:featuredmedia":[{"embeddable":true,"href":"https:\/\/www.maisbn.com\/portal\/wp-json\/wp\/v2\/media\/7720"}],"wp:attachment":[{"href":"https:\/\/www.maisbn.com\/portal\/wp-json\/wp\/v2\/media?parent=7719"}],"wp:term":[{"taxonomy":"category","embeddable":true,"href":"https:\/\/www.maisbn.com\/portal\/wp-json\/wp\/v2\/categories?post=7719"},{"taxonomy":"post_tag","embeddable":true,"href":"https:\/\/www.maisbn.com\/portal\/wp-json\/wp\/v2\/tags?post=7719"}],"curies":[{"name":"wp","href":"https:\/\/api.w.org\/{rel}","templated":true}]}}