{"id":7668,"date":"2015-05-13T18:15:35","date_gmt":"2015-05-13T21:15:35","guid":{"rendered":"http:\/\/www.maisbn.com\/portal\/?p=7668"},"modified":"2015-05-13T18:15:35","modified_gmt":"2015-05-13T21:15:35","slug":"agricultores-familiares-aprendem-com-experiencia-do-distrito-de-uniao-baiana-em-itagimirim","status":"publish","type":"post","link":"https:\/\/www.maisbn.com\/portal\/2015\/05\/agricultores-familiares-aprendem-com-experiencia-do-distrito-de-uniao-baiana-em-itagimirim\/","title":{"rendered":"Agricultores familiares aprendem com experi\u00eancia do distrito de Uni\u00e3o Baiana, em Itagimirim."},"content":{"rendered":"<p><a href=\"http:\/\/www.maisbn.com\/portal\/wp-content\/uploads\/2015\/05\/Foto_agricultura_veracel.jpg\"><img loading=\"lazy\" decoding=\"async\" class=\"aligncenter size-full wp-image-7669\" src=\"http:\/\/www.maisbn.com\/portal\/wp-content\/uploads\/2015\/05\/Foto_agricultura_veracel.jpg\" alt=\"Foto_agricultura_veracel\" width=\"650\" height=\"434\" \/><\/a><\/p>\n<p><span style=\"color: #000000;\">No dia 08\/05, os agricultores do Projeto Agrovida, situado na sede de Itagimirim e iniciado no final do ano passado, tiveram oportunidade de ampliarem seus conhecimentos sobre as atividades no campo. Eles participaram de uma visita ao Projeto Ro\u00e7a do Povo, no distrito de Uni\u00e3o Baiana, no mesmo munic\u00edpio, iniciado em 2007. O objetivo da iniciativa promovida pela Veracel Celulose foi possibilitar o interc\u00e2mbio de experi\u00eancias sobre pr\u00e1ticas de gera\u00e7\u00e3o de renda a partir da agricultura familiar.\u00a0Os visitantes puderam conhecer todo o processo de desenvolvimento do projeto e as perspectivas para o futuro. Tamb\u00e9m foram apresentadas as t\u00e9cnicas de produ\u00e7\u00e3o da Casa de Farinha da comunidade e os\u00a0diversos alimentos produzidos a partir da mandioca. Os projetos Agrovida e Ro\u00e7a do Povo\u00a0s\u00e3o apoiados pela Veracel e ambos t\u00eam o objetivo de promover e desenvolver a agricultura familiar na regi\u00e3o. Nesta reuni\u00e3o, tamb\u00e9m participaram\u00a0o Prefeito de Itagimirim e representantes das diversas secretarias do munic\u00edpio, al\u00e9m de\u00a0colaboradores da Veracel.<\/span><\/p>\n<p><a href=\"http:\/\/www.maisbn.com\/portal\/wp-content\/uploads\/2015\/05\/Foto-8.jpg\"><img loading=\"lazy\" decoding=\"async\" class=\"aligncenter size-full wp-image-7670\" src=\"http:\/\/www.maisbn.com\/portal\/wp-content\/uploads\/2015\/05\/Foto-8.jpg\" alt=\"Foto (8)\" width=\"700\" height=\"467\" \/><\/a><\/p>\n<p><span style=\"color: #000000;\">\u201cEstou contando os dias para come\u00e7ar a plantar e iniciar a produ\u00e7\u00e3o\u201d, afirma Samara Damasceno Silva, que atualmente trabalha como diarista na cidade e est\u00e1 vendo nesse projeto uma alternativa de melhorar a renda de sua fam\u00edlia.\u00a0&#8220;Estou muito feliz e animada para que comece logo. Tenho certeza que vai dar muito certo\u201d, afirmou confiante a dona de casa e futura agricultora\u00a0Rosenilda Rodrigues da Silva. Para ela, esse projeto ser\u00e1 a realiza\u00e7\u00e3o de um sonho.<\/span><\/p>\n<p><span style=\"color: #000000;\">Al\u00e9m de disponibilizar as terras em regime de comodato e insumos para o plantio, os agricultores participaram de oficinas de capacita\u00e7\u00e3o agr\u00edcola e quest\u00f5es relacionadas \u00e0 promo\u00e7\u00e3o de Associativo Rural e Cooperativismo.\u00a0De acordo com a especialista em Responsabilidade Social da Veracel, Izabel Bianchi, este encontro motivou ainda mais estes agricultores, uma vez que eles puderam ver de perto uma iniciativa local que j\u00e1 vem dando certo.\u00a0Ainda <\/span><span style=\"color: #000000;\"><b><a href=\"http:\/\/www.maisbn.com\/portal\/wp-content\/uploads\/2015\/05\/foto_agricultura_veraceo2.jpg\"><img loading=\"lazy\" decoding=\"async\" class=\"alignright  wp-image-7671\" src=\"http:\/\/www.maisbn.com\/portal\/wp-content\/uploads\/2015\/05\/foto_agricultura_veraceo2.jpg\" alt=\"foto_agricultura_veraceo2\" width=\"341\" height=\"512\" \/><\/a><\/b><\/span><span style=\"color: #000000;\">segundo Bianchi, o conhecimento adquirido com os projetos em andamento facilita sua implanta\u00e7\u00e3o em novas comunidades e a expectativa \u00e9 que at\u00e9 o final do ano ele esteja conclu\u00eddo na sede de Itagimirim. \u201cO pr\u00f3ximo passo \u00e9 a prepara\u00e7\u00e3o da terra para o in\u00edcio dos plantios. Acreditamos que em breve estes agricultores j\u00e1 estar\u00e3o trabalhando em suas \u00e1reas como j\u00e1 acontece em Mundo Novo, Eun\u00e1polis\u201d, esclarece.\u00a0<\/span><\/p>\n<p><span style=\"color: #000000;\"><b>\u00a0<\/b><\/span><\/p>\n<p><span style=\"color: #000000;\"><b>SEMEANDO BONS FRUTOS<\/b> \u2013 O Projeto Agrovida \u00e9 um programa de agricultura familiar voltado para a produ\u00e7\u00e3o de alimentos para consumo da pr\u00f3pria comunidade, fornecimento de alimentos para a merenda escolar e institui\u00e7\u00f5es do munic\u00edpio. Iniciado em 2009 na comunidade de Ponto Central, distrito de Santa Cruz Cabr\u00e1lia, sua metodologia est\u00e1 sendo replicada no distrito de Mundo Novo, em Eun\u00e1polis, e agora em Itagimirim. A proposta \u00e9 estend\u00ea-lo para outras comunidades da regi\u00e3o. A iniciativa faz parte do cumprimento de acordo feito no F\u00f3rum Florestal do Sul da Bahia, com destina\u00e7\u00e3o de \u00e1reas de recuo existentes entre as comunidades e os plantios de eucalipto \u00a0nas \u00e1reas de influ\u00eancia da empresa com finalidade socioecon\u00f4mica para produ\u00e7\u00e3o de g\u00eaneros agr\u00edcolas.<\/span><\/p>\n","protected":false},"excerpt":{"rendered":"<p>No dia 08\/05, os agricultores do Projeto Agrovida, situado na sede de Itagimirim e iniciado no final do ano passado, tiveram oportunidade de ampliarem seus conhecimentos sobre as atividades no campo. Eles participaram de uma visita ao Projeto Ro\u00e7a do Povo, no distrito de Uni\u00e3o Baiana, no mesmo munic\u00edpio, iniciado em 2007. O objetivo da [&hellip;]<\/p>\n","protected":false},"author":7,"featured_media":7670,"comment_status":"open","ping_status":"open","sticky":false,"template":"","format":"standard","meta":{"footnotes":""},"categories":[29,1],"tags":[108],"class_list":["post-7668","post","type-post","status-publish","format-standard","has-post-thumbnail","hentry","category-empreendimentos","category-noticias","tag-belmonte"],"_links":{"self":[{"href":"https:\/\/www.maisbn.com\/portal\/wp-json\/wp\/v2\/posts\/7668","targetHints":{"allow":["GET"]}}],"collection":[{"href":"https:\/\/www.maisbn.com\/portal\/wp-json\/wp\/v2\/posts"}],"about":[{"href":"https:\/\/www.maisbn.com\/portal\/wp-json\/wp\/v2\/types\/post"}],"author":[{"embeddable":true,"href":"https:\/\/www.maisbn.com\/portal\/wp-json\/wp\/v2\/users\/7"}],"replies":[{"embeddable":true,"href":"https:\/\/www.maisbn.com\/portal\/wp-json\/wp\/v2\/comments?post=7668"}],"version-history":[{"count":1,"href":"https:\/\/www.maisbn.com\/portal\/wp-json\/wp\/v2\/posts\/7668\/revisions"}],"predecessor-version":[{"id":7672,"href":"https:\/\/www.maisbn.com\/portal\/wp-json\/wp\/v2\/posts\/7668\/revisions\/7672"}],"wp:featuredmedia":[{"embeddable":true,"href":"https:\/\/www.maisbn.com\/portal\/wp-json\/wp\/v2\/media\/7670"}],"wp:attachment":[{"href":"https:\/\/www.maisbn.com\/portal\/wp-json\/wp\/v2\/media?parent=7668"}],"wp:term":[{"taxonomy":"category","embeddable":true,"href":"https:\/\/www.maisbn.com\/portal\/wp-json\/wp\/v2\/categories?post=7668"},{"taxonomy":"post_tag","embeddable":true,"href":"https:\/\/www.maisbn.com\/portal\/wp-json\/wp\/v2\/tags?post=7668"}],"curies":[{"name":"wp","href":"https:\/\/api.w.org\/{rel}","templated":true}]}}