{"id":7641,"date":"2015-05-12T10:04:37","date_gmt":"2015-05-12T13:04:37","guid":{"rendered":"http:\/\/www.maisbn.com\/portal\/?p=7641"},"modified":"2015-05-12T10:08:15","modified_gmt":"2015-05-12T13:08:15","slug":"final-de-semana-em-belmonte-e-marcado-por-varios-eventos-esportivos","status":"publish","type":"post","link":"https:\/\/www.maisbn.com\/portal\/2015\/05\/final-de-semana-em-belmonte-e-marcado-por-varios-eventos-esportivos\/","title":{"rendered":"Final de semana em Belmonte \u00e9 marcado por v\u00e1rios eventos esportivos."},"content":{"rendered":"<p><a href=\"http:\/\/www.maisbn.com\/portal\/wp-content\/uploads\/2015\/05\/campeonatosdebelmonte00003.jpg\"><img loading=\"lazy\" decoding=\"async\" class=\"aligncenter size-full wp-image-7642\" src=\"http:\/\/www.maisbn.com\/portal\/wp-content\/uploads\/2015\/05\/campeonatosdebelmonte00003.jpg\" alt=\"campeonatosdebelmonte00003\" width=\"650\" height=\"412\" \/><\/a><\/p>\n<p><span style=\"color: #000000;\">Belmonte tem mais um final de semana dedicado ao esporte e v\u00e1rios atletas e torcedores lotaram os campos de futebol da cidade para mais uma celebra\u00e7\u00e3o \u00e0 sa\u00fade, a paz e a amizade.<\/span><\/p>\n<p><span style=\"color: #000000;\">A festa j\u00e1 come\u00e7ou logo na manh\u00e3 de s\u00e1bado (09\/05) com a estreia dos campeonatos pr\u00e9-mirim e mirim que contemplou os jovens atletas compreendidos entre as idades de 09 a 15 anos. O projeto tem total apoio da Prefeitura Municipal de Belmonte, atrav\u00e9s da Secretaria de Esportes, que viu a oportunidade de trazer os jovens para uma atividade saud\u00e1vel. &#8220;Essa iniciativa \u00e9 importante porque estamos trazendo os jovens para um ambiente familiar com pessoas respons\u00e1veis, em consequ\u00eancia, estamos tentando diminuir a desocupa\u00e7\u00e3o desses jovens tornando mais dificil o recrutamento dos mesmos para o mundo das drogas. Al\u00e9m de estarmos incentivando o aparecimento de v\u00e1rios talentos.&#8221; &#8211; Comentou Carolina Damasceno, Secret\u00e1ria Municipal de Esportes.<\/span><\/p>\n<p><a href=\"http:\/\/www.maisbn.com\/portal\/wp-content\/uploads\/2015\/05\/campeonatosdebelmonte00008.jpg\"><img loading=\"lazy\" decoding=\"async\" class=\"aligncenter size-full wp-image-7643\" src=\"http:\/\/www.maisbn.com\/portal\/wp-content\/uploads\/2015\/05\/campeonatosdebelmonte00008.jpg\" alt=\"campeonatosdebelmonte00008\" width=\"650\" height=\"412\" \/><\/a><\/p>\n<p><span style=\"color: #000000;\">Os jogos da categoria pr\u00e9- mirim ficaram por conta da equipe\u00a0 Bom Jardim que ganhou da equipe da Escolinha da Biela por 03 gols marcados pelo garoto Vinicius. O segundo jogo ficou por conta da equipe do Netos de Gandy que ganhou da Escolinha do Gamarra por 01 gol marcado pelo jogador Alisson.<\/span><\/p>\n<p><span style=\"color: #000000;\">Os primeiro jogo da categoria mirim ficou por conta das equipes da Escolinha RC e Escolinha da Biela que n\u00e3o abriram o placar. O segundo jogo ficou por conta da equipe da Escolinha do Gamarra que ganhou da equipe do Bom Jardim por 03 gols, onde o jogador \u00c9rick marcou 02 gols e o jogador Patrick marcou 01. O jogador Jeferson marcou o gol de honra para a equipe do Bom Jardim. No pr\u00f3ximo s\u00e1bado os jogo acontecer\u00e3o no Campo da Mo\u00e7a Bonita na Biela.<\/span><\/p>\n<h2 style=\"text-align: center;\"><strong><span style=\"color: #000000;\">Campeonato Lilit\u00e3oense<\/span><\/strong><\/h2>\n<p><a href=\"http:\/\/www.maisbn.com\/portal\/wp-content\/uploads\/2015\/05\/campeonatosdebelmonte00029.jpg\"><img loading=\"lazy\" decoding=\"async\" class=\"aligncenter size-full wp-image-7644\" src=\"http:\/\/www.maisbn.com\/portal\/wp-content\/uploads\/2015\/05\/campeonatosdebelmonte00029.jpg\" alt=\"campeonatosdebelmonte00029\" width=\"650\" height=\"412\" \/><\/a><\/p>\n<p><span style=\"color: #000000;\">No domingo (10\/05) dia das m\u00e3es, tivemos mais uma rodada do Campeonato do Lilit\u00e3o que lotou a Arena Lilit\u00e3o no per\u00edodo da tarde.<\/span><\/p>\n<p><span style=\"color: #000000;\">A rodada foi composta por mais dois embates e o primeiro jogo ficou por conta da Equipe Zumbi dos Palmares que ganhou da equipe do Borussia com o placar de 2X1 com gols de Mazinho. O jogador Kaik marcou o gol de honra da equipe do Borussia. Nesse jogo a equipe do Zumbi dos Palmares conseguiu se classificar para a pr\u00f3xima fase. O segundo jogo ficou por conta das equipes do S\u00e3o Paulo e do Atl\u00e9tico Mineiro que terminaram empatadas com gols do jogador Netinho para o S\u00e3o Paulo e Ratinho para o Atl\u00e9tico Mineiro que tamb\u00e9m se classificou para a pr\u00f3xima fase.<\/span><\/p>\n<p><a href=\"http:\/\/www.maisbn.com\/portal\/wp-content\/uploads\/2015\/05\/campeonatosdebelmonte00043.jpg\"><img loading=\"lazy\" decoding=\"async\" class=\"aligncenter size-full wp-image-7645\" src=\"http:\/\/www.maisbn.com\/portal\/wp-content\/uploads\/2015\/05\/campeonatosdebelmonte00043.jpg\" alt=\"campeonatosdebelmonte00043\" width=\"650\" height=\"412\" \/><\/a><\/p>\n<p><span style=\"color: #000000;\">No pr\u00f3ximo domingo (17\/05) teremos as semifinais do campeonato onde a equipe do Arrozinho enfrentar\u00e1 a equipe dos Meninos da Vila e a equipe do Bom Jardim enfrentar\u00e1 a equipe do Barcelona.<\/span><\/p>\n<p><span style=\"color: #000000;\">O trio de arbitragem foi formado por Luciano, MICA\u00a0 e MARCELO.<\/span><\/p>\n<p><span style=\"color: #000000;\">Narra\u00e7\u00e3o de Dedeco Bueno, \u00a0coment\u00e1rios de Rosivaldo e Ramom Sampaio . Cobertura <a style=\"color: #000000;\" href=\"http:\/\/MAISBN.COM\">MAISBN.COM<\/a> e \u00a0RCNOESPORTE. GAMARRA Ainda sorteou v\u00e1rios brindes para todas as mam\u00e3es presentes no lilit\u00e3o doados pela Prefeita Alice Britto que marcou presen\u00e7a ao evento. Tamb\u00e9m doaram pr\u00eamios a Farm\u00e1cia Amparo, Loj\u00e3o 1,99, Mercearia do Matheus, Rudival Moveis, Vereador Idinho, Equipe da Pintura, Amigo \u00c9der, Bujega Eventos, amigo Dilson e Luciano ATNET LANHOUSE.<\/span><\/p>\n<p><a href=\"http:\/\/www.maisbn.com\/portal\/wp-content\/uploads\/2015\/05\/campeonatosdebelmonte00034.jpg\"><img loading=\"lazy\" decoding=\"async\" class=\"aligncenter size-full wp-image-7646\" src=\"http:\/\/www.maisbn.com\/portal\/wp-content\/uploads\/2015\/05\/campeonatosdebelmonte00034.jpg\" alt=\"campeonatosdebelmonte00034\" width=\"650\" height=\"412\" \/><\/a><\/p>\n<p><span style=\"color: #000000;\">Gamarra e equipe\u00a0 agradece o apoio total da Prefeitura Municipal, Secretaria de Esportes e Liga Desportiva de Belmonte.<\/span><\/p>\n","protected":false},"excerpt":{"rendered":"<p>Belmonte tem mais um final de semana dedicado ao esporte e v\u00e1rios atletas e torcedores lotaram os campos de futebol da cidade para mais uma celebra\u00e7\u00e3o \u00e0 sa\u00fade, a paz e a amizade. A festa j\u00e1 come\u00e7ou logo na manh\u00e3 de s\u00e1bado (09\/05) com a estreia dos campeonatos pr\u00e9-mirim e mirim que contemplou os jovens [&hellip;]<\/p>\n","protected":false},"author":7,"featured_media":7642,"comment_status":"open","ping_status":"open","sticky":false,"template":"","format":"standard","meta":{"footnotes":""},"categories":[10,1],"tags":[108],"class_list":["post-7641","post","type-post","status-publish","format-standard","has-post-thumbnail","hentry","category-esporte","category-noticias","tag-belmonte"],"_links":{"self":[{"href":"https:\/\/www.maisbn.com\/portal\/wp-json\/wp\/v2\/posts\/7641","targetHints":{"allow":["GET"]}}],"collection":[{"href":"https:\/\/www.maisbn.com\/portal\/wp-json\/wp\/v2\/posts"}],"about":[{"href":"https:\/\/www.maisbn.com\/portal\/wp-json\/wp\/v2\/types\/post"}],"author":[{"embeddable":true,"href":"https:\/\/www.maisbn.com\/portal\/wp-json\/wp\/v2\/users\/7"}],"replies":[{"embeddable":true,"href":"https:\/\/www.maisbn.com\/portal\/wp-json\/wp\/v2\/comments?post=7641"}],"version-history":[{"count":2,"href":"https:\/\/www.maisbn.com\/portal\/wp-json\/wp\/v2\/posts\/7641\/revisions"}],"predecessor-version":[{"id":7648,"href":"https:\/\/www.maisbn.com\/portal\/wp-json\/wp\/v2\/posts\/7641\/revisions\/7648"}],"wp:featuredmedia":[{"embeddable":true,"href":"https:\/\/www.maisbn.com\/portal\/wp-json\/wp\/v2\/media\/7642"}],"wp:attachment":[{"href":"https:\/\/www.maisbn.com\/portal\/wp-json\/wp\/v2\/media?parent=7641"}],"wp:term":[{"taxonomy":"category","embeddable":true,"href":"https:\/\/www.maisbn.com\/portal\/wp-json\/wp\/v2\/categories?post=7641"},{"taxonomy":"post_tag","embeddable":true,"href":"https:\/\/www.maisbn.com\/portal\/wp-json\/wp\/v2\/tags?post=7641"}],"curies":[{"name":"wp","href":"https:\/\/api.w.org\/{rel}","templated":true}]}}