{"id":7626,"date":"2015-05-07T21:46:19","date_gmt":"2015-05-08T00:46:19","guid":{"rendered":"http:\/\/www.maisbn.com\/portal\/?p=7626"},"modified":"2015-05-07T21:46:19","modified_gmt":"2015-05-08T00:46:19","slug":"enterro-do-empresario-papau-e-marcado-por-muita-tristeza-e-homenagens-dos-amigos","status":"publish","type":"post","link":"https:\/\/www.maisbn.com\/portal\/2015\/05\/enterro-do-empresario-papau-e-marcado-por-muita-tristeza-e-homenagens-dos-amigos\/","title":{"rendered":"Enterro do empres\u00e1rio Papau \u00e9 marcado por muita tristeza e homenagens dos amigos."},"content":{"rendered":"<p><a href=\"http:\/\/www.maisbn.com\/portal\/wp-content\/uploads\/2015\/05\/enterro_papau01.jpg\"><img loading=\"lazy\" decoding=\"async\" class=\"aligncenter size-full wp-image-7627\" src=\"http:\/\/www.maisbn.com\/portal\/wp-content\/uploads\/2015\/05\/enterro_papau01.jpg\" alt=\"enterro_papau01\" width=\"640\" height=\"480\" \/><\/a><\/p>\n<p><span style=\"color: #000000;\">Belmonte na tarde desta quinta-feira (07\/05) parou para dar o ultimo adeus ao empres\u00e1rio Paulo Nascimento, mas conhecido pelo apelido de Papau. O empres\u00e1rio faleceu ap\u00f3s um acidente acontecido na tarde desta quarta-feira (06\/05) onde o mesmo capotou o caminh\u00e3o de sua empresa na BA \u2013 275 em um trecho pr\u00f3ximo ao lix\u00e3o municipal. O empres\u00e1rio ainda foi socorrido com vida e acabou n\u00e3o resistindo aos ferimentos morrendo ao dar entrada no Hospital Dr. Jos\u00e9 da Costa Pinto Dantas.<\/span><\/p>\n<p><a href=\"http:\/\/www.maisbn.com\/portal\/wp-content\/uploads\/2015\/05\/IMG-20150507-WA0063.jpg\"><img loading=\"lazy\" decoding=\"async\" class=\"aligncenter wp-image-7630 size-full\" src=\"http:\/\/www.maisbn.com\/portal\/wp-content\/uploads\/2015\/05\/IMG-20150507-WA0063.jpg\" alt=\"IMG-20150507-WA0063\" width=\"640\" height=\"480\" \/><\/a><\/p>\n<p>&nbsp;<\/p>\n<p><a href=\"http:\/\/www.maisbn.com\/portal\/wp-content\/uploads\/2015\/05\/enterro_papau02.jpg\"><img loading=\"lazy\" decoding=\"async\" class=\"alignright  wp-image-7628\" src=\"http:\/\/www.maisbn.com\/portal\/wp-content\/uploads\/2015\/05\/enterro_papau02.jpg\" alt=\"enterro_papau02\" width=\"328\" height=\"437\" \/><\/a><span style=\"color: #000000;\">O vel\u00f3rio, que aconteceu na resid\u00eancia da fam\u00edlia do empres\u00e1rio, foi visitado por uma grande quantidade de amigos e <\/span><span style=\"color: #000000;\">autoridades locais. <\/span><span style=\"color: #000000;\">Papau era admirado por todos pelo seu sucesso empresarial. O empres\u00e1rio conseguiu transformar, gra\u00e7as \u00e0 sua grande determina\u00e7\u00e3o e trabalho, um pequeno bar em um conglomerado de empresas que engloba distribui\u00e7\u00e3o de bebidas, mercado, academia e centro comercial. Outra caracter\u00edstica marcante do empres\u00e1rio era o seu jeito calmo e amigo que cativava a todos que o conhecia.<\/span><\/p>\n<p><span style=\"color: #000000;\">O cortejo f\u00fanebre que come\u00e7ou por volta das 17:00Hrs da tarde contou com a presen\u00e7a de um grande n\u00famero de pessoas e Papau recebeu diversas homenagens da Associa\u00e7\u00e3o Master de Belmonte (AMB), da Lyra Popular de Belmonte, comerciantes e amigos. Era dif\u00edcil n\u00e3o se contagiar com o clima de tristeza que assolou a cidade.<\/span><\/p>\n<p><span style=\"color: #000000;\">O Cemit\u00e9rio Municipal ficou lotado durante o sepultamento e amigos e admiradores de Papau se apertavam na tentativa de dar o \u00faltimo adeus \u00e0 grande personalidade dessa pessoa que acreditou em seus sonhos e mostrou que, com trabalho e dedica\u00e7\u00e3o, as pessoas conseguem realizar os seus maiores sonhos.<\/span><\/p>\n","protected":false},"excerpt":{"rendered":"<p>Belmonte na tarde desta quinta-feira (07\/05) parou para dar o ultimo adeus ao empres\u00e1rio Paulo Nascimento, mas conhecido pelo apelido de Papau. O empres\u00e1rio faleceu ap\u00f3s um acidente acontecido na tarde desta quarta-feira (06\/05) onde o mesmo capotou o caminh\u00e3o de sua empresa na BA \u2013 275 em um trecho pr\u00f3ximo ao lix\u00e3o municipal. O [&hellip;]<\/p>\n","protected":false},"author":7,"featured_media":7627,"comment_status":"open","ping_status":"open","sticky":false,"template":"","format":"standard","meta":{"footnotes":""},"categories":[45,1],"tags":[108],"class_list":["post-7626","post","type-post","status-publish","format-standard","has-post-thumbnail","hentry","category-cidades","category-noticias","tag-belmonte"],"_links":{"self":[{"href":"https:\/\/www.maisbn.com\/portal\/wp-json\/wp\/v2\/posts\/7626","targetHints":{"allow":["GET"]}}],"collection":[{"href":"https:\/\/www.maisbn.com\/portal\/wp-json\/wp\/v2\/posts"}],"about":[{"href":"https:\/\/www.maisbn.com\/portal\/wp-json\/wp\/v2\/types\/post"}],"author":[{"embeddable":true,"href":"https:\/\/www.maisbn.com\/portal\/wp-json\/wp\/v2\/users\/7"}],"replies":[{"embeddable":true,"href":"https:\/\/www.maisbn.com\/portal\/wp-json\/wp\/v2\/comments?post=7626"}],"version-history":[{"count":1,"href":"https:\/\/www.maisbn.com\/portal\/wp-json\/wp\/v2\/posts\/7626\/revisions"}],"predecessor-version":[{"id":7631,"href":"https:\/\/www.maisbn.com\/portal\/wp-json\/wp\/v2\/posts\/7626\/revisions\/7631"}],"wp:featuredmedia":[{"embeddable":true,"href":"https:\/\/www.maisbn.com\/portal\/wp-json\/wp\/v2\/media\/7627"}],"wp:attachment":[{"href":"https:\/\/www.maisbn.com\/portal\/wp-json\/wp\/v2\/media?parent=7626"}],"wp:term":[{"taxonomy":"category","embeddable":true,"href":"https:\/\/www.maisbn.com\/portal\/wp-json\/wp\/v2\/categories?post=7626"},{"taxonomy":"post_tag","embeddable":true,"href":"https:\/\/www.maisbn.com\/portal\/wp-json\/wp\/v2\/tags?post=7626"}],"curies":[{"name":"wp","href":"https:\/\/api.w.org\/{rel}","templated":true}]}}