{"id":7617,"date":"2015-05-07T20:34:56","date_gmt":"2015-05-07T23:34:56","guid":{"rendered":"http:\/\/www.maisbn.com\/portal\/?p=7617"},"modified":"2015-05-07T20:34:56","modified_gmt":"2015-05-07T23:34:56","slug":"secretaria-municipal-de-saude-promove-grande-campanha-de-vacinacao-contra-a-influenza-gripe","status":"publish","type":"post","link":"https:\/\/www.maisbn.com\/portal\/2015\/05\/secretaria-municipal-de-saude-promove-grande-campanha-de-vacinacao-contra-a-influenza-gripe\/","title":{"rendered":"Secretaria Municipal de Sa\u00fade promove grande campanha de vacina\u00e7\u00e3o contra a Influenza (gripe)."},"content":{"rendered":"<p><a href=\"http:\/\/www.maisbn.com\/portal\/wp-content\/uploads\/2015\/05\/influenza.jpg\"><img loading=\"lazy\" decoding=\"async\" class=\"aligncenter size-full wp-image-7618\" src=\"http:\/\/www.maisbn.com\/portal\/wp-content\/uploads\/2015\/05\/influenza.jpg\" alt=\"influenza\" width=\"562\" height=\"404\" \/><\/a><\/p>\n<p><span style=\"color: #000000;\">No per\u00edodo de 04 a 22 de maio de 2015, ser\u00e1 realizada a 17\u00aa Campanha Nacional de Vacina\u00e7\u00e3o contra a influenza (gripe), sendo dia 09 de maio o dia de mobiliza\u00e7\u00e3o nacional das 08h00min as 17h00minhs na sede do munic\u00edpio e em Barrol\u00e2ndia. <\/span><\/p>\n<p><span style=\"color: #000000;\">\u201cVacina\u00e7\u00e3o contra Gripe: voc\u00ea n\u00e3o pode faltar dia 09 de maio \u00e9 o dia D contra gripe\u201d. Gestante em qualquer per\u00edodo gestacional, crian\u00e7as de 06 meses a menores de 05 anos de idade, profissionais da \u00e1rea de Sa\u00fade, portadores de doen\u00e7as cr\u00f4nicas, pu\u00e9rpera at\u00e9 45 dias p\u00f3s-parto e idosos acima de 60 anos est\u00e3o convidados a comparecer no posto de vacina\u00e7\u00e3o mais pr\u00f3ximo de sua resid\u00eancia para receber a vacina. Leve seu cart\u00e3o e participe. <\/span><\/p>\n<p><span style=\"color: #000000;\">Pontos de Vacina\u00e7\u00e3o:<\/span><\/p>\n<p><span style=\"color: #000000;\">Hospital Dr. Jos\u00e9 da costa Pinto Dantas.<\/span><br \/>\n<span style=\"color: #000000;\">Posto de sa\u00fade da ponta de areia. <\/span><br \/>\n<span style=\"color: #000000;\">Posto de Sa\u00fade do Bom Jardim.<\/span><br \/>\n<span style=\"color: #000000;\">Posto de Sa\u00fade da Biela.<\/span><\/p>\n","protected":false},"excerpt":{"rendered":"<p>No per\u00edodo de 04 a 22 de maio de 2015, ser\u00e1 realizada a 17\u00aa Campanha Nacional de Vacina\u00e7\u00e3o contra a influenza (gripe), sendo dia 09 de maio o dia de mobiliza\u00e7\u00e3o nacional das 08h00min as 17h00minhs na sede do munic\u00edpio e em Barrol\u00e2ndia. \u201cVacina\u00e7\u00e3o contra Gripe: voc\u00ea n\u00e3o pode faltar dia 09 de maio \u00e9 [&hellip;]<\/p>\n","protected":false},"author":7,"featured_media":7618,"comment_status":"open","ping_status":"open","sticky":false,"template":"","format":"standard","meta":{"footnotes":""},"categories":[1],"tags":[108],"class_list":["post-7617","post","type-post","status-publish","format-standard","has-post-thumbnail","hentry","category-noticias","tag-belmonte"],"_links":{"self":[{"href":"https:\/\/www.maisbn.com\/portal\/wp-json\/wp\/v2\/posts\/7617","targetHints":{"allow":["GET"]}}],"collection":[{"href":"https:\/\/www.maisbn.com\/portal\/wp-json\/wp\/v2\/posts"}],"about":[{"href":"https:\/\/www.maisbn.com\/portal\/wp-json\/wp\/v2\/types\/post"}],"author":[{"embeddable":true,"href":"https:\/\/www.maisbn.com\/portal\/wp-json\/wp\/v2\/users\/7"}],"replies":[{"embeddable":true,"href":"https:\/\/www.maisbn.com\/portal\/wp-json\/wp\/v2\/comments?post=7617"}],"version-history":[{"count":1,"href":"https:\/\/www.maisbn.com\/portal\/wp-json\/wp\/v2\/posts\/7617\/revisions"}],"predecessor-version":[{"id":7619,"href":"https:\/\/www.maisbn.com\/portal\/wp-json\/wp\/v2\/posts\/7617\/revisions\/7619"}],"wp:featuredmedia":[{"embeddable":true,"href":"https:\/\/www.maisbn.com\/portal\/wp-json\/wp\/v2\/media\/7618"}],"wp:attachment":[{"href":"https:\/\/www.maisbn.com\/portal\/wp-json\/wp\/v2\/media?parent=7617"}],"wp:term":[{"taxonomy":"category","embeddable":true,"href":"https:\/\/www.maisbn.com\/portal\/wp-json\/wp\/v2\/categories?post=7617"},{"taxonomy":"post_tag","embeddable":true,"href":"https:\/\/www.maisbn.com\/portal\/wp-json\/wp\/v2\/tags?post=7617"}],"curies":[{"name":"wp","href":"https:\/\/api.w.org\/{rel}","templated":true}]}}