{"id":7610,"date":"2015-05-07T18:56:06","date_gmt":"2015-05-07T21:56:06","guid":{"rendered":"http:\/\/www.maisbn.com\/portal\/?p=7610"},"modified":"2015-05-07T18:59:32","modified_gmt":"2015-05-07T21:59:32","slug":"prefeita-alice-britto-empossa-o-novo-secretario-municipal-de-saude-de-belmonte","status":"publish","type":"post","link":"https:\/\/www.maisbn.com\/portal\/2015\/05\/prefeita-alice-britto-empossa-o-novo-secretario-municipal-de-saude-de-belmonte\/","title":{"rendered":"Prefeita Alice Britto empossa o novo Secret\u00e1rio Municipal de Sa\u00fade de Belmonte."},"content":{"rendered":"<p><a href=\"http:\/\/www.maisbn.com\/portal\/wp-content\/uploads\/2015\/05\/possedosecretariodesaude00005.jpg\"><img loading=\"lazy\" decoding=\"async\" class=\"aligncenter size-full wp-image-7611\" src=\"http:\/\/www.maisbn.com\/portal\/wp-content\/uploads\/2015\/05\/possedosecretariodesaude00005.jpg\" alt=\"possedosecretariodesaude00005\" width=\"650\" height=\"412\" \/><\/a><\/p>\n<p><span style=\"color: #000000;\">A Prefeita Alice Britto, no uso das suas atribui\u00e7\u00f5es, empossou na manh\u00e3 dessa quinta-feira (07\/05) o m\u00e9dico Marcio Rocha como novo Secret\u00e1rio Municipal de Sa\u00fade. A cerim\u00f4nia aconteceu no gabinete da Prefeita e contou com a presen\u00e7a dos funcion\u00e1rios da Secretaria de Sa\u00fade que felicitaram o novo mandat\u00e1rio da pasta. Dr. Marcio agradeceu a todos pela presen\u00e7a e salientou em seu depoimento que ficou muito feliz com o convite da Prefeita Alice, que sabia que tinha um grande desafio e pediu a colabora\u00e7\u00e3o de todos os funcion\u00e1rios para que juntos conseguissem proporcionar uma sa\u00fade de qualidade para o povo belmontense.<\/span><\/p>\n<p><a href=\"http:\/\/www.maisbn.com\/portal\/wp-content\/uploads\/2015\/05\/possedosecretariodesaude00006.jpg\"><img loading=\"lazy\" decoding=\"async\" class=\"aligncenter size-full wp-image-7612\" src=\"http:\/\/www.maisbn.com\/portal\/wp-content\/uploads\/2015\/05\/possedosecretariodesaude00006.jpg\" alt=\"possedosecretariodesaude00006\" width=\"650\" height=\"412\" \/><\/a><\/p>\n<p><span style=\"color: #000000;\">A Prefeita Alice comentou que estava muito feliz e que escolheu o Doutor Marcio por conhecer o seu curr\u00edculo e seu comportamento como profissional. Segundo Alice, o motivo da escolha foi por sentir que a sa\u00fade belmontense precisava de uma mudan\u00e7a no perfil da gest\u00e3o e que n\u00e3o tinha nada contra a antiga mandat\u00e1ria da pasta a quem se referiu como \u00f3tima profissional que contribuiu muito para a sa\u00fade no munic\u00edpio. \u201cTodas as gest\u00f5es, sendo p\u00fablicas ou privadas, tem que sempre estar fazendo mudan\u00e7as nos seus rumos de acordo com a realidade que se apresenta e o munic\u00edpio de Belmonte n\u00e3o est\u00e1 fora disso. N\u00e3o tenho nada pra falar da antiga secret\u00e1ria. Ela \u00e9 uma boa profissional, mas eu percebi que eu preciso de um outro perfil de gest\u00e3o para a Secretaria de Sa\u00fade e foi isso que eu fiz. Eu estou com o cora\u00e7\u00e3o partido, mas o trabalho tem que continuar e reestrutura\u00e7\u00f5es tem que acontecer para que o nosso povo tenha a cada dia mais qualidade nos servi\u00e7os p\u00fablico.\u201d \u2013 Comentou a Prefeita Alice \u00e0 nossa reportagem.<\/span><\/p>\n","protected":false},"excerpt":{"rendered":"<p>A Prefeita Alice Britto, no uso das suas atribui\u00e7\u00f5es, empossou na manh\u00e3 dessa quinta-feira (07\/05) o m\u00e9dico Marcio Rocha como novo Secret\u00e1rio Municipal de Sa\u00fade. A cerim\u00f4nia aconteceu no gabinete da Prefeita e contou com a presen\u00e7a dos funcion\u00e1rios da Secretaria de Sa\u00fade que felicitaram o novo mandat\u00e1rio da pasta. Dr. Marcio agradeceu a todos [&hellip;]<\/p>\n","protected":false},"author":7,"featured_media":7611,"comment_status":"open","ping_status":"open","sticky":false,"template":"","format":"standard","meta":{"footnotes":""},"categories":[1,28],"tags":[108],"class_list":["post-7610","post","type-post","status-publish","format-standard","has-post-thumbnail","hentry","category-noticias","category-saude-noticias","tag-belmonte"],"_links":{"self":[{"href":"https:\/\/www.maisbn.com\/portal\/wp-json\/wp\/v2\/posts\/7610","targetHints":{"allow":["GET"]}}],"collection":[{"href":"https:\/\/www.maisbn.com\/portal\/wp-json\/wp\/v2\/posts"}],"about":[{"href":"https:\/\/www.maisbn.com\/portal\/wp-json\/wp\/v2\/types\/post"}],"author":[{"embeddable":true,"href":"https:\/\/www.maisbn.com\/portal\/wp-json\/wp\/v2\/users\/7"}],"replies":[{"embeddable":true,"href":"https:\/\/www.maisbn.com\/portal\/wp-json\/wp\/v2\/comments?post=7610"}],"version-history":[{"count":1,"href":"https:\/\/www.maisbn.com\/portal\/wp-json\/wp\/v2\/posts\/7610\/revisions"}],"predecessor-version":[{"id":7613,"href":"https:\/\/www.maisbn.com\/portal\/wp-json\/wp\/v2\/posts\/7610\/revisions\/7613"}],"wp:featuredmedia":[{"embeddable":true,"href":"https:\/\/www.maisbn.com\/portal\/wp-json\/wp\/v2\/media\/7611"}],"wp:attachment":[{"href":"https:\/\/www.maisbn.com\/portal\/wp-json\/wp\/v2\/media?parent=7610"}],"wp:term":[{"taxonomy":"category","embeddable":true,"href":"https:\/\/www.maisbn.com\/portal\/wp-json\/wp\/v2\/categories?post=7610"},{"taxonomy":"post_tag","embeddable":true,"href":"https:\/\/www.maisbn.com\/portal\/wp-json\/wp\/v2\/tags?post=7610"}],"curies":[{"name":"wp","href":"https:\/\/api.w.org\/{rel}","templated":true}]}}