{"id":7598,"date":"2015-05-06T17:00:05","date_gmt":"2015-05-06T20:00:05","guid":{"rendered":"http:\/\/www.maisbn.com\/portal\/?p=7598"},"modified":"2015-05-06T21:01:56","modified_gmt":"2015-05-07T00:01:56","slug":"conferencia-municipal-dos-direitos-da-crianca-e-do-adolescente-reuniu-centenas-de-pessoas","status":"publish","type":"post","link":"https:\/\/www.maisbn.com\/portal\/2015\/05\/conferencia-municipal-dos-direitos-da-crianca-e-do-adolescente-reuniu-centenas-de-pessoas\/","title":{"rendered":"Confer\u00eancia Municipal dos Direitos da Crian\u00e7a e do Adolescente reuniu centenas de pessoas."},"content":{"rendered":"<p><a href=\"http:\/\/www.maisbn.com\/portal\/wp-content\/uploads\/2015\/05\/conferencia00029.jpg\"><img loading=\"lazy\" decoding=\"async\" class=\"aligncenter size-full wp-image-7599\" src=\"http:\/\/www.maisbn.com\/portal\/wp-content\/uploads\/2015\/05\/conferencia00029.jpg\" alt=\"conferencia00029\" width=\"650\" height=\"412\" \/><\/a><\/p>\n<p><span style=\"color: #000000;\">Nesta ter\u00e7a-feira (05), no Espa\u00e7o de Eventos da Col\u00f4nia do Pescadores e Aquicultores Z-21 em Belmonte aconteceu a II Confer\u00eancia Municipal dos Direitos da Crian\u00e7a e do Adolescente.<\/span><\/p>\n<p><span style=\"color: #000000;\">A confer\u00eancia promovida pela Secretaria Municipal de Assist\u00eancia Social de Belmonte e o Conselho Municipal dos Direitos da Crian\u00e7a e do Adolescente (CMDCA), que reuniu centenas de pessoas na maioria jovens em torno da discuss\u00e3o sobre<em><strong> \u201cPol\u00edtica e Plano Decenal dos Direitos Humanos da Crian\u00e7a e do Adolescente \u2013 Fortalecendo os Conselhos de Direito da Crian\u00e7a e do Adolescente\u2019\u2019,<\/strong><\/em> que foi o tema da Confer\u00eancia.<\/span><\/p>\n<p><a href=\"http:\/\/www.maisbn.com\/portal\/wp-content\/uploads\/2015\/05\/conferencia00028.jpg\"><img loading=\"lazy\" decoding=\"async\" class=\"aligncenter size-full wp-image-7600\" src=\"http:\/\/www.maisbn.com\/portal\/wp-content\/uploads\/2015\/05\/conferencia00028.jpg\" alt=\"conferencia00028\" width=\"650\" height=\"412\" \/><\/a><\/p>\n<p><span style=\"color: #000000;\">Estavam presentes na abertura do evento, representando diversas autoridades n\u00e3o poderam comparecer pelo motivo do vel\u00f3rio do belmontense Gileu que estava sendo velado na Igreja Presbiteriana da Cidade.Entre elas, a palestrante Magna Rozana Fonseca, Leida Paula representando o Albervan Nunes(Secretario de A\u00e7\u00e3o Social), Alba Gomes de Oliveira, Presidente do CMDCA, Tenente Lago, representando a Sa\u00fade a psic\u00f3loga Jerusa, Nilceia Almeida do Conselho Tutelar, Regina Silva representando os adolescente e a Equipe Riso, Charles Brow representando o Legislativo, al\u00e9m de v\u00e1rias crian\u00e7as e adolescentes, representantes de institui\u00e7\u00f5es n\u00e3o governamentais, professores e membros do Conselho Tutelar.<\/span><\/p>\n<p><a href=\"http:\/\/www.maisbn.com\/portal\/wp-content\/uploads\/2015\/05\/conferencia00033.jpg\"><img loading=\"lazy\" decoding=\"async\" class=\"aligncenter size-full wp-image-7601\" src=\"http:\/\/www.maisbn.com\/portal\/wp-content\/uploads\/2015\/05\/conferencia00033.jpg\" alt=\"conferencia00033\" width=\"650\" height=\"412\" \/><\/a><\/p>\n<p><span style=\"color: #000000;\">Durante a manh\u00e3 aconteceu, palavras de boas vindas pelos integrantes da mesa, apresenta\u00e7\u00e3o cultural dos alunos da escola e Institui\u00e7\u00e3o Lar da Menina, seguida da palestra sobre o tema, ministrada por Magna Rozana Fonseca e a tarde os participantes se reuniram em grupos para discutir os eixos tem\u00e1ticos que foram:<\/span><\/p>\n<p><span style=\"color: #000000;\">Promo\u00e7\u00e3o dos Direitos de Crian\u00e7as e Adolescentes; Prote\u00e7\u00e3o e Defesa dos Direitos; Protagonismo e Participa\u00e7\u00e3o de Crian\u00e7as e Adolescentes; Controle Social e Efetiva\u00e7\u00e3o dos Direitos e Gest\u00e3o da Pol\u00edtica Nacional dos Direitos Humanos de Crian\u00e7as e Adolescentes. O CMDCA tamb\u00e9m escolheu os delegados para a confer\u00eancia estadual, conforme orienta\u00e7\u00e3o do Conselho Nacional dos Direitos da Crian\u00e7a e do adolescente (CONANDA).<\/span><\/p>\n<p><a href=\"http:\/\/www.maisbn.com\/portal\/wp-content\/uploads\/2015\/05\/conferencia00041.jpg\"><img loading=\"lazy\" decoding=\"async\" class=\"aligncenter size-full wp-image-7602\" src=\"http:\/\/www.maisbn.com\/portal\/wp-content\/uploads\/2015\/05\/conferencia00041.jpg\" alt=\"conferencia00041\" width=\"650\" height=\"412\" \/><\/a><\/p>\n<p><span style=\"color: #000000;\">Ao final da confer\u00eancia a prefeita Alice Maria Britto e o Secretario de A\u00e7\u00e3o Social falaram da import\u00e2ncia de realizar este evento.<\/span><\/p>\n<p>&nbsp;<\/p>\n","protected":false},"excerpt":{"rendered":"<p>Nesta ter\u00e7a-feira (05), no Espa\u00e7o de Eventos da Col\u00f4nia do Pescadores e Aquicultores Z-21 em Belmonte aconteceu a II Confer\u00eancia Municipal dos Direitos da Crian\u00e7a e do Adolescente. A confer\u00eancia promovida pela Secretaria Municipal de Assist\u00eancia Social de Belmonte e o Conselho Municipal dos Direitos da Crian\u00e7a e do Adolescente (CMDCA), que reuniu centenas de [&hellip;]<\/p>\n","protected":false},"author":7,"featured_media":7599,"comment_status":"open","ping_status":"open","sticky":false,"template":"","format":"standard","meta":{"footnotes":""},"categories":[1],"tags":[108],"class_list":["post-7598","post","type-post","status-publish","format-standard","has-post-thumbnail","hentry","category-noticias","tag-belmonte"],"_links":{"self":[{"href":"https:\/\/www.maisbn.com\/portal\/wp-json\/wp\/v2\/posts\/7598","targetHints":{"allow":["GET"]}}],"collection":[{"href":"https:\/\/www.maisbn.com\/portal\/wp-json\/wp\/v2\/posts"}],"about":[{"href":"https:\/\/www.maisbn.com\/portal\/wp-json\/wp\/v2\/types\/post"}],"author":[{"embeddable":true,"href":"https:\/\/www.maisbn.com\/portal\/wp-json\/wp\/v2\/users\/7"}],"replies":[{"embeddable":true,"href":"https:\/\/www.maisbn.com\/portal\/wp-json\/wp\/v2\/comments?post=7598"}],"version-history":[{"count":1,"href":"https:\/\/www.maisbn.com\/portal\/wp-json\/wp\/v2\/posts\/7598\/revisions"}],"predecessor-version":[{"id":7603,"href":"https:\/\/www.maisbn.com\/portal\/wp-json\/wp\/v2\/posts\/7598\/revisions\/7603"}],"wp:featuredmedia":[{"embeddable":true,"href":"https:\/\/www.maisbn.com\/portal\/wp-json\/wp\/v2\/media\/7599"}],"wp:attachment":[{"href":"https:\/\/www.maisbn.com\/portal\/wp-json\/wp\/v2\/media?parent=7598"}],"wp:term":[{"taxonomy":"category","embeddable":true,"href":"https:\/\/www.maisbn.com\/portal\/wp-json\/wp\/v2\/categories?post=7598"},{"taxonomy":"post_tag","embeddable":true,"href":"https:\/\/www.maisbn.com\/portal\/wp-json\/wp\/v2\/tags?post=7598"}],"curies":[{"name":"wp","href":"https:\/\/api.w.org\/{rel}","templated":true}]}}