{"id":7584,"date":"2015-05-06T18:25:00","date_gmt":"2015-05-06T21:25:00","guid":{"rendered":"http:\/\/www.maisbn.com\/portal\/?p=7584"},"modified":"2015-05-06T20:29:03","modified_gmt":"2015-05-06T23:29:03","slug":"empresario-belmontense-morre-em-acidente-na-ba-275-que-liga-barrolandia-a-belmonte","status":"publish","type":"post","link":"https:\/\/www.maisbn.com\/portal\/2015\/05\/empresario-belmontense-morre-em-acidente-na-ba-275-que-liga-barrolandia-a-belmonte\/","title":{"rendered":"Empres\u00e1rio belmontense morre em acidente na BA-275 trecho que liga Belmonte a Barrol\u00e2ndia."},"content":{"rendered":"<div id=\"attachment_7593\" style=\"width: 100px\" class=\"wp-caption alignright\"><a href=\"http:\/\/www.maisbn.com\/portal\/wp-content\/uploads\/2015\/05\/Gileu_ferraz.jpg\"><img loading=\"lazy\" decoding=\"async\" aria-describedby=\"caption-attachment-7593\" class=\" wp-image-7593\" src=\"http:\/\/www.maisbn.com\/portal\/wp-content\/uploads\/2015\/05\/Gileu_ferraz.jpg\" alt=\"Gilealde Ferra &quot;Gileu&quot;\" width=\"90\" height=\"103\" \/><\/a><p id=\"caption-attachment-7593\" class=\"wp-caption-text\">Gilealde Ferraz &#8220;Gileu&#8221;<\/p><\/div>\n<p><span style=\"color: #000000;\">Diante de tantas mortes que aconteceram nesses \u00faltimos meses, algumas inesperadas causadas por acidentes e doen\u00e7as fatais como a dos jovens Murilo Lyra e Jorge Alberto, hoje \u00e0 tarde, enquanto a cidade ainda chorava a perda de Gilealde Ferraz, mais conhecido como \u201cGileu\u201d, belmontense, Oficial de Justi\u00e7a que faleceu ap\u00f3s ter complica\u00e7\u00f5es de sa\u00fade e foi sepultado ontem (05\/05), Belmonte ficou ainda mais triste com a not\u00edcia do acidente que ceifou a vida do Empres\u00e1rio Paulo Nascimento, mais conhecido como \u201cPapau\u201d.<\/span><\/p>\n<div id=\"attachment_7591\" style=\"width: 683px\" class=\"wp-caption aligncenter\"><a href=\"http:\/\/www.maisbn.com\/portal\/wp-content\/uploads\/2015\/05\/IMG-20150506-WA0007-700x3941.jpg\"><img loading=\"lazy\" decoding=\"async\" aria-describedby=\"caption-attachment-7591\" class=\"wp-image-7591 size-full\" src=\"http:\/\/www.maisbn.com\/portal\/wp-content\/uploads\/2015\/05\/IMG-20150506-WA0007-700x3941.jpg\" alt=\"IMG-20150506-WA0007-700x394\" width=\"673\" height=\"295\" \/><\/a><p id=\"caption-attachment-7591\" class=\"wp-caption-text\">Curiosos no local do acidente &#8211; ao lado a foto do Empres\u00e1rio Papau<\/p><\/div>\n<p><span style=\"color: #000000;\">O acidente aconteceu na tarde desta quarta-feira 06-05-2015 na BA-275 que liga Barrol\u00e2ndia a Belmonte trecho pr\u00f3ximo ao lix\u00e3o municipal. Segundo informa\u00e7\u00f5es preliminares Papau seguia em dire\u00e7\u00e3o a Belmonte conduzindo um caminh\u00e3o de pequeno porte de sua empresa quando perdeu o controle da dire\u00e7\u00e3o e saiu da estrada capotando o ve\u00edculo. As informa\u00e7\u00f5es ainda constam que Papau foi arremessado do ve\u00edculo aproximadamente 20 metros durante o capotamento. O empres\u00e1rio ainda foi socorrido com vida, mas n\u00e3o resistiu aos ferimentos e morreu quando deu entrada no hospital em Belmonte. Um funcion\u00e1rio que acompanhava o empres\u00e1rio na viagem teve apenas ferimentos leves e est\u00e1 fora de perigo.<\/span><\/p>\n<p><a href=\"http:\/\/www.maisbn.com\/portal\/wp-content\/uploads\/2015\/05\/Papau-acidente.jpg\"><img loading=\"lazy\" decoding=\"async\" class=\" size-full wp-image-7588 aligncenter\" src=\"http:\/\/www.maisbn.com\/portal\/wp-content\/uploads\/2015\/05\/Papau-acidente.jpg\" alt=\"Papau-acidente\" width=\"640\" height=\"326\" \/><\/a><\/p>\n<p>&nbsp;<\/p>\n<p>&nbsp;<\/p>\n","protected":false},"excerpt":{"rendered":"<p>Diante de tantas mortes que aconteceram nesses \u00faltimos meses, algumas inesperadas causadas por acidentes e doen\u00e7as fatais como a dos jovens Murilo Lyra e Jorge Alberto, hoje \u00e0 tarde, enquanto a cidade ainda chorava a perda de Gilealde Ferraz, mais conhecido como \u201cGileu\u201d, belmontense, Oficial de Justi\u00e7a que faleceu ap\u00f3s ter complica\u00e7\u00f5es de sa\u00fade e [&hellip;]<\/p>\n","protected":false},"author":1,"featured_media":7591,"comment_status":"open","ping_status":"open","sticky":false,"template":"","format":"standard","meta":{"footnotes":""},"categories":[198,1],"tags":[638,108,44,101],"class_list":["post-7584","post","type-post","status-publish","format-standard","has-post-thumbnail","hentry","category-acidente","category-noticias","tag-acidente","tag-belmonte","tag-belmonte-ba","tag-belmonte-bahia-2"],"_links":{"self":[{"href":"https:\/\/www.maisbn.com\/portal\/wp-json\/wp\/v2\/posts\/7584","targetHints":{"allow":["GET"]}}],"collection":[{"href":"https:\/\/www.maisbn.com\/portal\/wp-json\/wp\/v2\/posts"}],"about":[{"href":"https:\/\/www.maisbn.com\/portal\/wp-json\/wp\/v2\/types\/post"}],"author":[{"embeddable":true,"href":"https:\/\/www.maisbn.com\/portal\/wp-json\/wp\/v2\/users\/1"}],"replies":[{"embeddable":true,"href":"https:\/\/www.maisbn.com\/portal\/wp-json\/wp\/v2\/comments?post=7584"}],"version-history":[{"count":7,"href":"https:\/\/www.maisbn.com\/portal\/wp-json\/wp\/v2\/posts\/7584\/revisions"}],"predecessor-version":[{"id":7597,"href":"https:\/\/www.maisbn.com\/portal\/wp-json\/wp\/v2\/posts\/7584\/revisions\/7597"}],"wp:featuredmedia":[{"embeddable":true,"href":"https:\/\/www.maisbn.com\/portal\/wp-json\/wp\/v2\/media\/7591"}],"wp:attachment":[{"href":"https:\/\/www.maisbn.com\/portal\/wp-json\/wp\/v2\/media?parent=7584"}],"wp:term":[{"taxonomy":"category","embeddable":true,"href":"https:\/\/www.maisbn.com\/portal\/wp-json\/wp\/v2\/categories?post=7584"},{"taxonomy":"post_tag","embeddable":true,"href":"https:\/\/www.maisbn.com\/portal\/wp-json\/wp\/v2\/tags?post=7584"}],"curies":[{"name":"wp","href":"https:\/\/api.w.org\/{rel}","templated":true}]}}