{"id":7579,"date":"2015-05-06T12:21:06","date_gmt":"2015-05-06T15:21:06","guid":{"rendered":"http:\/\/www.maisbn.com\/portal\/?p=7579"},"modified":"2015-05-06T12:21:06","modified_gmt":"2015-05-06T15:21:06","slug":"veracel-celulose-divulga-relatorio-de-sustentabilidade-2014","status":"publish","type":"post","link":"https:\/\/www.maisbn.com\/portal\/2015\/05\/veracel-celulose-divulga-relatorio-de-sustentabilidade-2014\/","title":{"rendered":"Veracel Celulose divulga Relat\u00f3rio de Sustentabilidade 2014."},"content":{"rendered":"<p><a href=\"http:\/\/www.maisbn.com\/portal\/wp-content\/uploads\/2015\/05\/veracel_1.jpg\"><img loading=\"lazy\" decoding=\"async\" class=\"aligncenter size-full wp-image-7580\" src=\"http:\/\/www.maisbn.com\/portal\/wp-content\/uploads\/2015\/05\/veracel_1.jpg\" alt=\"veracel_1\" width=\"640\" height=\"360\" \/><\/a><\/p>\n<p><span style=\"color: #000000;\">A Veracel Celulose divulga a 10\u00aa edi\u00e7\u00e3o do seu Relat\u00f3rio de Sustentabilidade. O documento que \u00e9 elaborado com base em diretrizes do Global Reporting Initiative (GRI), modelo de produ\u00e7\u00e3o de relat\u00f3rios de sustentabilidade mais difundido entre organiza\u00e7\u00f5es em todo o mundo, apresenta informa\u00e7\u00f5es sobre o desempenho econ\u00f4mico, social e ambiental da empresa durante o ano de 2014. Segundo o presidente Sergio Alipio, a cada ano a gest\u00e3o dos indicadores \u00e9 aprimorada, com acompanhamento sistem\u00e1tico daquilo que \u00e9 relevante para a empresa e para seus p\u00fablicos.<\/span><\/p>\n<p><span style=\"color: #000000;\">A marca hist\u00f3rica de 10 milh\u00f5es de toneladas de celulose produzidas \u00e9 uma importante refer\u00eancia na edi\u00e7\u00e3o. Assim como a manuten\u00e7\u00e3o e o fortalecimento do di\u00e1logo com as comunidades em que a empresa atua e a consolida\u00e7\u00e3o dos processos de produ\u00e7\u00e3o e desempenho ambiental. Alguns dos temas elencados como pauta de monitoramento em 2014 foram o consumo de \u00e1gua, emiss\u00f5es atmosf\u00e9ricas, gest\u00e3o de res\u00edduos, compras locais, gera\u00e7\u00e3o de tributos, investimentos sociais, dentre outros. \u201cEntendemos que n\u00e3o se trata de publicidade, mas de um relato honesto e transparente do aprendizado di\u00e1rio de produzir celulose a partir da fibra curta de eucalipto\u201d, destaca Sergio Alipio.<\/span><\/p>\n<p><span style=\"color: #000000;\">Considerado uma das principais ferramentas de presta\u00e7\u00e3o de contas do desempenho da empresa, a partir de 2013 a Veracel passou a adotar o modelo Essencial da GRI, vers\u00e3o G4, para o seu Relat\u00f3rio de Sustentabilidade. Esse formato confere mais objetividade e materialidade \u00e0s informa\u00e7\u00f5es, enfatizando temas de interesse dos p\u00fablicos com os quais a empresa se relaciona.<\/span><\/p>\n<p><span style=\"color: #000000;\">O Relat\u00f3rio de Sustentabilidade 2014 da Veracel est\u00e1 dispon\u00edvel no site da empresa e pode ser acessado clicando: <strong>Sobre a Veracel<\/strong> =&gt; <strong>Transpar\u00eancia<\/strong> =&gt; <strong>Relat\u00f3rio de Sustentabilidade<\/strong>. Caso o leitor queira enviar qualquer d\u00favida, cr\u00edtica, sugest\u00e3o ou elogio, \u00e9 poss\u00edvel usar o Fale Conosco da empresa, tamb\u00e9m dispon\u00edvel no site\u00a0<a style=\"color: #000000;\" href=\"http:\/\/www.veracel.com.br\/pt\/Home.aspx\" target=\"_blank\">www.veracel.com.br<\/a><\/span><\/p>\n","protected":false},"excerpt":{"rendered":"<p>A Veracel Celulose divulga a 10\u00aa edi\u00e7\u00e3o do seu Relat\u00f3rio de Sustentabilidade. O documento que \u00e9 elaborado com base em diretrizes do Global Reporting Initiative (GRI), modelo de produ\u00e7\u00e3o de relat\u00f3rios de sustentabilidade mais difundido entre organiza\u00e7\u00f5es em todo o mundo, apresenta informa\u00e7\u00f5es sobre o desempenho econ\u00f4mico, social e ambiental da empresa durante o ano [&hellip;]<\/p>\n","protected":false},"author":7,"featured_media":7580,"comment_status":"open","ping_status":"open","sticky":false,"template":"","format":"standard","meta":{"footnotes":""},"categories":[29,1],"tags":[108],"class_list":["post-7579","post","type-post","status-publish","format-standard","has-post-thumbnail","hentry","category-empreendimentos","category-noticias","tag-belmonte"],"_links":{"self":[{"href":"https:\/\/www.maisbn.com\/portal\/wp-json\/wp\/v2\/posts\/7579","targetHints":{"allow":["GET"]}}],"collection":[{"href":"https:\/\/www.maisbn.com\/portal\/wp-json\/wp\/v2\/posts"}],"about":[{"href":"https:\/\/www.maisbn.com\/portal\/wp-json\/wp\/v2\/types\/post"}],"author":[{"embeddable":true,"href":"https:\/\/www.maisbn.com\/portal\/wp-json\/wp\/v2\/users\/7"}],"replies":[{"embeddable":true,"href":"https:\/\/www.maisbn.com\/portal\/wp-json\/wp\/v2\/comments?post=7579"}],"version-history":[{"count":1,"href":"https:\/\/www.maisbn.com\/portal\/wp-json\/wp\/v2\/posts\/7579\/revisions"}],"predecessor-version":[{"id":7581,"href":"https:\/\/www.maisbn.com\/portal\/wp-json\/wp\/v2\/posts\/7579\/revisions\/7581"}],"wp:featuredmedia":[{"embeddable":true,"href":"https:\/\/www.maisbn.com\/portal\/wp-json\/wp\/v2\/media\/7580"}],"wp:attachment":[{"href":"https:\/\/www.maisbn.com\/portal\/wp-json\/wp\/v2\/media?parent=7579"}],"wp:term":[{"taxonomy":"category","embeddable":true,"href":"https:\/\/www.maisbn.com\/portal\/wp-json\/wp\/v2\/categories?post=7579"},{"taxonomy":"post_tag","embeddable":true,"href":"https:\/\/www.maisbn.com\/portal\/wp-json\/wp\/v2\/tags?post=7579"}],"curies":[{"name":"wp","href":"https:\/\/api.w.org\/{rel}","templated":true}]}}