{"id":7562,"date":"2015-04-30T16:15:22","date_gmt":"2015-04-30T19:15:22","guid":{"rendered":"http:\/\/www.maisbn.com\/portal\/?p=7562"},"modified":"2015-04-30T16:16:53","modified_gmt":"2015-04-30T19:16:53","slug":"empresa-de-barrolandia-recebe-certificado-de-qualidade-da-veracel","status":"publish","type":"post","link":"https:\/\/www.maisbn.com\/portal\/2015\/04\/empresa-de-barrolandia-recebe-certificado-de-qualidade-da-veracel\/","title":{"rendered":"Empresa de Barrol\u00e2ndia recebe Certificado de Qualidade da Veracel."},"content":{"rendered":"<p><a href=\"http:\/\/www.maisbn.com\/portal\/wp-content\/uploads\/2015\/04\/eman_ibras.jpg\"><img loading=\"lazy\" decoding=\"async\" class=\"aligncenter size-full wp-image-7563\" src=\"http:\/\/www.maisbn.com\/portal\/wp-content\/uploads\/2015\/04\/eman_ibras.jpg\" alt=\"eman_ibras\" width=\"700\" height=\"382\" \/><\/a><\/p>\n<p><span style=\"color: #000000;\">Aconteceu na tarde desta quinta-feira,(27\/04\/15), a Certifica\u00e7\u00e3o das empresas integrantes do PQF Veracel e do PQF Andritz, evento promovido pelo IEL, onde a Eman Fibras recebeu o pr\u00eamio categoria Rubi.<\/span><\/p>\n<p><span style=\"color: #000000;\">O Programa de Qualifica\u00e7\u00e3o de Fornecedores \u2013 PQF \u00e9 uma iniciativa da Federa\u00e7\u00e3o das Industrias do Estado da Bahia, executado pelo IEL\/Ba, que visa promover a melhoria da qualidade dos servi\u00e7os prestados \u00e0s empresas \u00e2ncoras, neste caso, Veracel Celulose e Sindus Andritz, pelas empresas fornecedoras, atrav\u00e9s da qualifica\u00e7\u00e3o em Gest\u00e3o Empresarial, Qualidade, Meio Ambiente, Sa\u00fade e Seguran\u00e7a no Trabalho e Responsabilidade Social Empresarial. Com maior capacidade de fornecimento, essas empresas atendem melhor aos requisitos de compra das empresas \u00e2ncoras e aumentam as possibilidades de gera\u00e7\u00e3o neg\u00f3cio, o que contribui, diretamente, para o desenvolvimento local e regional. A metodologia do PQF \u00e9 pauta nas boas pr\u00e1ticas das principais normas internacionais de qualidade, a saber: ISO 9000, ISO 14000, SA 8000 e OSAS 18000.<\/span><br \/>\n<span style=\"color: #000000;\"> Objetivos do PQF<\/span><br \/>\n<span style=\"color: #000000;\"> \u2022 Disseminar e implementar as boas pr\u00e1ticas de gest\u00e3o;<\/span><br \/>\n<span style=\"color: #000000;\"> \u2022 Promover a melhoria t\u00e9cnico-gerencial da dire\u00e7\u00e3o das empresas envolvidas;<\/span><br \/>\n<span style=\"color: #000000;\"> \u2022 Estimular a sinergia entre as empresas com a finalidade de forma\u00e7\u00e3o de alian\u00e7as e associa\u00e7\u00f5es;<\/span><br \/>\n<span style=\"color: #000000;\"> \u2022 Promover a participa\u00e7\u00e3o de MPE\u2019s nas tomadas de pre\u00e7o da empresa \u00e2ncora, oportunizando a gera\u00e7\u00e3o de neg\u00f3cios.<\/span><br \/>\n<span style=\"color: #000000;\"> Ao final do Programa, as empresas que alcan\u00e7am a partir de 50% de atendimento dos crit\u00e9rios, recebem a certifica\u00e7\u00e3o, conforme descrito a seguir:<\/span><br \/>\n<span style=\"color: #000000;\"> \u2022 Certifica\u00e7\u00e3o Top\u00e1zio para as empresas que atendem a partir de 50% dos crit\u00e9rios;<\/span><br \/>\n<span style=\"color: #000000;\"> \u2022 Certifica\u00e7\u00e3o Rubi para as empresas que atendem a partir de 70% dos crit\u00e9rios;<\/span><br \/>\n<span style=\"color: #000000;\"> \u2022 Certifica\u00e7\u00e3o Diamante para quem atende 100% dos crit\u00e9rios da metodologia PQF. Esta \u00faltima \u00e9 chancelada pela BSI e tem validade em todo o territ\u00f3rio nacional.<\/span><br \/>\n<span style=\"color: #000000;\"> Abaixo, a rela\u00e7\u00e3o das empresas Certificadas no evento:<\/span><br \/>\n<span style=\"color: #000000;\"> PQF Andritz \u2013 Categoria Rubi<\/span><br \/>\n<span style=\"color: #000000;\"> \u2022 King Pest Control.<\/span><br \/>\n<span style=\"color: #000000;\"> \u2022 Calpan<\/span><br \/>\n<span style=\"color: #000000;\"> \u2022 Eman Servi\u00e7os Industriais<\/span><br \/>\n<span style=\"color: #000000;\"> PQF Andritz \u2013 Categoria Diamante<\/span><br \/>\n<span style=\"color: #000000;\"> \u2022 Tratex<\/span><br \/>\n<span style=\"color: #000000;\"> \u2022 SportLine<\/span><br \/>\n<span style=\"color: #000000;\"> \u2022 B&amp;G<\/span><br \/>\n<span style=\"color: #000000;\"> \u2022 Bastos Service<\/span><br \/>\n<span style=\"color: #000000;\"> \u2022<\/span><br \/>\n<span style=\"color: #000000;\"> \u2022 PQF Veracel \u2013 Categoria Rubi<\/span><br \/>\n<span style=\"color: #000000;\"> \u2022 Carpelo<\/span><br \/>\n<span style=\"color: #000000;\"> \u2022 Trevo Florestal<\/span><br \/>\n<span style=\"color: #000000;\"> \u2022 Jun\u00e7\u00e3o Telecomunica\u00e7\u00f5es<\/span><br \/>\n<span style=\"color: #000000;\"> \u2022 Equil\u00edbrio Florestal<\/span><br \/>\n<span style=\"color: #000000;\"> \u2022 JSL<\/span><br \/>\n<span style=\"color: #000000;\"> \u2022 Atelier da Informa\u00e7\u00e3o<\/span><br \/>\n<span style=\"color: #000000;\"> PQF Veracel \u2013 Categoria Diamante<\/span><br \/>\n<span style=\"color: #000000;\"> \u2022 Wise Med<\/span><br \/>\n<span style=\"color: #000000;\"> \u2022 Sat\u00e9llite Topografia<\/span><br \/>\n<span style=\"color: #000000;\"> \u2022 Lemos Passos<\/span><br \/>\n<span style=\"color: #000000;\"> \u2022 Bonella Florestal<\/span><br \/>\n<span style=\"color: #000000;\"> \u2022 KTM<\/span><br \/>\n<span style=\"color: #000000;\"> \u2022 GO Bertoldi<\/span><br \/>\n<span style=\"color: #000000;\"> \u2022 Copysul<\/span><br \/>\n<span style=\"color: #000000;\"> \u2022 Mesal Eunaman<\/span><br \/>\n<span style=\"color: #000000;\"> \u2022 Komatsu<\/span><br \/>\n<span style=\"color: #000000;\"> \u2022 Ponsse<\/span><br \/>\n<span style=\"color: #000000;\"> \u2022 BRA Log\u00edstica<\/span><br \/>\n<span style=\"color: #000000;\"> \u2022 Brasileiro<\/span><br \/>\n<span style=\"color: #000000;\"> \u2022 Visel<\/span><br \/>\n<span style=\"color: #000000;\"> \u2022 2Tree Consultoria<\/span><br \/>\n<span style=\"color: #000000;\"> O PQF Veracel ter\u00e1 continuidade. O programa foi renovado para o 4\u00ba ciclo, no pleito 2015\/2016, onde 25 empresas ser\u00e3o capacitadas nas \u00e1reas de Gest\u00e3o da Inova\u00e7\u00e3o, Qualidade, Gest\u00e3o Financeira, Gest\u00e3o de Recursos Humanos, Rela\u00e7\u00f5es Comerciais, Gest\u00e3o de Processos, Gest\u00e3o Empresarial, SST, Meio Ambiente, Responsabilidade Social.<\/span><\/p>\n<p><em><strong>Fonte: Jornal de Belmonte<\/strong><\/em><\/p>\n","protected":false},"excerpt":{"rendered":"<p>Aconteceu na tarde desta quinta-feira,(27\/04\/15), a Certifica\u00e7\u00e3o das empresas integrantes do PQF Veracel e do PQF Andritz, evento promovido pelo IEL, onde a Eman Fibras recebeu o pr\u00eamio categoria Rubi. O Programa de Qualifica\u00e7\u00e3o de Fornecedores \u2013 PQF \u00e9 uma iniciativa da Federa\u00e7\u00e3o das Industrias do Estado da Bahia, executado pelo IEL\/Ba, que visa promover [&hellip;]<\/p>\n","protected":false},"author":7,"featured_media":7563,"comment_status":"open","ping_status":"open","sticky":false,"template":"","format":"standard","meta":{"footnotes":""},"categories":[29,1],"tags":[165],"class_list":["post-7562","post","type-post","status-publish","format-standard","has-post-thumbnail","hentry","category-empreendimentos","category-noticias","tag-barrolandia"],"_links":{"self":[{"href":"https:\/\/www.maisbn.com\/portal\/wp-json\/wp\/v2\/posts\/7562","targetHints":{"allow":["GET"]}}],"collection":[{"href":"https:\/\/www.maisbn.com\/portal\/wp-json\/wp\/v2\/posts"}],"about":[{"href":"https:\/\/www.maisbn.com\/portal\/wp-json\/wp\/v2\/types\/post"}],"author":[{"embeddable":true,"href":"https:\/\/www.maisbn.com\/portal\/wp-json\/wp\/v2\/users\/7"}],"replies":[{"embeddable":true,"href":"https:\/\/www.maisbn.com\/portal\/wp-json\/wp\/v2\/comments?post=7562"}],"version-history":[{"count":3,"href":"https:\/\/www.maisbn.com\/portal\/wp-json\/wp\/v2\/posts\/7562\/revisions"}],"predecessor-version":[{"id":7566,"href":"https:\/\/www.maisbn.com\/portal\/wp-json\/wp\/v2\/posts\/7562\/revisions\/7566"}],"wp:featuredmedia":[{"embeddable":true,"href":"https:\/\/www.maisbn.com\/portal\/wp-json\/wp\/v2\/media\/7563"}],"wp:attachment":[{"href":"https:\/\/www.maisbn.com\/portal\/wp-json\/wp\/v2\/media?parent=7562"}],"wp:term":[{"taxonomy":"category","embeddable":true,"href":"https:\/\/www.maisbn.com\/portal\/wp-json\/wp\/v2\/categories?post=7562"},{"taxonomy":"post_tag","embeddable":true,"href":"https:\/\/www.maisbn.com\/portal\/wp-json\/wp\/v2\/tags?post=7562"}],"curies":[{"name":"wp","href":"https:\/\/api.w.org\/{rel}","templated":true}]}}