{"id":7557,"date":"2015-04-29T10:03:21","date_gmt":"2015-04-29T13:03:21","guid":{"rendered":"http:\/\/www.maisbn.com\/portal\/?p=7557"},"modified":"2015-04-29T10:03:21","modified_gmt":"2015-04-29T13:03:21","slug":"grande-evento-marca-o-aniversario-de-48-anos-do-amigo-bujega","status":"publish","type":"post","link":"https:\/\/www.maisbn.com\/portal\/2015\/04\/grande-evento-marca-o-aniversario-de-48-anos-do-amigo-bujega\/","title":{"rendered":"Grande evento marca o anivers\u00e1rio de 48 anos do amigo Bujega."},"content":{"rendered":"<p><a href=\"http:\/\/www.maisbn.com\/portal\/wp-content\/uploads\/2015\/04\/mosaico_bujega.jpg\"><img loading=\"lazy\" decoding=\"async\" class=\"aligncenter size-full wp-image-7558\" src=\"http:\/\/www.maisbn.com\/portal\/wp-content\/uploads\/2015\/04\/mosaico_bujega.jpg\" alt=\"mosaico_bujega\" width=\"700\" height=\"450\" \/><\/a><\/p>\n<p><span style=\"color: #000000;\">No \u00faltimo domingo (26\/04) mais um grande evento aconteceu em Belmonte. Estamos falando do anivers\u00e1rio de 48 anos do excelent\u00edssimo senhor Jos\u00e9 Unildo, mas conhecido pela comunidade pelo apelido de Bujega. O evento, que aconteceu no espa\u00e7o Bambuzal reuniu um grande n\u00famero de amigos e familiares e contou com muita cerveja gelada e um delicioso churrasco.<\/span><\/p>\n<p><span style=\"color: #000000;\">O som ficou por conta de v\u00e1rios m\u00fasicos e grupos da cidade, entre eles estavam o Grupo Pegada Quente, Jo\u00e3ozinho do Grupo Mania, Joca e o Grupo Kaia no Balan\u00e7o, Nado e Grupo Mal\u00edcia, Shel e Barr\u00e3o, Grupo Sintonia do Desejo, Grupo Sem Censura, Rener e Rose, Jura do Cafofo e ainda tivemos a participa\u00e7\u00e3o dos guitarristas Jadson da banda Leva Nois e Cauby Santos da banda Acson no Comando.<\/span><\/p>\n<p><span style=\"color: #000000;\">Bujega, que trabalha de pedreiro, \u00e9 muito querido na comunidade belmontense e v\u00e1rias pessoas o cumprimentaram e participaram da festa que rolou at\u00e9 altas horas com muita alegria e divers\u00e3o.<\/span><\/p>\n","protected":false},"excerpt":{"rendered":"<p>No \u00faltimo domingo (26\/04) mais um grande evento aconteceu em Belmonte. Estamos falando do anivers\u00e1rio de 48 anos do excelent\u00edssimo senhor Jos\u00e9 Unildo, mas conhecido pela comunidade pelo apelido de Bujega. O evento, que aconteceu no espa\u00e7o Bambuzal reuniu um grande n\u00famero de amigos e familiares e contou com muita cerveja gelada e um delicioso [&hellip;]<\/p>\n","protected":false},"author":7,"featured_media":7558,"comment_status":"open","ping_status":"open","sticky":false,"template":"","format":"standard","meta":{"footnotes":""},"categories":[1],"tags":[108],"class_list":["post-7557","post","type-post","status-publish","format-standard","has-post-thumbnail","hentry","category-noticias","tag-belmonte"],"_links":{"self":[{"href":"https:\/\/www.maisbn.com\/portal\/wp-json\/wp\/v2\/posts\/7557","targetHints":{"allow":["GET"]}}],"collection":[{"href":"https:\/\/www.maisbn.com\/portal\/wp-json\/wp\/v2\/posts"}],"about":[{"href":"https:\/\/www.maisbn.com\/portal\/wp-json\/wp\/v2\/types\/post"}],"author":[{"embeddable":true,"href":"https:\/\/www.maisbn.com\/portal\/wp-json\/wp\/v2\/users\/7"}],"replies":[{"embeddable":true,"href":"https:\/\/www.maisbn.com\/portal\/wp-json\/wp\/v2\/comments?post=7557"}],"version-history":[{"count":1,"href":"https:\/\/www.maisbn.com\/portal\/wp-json\/wp\/v2\/posts\/7557\/revisions"}],"predecessor-version":[{"id":7559,"href":"https:\/\/www.maisbn.com\/portal\/wp-json\/wp\/v2\/posts\/7557\/revisions\/7559"}],"wp:featuredmedia":[{"embeddable":true,"href":"https:\/\/www.maisbn.com\/portal\/wp-json\/wp\/v2\/media\/7558"}],"wp:attachment":[{"href":"https:\/\/www.maisbn.com\/portal\/wp-json\/wp\/v2\/media?parent=7557"}],"wp:term":[{"taxonomy":"category","embeddable":true,"href":"https:\/\/www.maisbn.com\/portal\/wp-json\/wp\/v2\/categories?post=7557"},{"taxonomy":"post_tag","embeddable":true,"href":"https:\/\/www.maisbn.com\/portal\/wp-json\/wp\/v2\/tags?post=7557"}],"curies":[{"name":"wp","href":"https:\/\/api.w.org\/{rel}","templated":true}]}}