{"id":7547,"date":"2015-04-29T08:31:58","date_gmt":"2015-04-29T11:31:58","guid":{"rendered":"http:\/\/www.maisbn.com\/portal\/?p=7547"},"modified":"2015-04-29T08:31:58","modified_gmt":"2015-04-29T11:31:58","slug":"cmcda-publica-nova-retificacao-para-o-edital-que-rege-a-selecao-dos-novos-conselheiros-tutelares-em-belmonte","status":"publish","type":"post","link":"https:\/\/www.maisbn.com\/portal\/2015\/04\/cmcda-publica-nova-retificacao-para-o-edital-que-rege-a-selecao-dos-novos-conselheiros-tutelares-em-belmonte\/","title":{"rendered":"CMCDA publica nova retifica\u00e7\u00e3o para o edital que rege a sele\u00e7\u00e3o dos novos conselheiros tutelares em Belmonte."},"content":{"rendered":"<p><span style=\"color: #000000;\">O Conselho Municipal dos Direitos da Crian\u00e7a e do Adolescente do Munic\u00edpio de Belmonte lan\u00e7ou a Resolu\u00e7\u00e3o de retifica\u00e7\u00e3o n\u00ba 06\/2015 ao Edital de Abertura do Processo de Elei\u00e7\u00e3o dos Membros do ano quatri\u00eanio do Conselho Tutelar n\u00ba 001\/2015<\/span><br \/>\n<span style=\"color: #000000;\">\u201cD\u00e1 nova reda\u00e7\u00e3o aos itens 5. A, D, F do Edital de abertura do Processo de Elei\u00e7\u00e3o dos Membros do ano quatri\u00eanio do Conselho Tutelar n\u00ba 001\/2015. Clique na imagem abaixo para ter acesso \u00e0 nova retifica\u00e7\u00e3o:<\/span><\/p>\n<p><a title=\"Nova Resolu\u00e7\u00e3o\" href=\"http:\/\/www.maisbn.com\/portal\/resolucao6.pdf\" target=\"_blank\"><img loading=\"lazy\" decoding=\"async\" class=\"aligncenter size-full wp-image-7504\" src=\"http:\/\/www.maisbn.com\/portal\/wp-content\/uploads\/2015\/04\/retificado.jpg\" alt=\"retificado\" width=\"490\" height=\"270\" \/><\/a><\/p>\n<p>&nbsp;<\/p>\n","protected":false},"excerpt":{"rendered":"<p>O Conselho Municipal dos Direitos da Crian\u00e7a e do Adolescente do Munic\u00edpio de Belmonte lan\u00e7ou a Resolu\u00e7\u00e3o de retifica\u00e7\u00e3o n\u00ba 06\/2015 ao Edital de Abertura do Processo de Elei\u00e7\u00e3o dos Membros do ano quatri\u00eanio do Conselho Tutelar n\u00ba 001\/2015 \u201cD\u00e1 nova reda\u00e7\u00e3o aos itens 5. A, D, F do Edital de abertura do Processo de [&hellip;]<\/p>\n","protected":false},"author":7,"featured_media":7504,"comment_status":"open","ping_status":"open","sticky":false,"template":"","format":"standard","meta":{"footnotes":""},"categories":[9,1],"tags":[435],"class_list":["post-7547","post","type-post","status-publish","format-standard","has-post-thumbnail","hentry","category-concursos-oportunidades","category-noticias","tag-belmonte-bahia-3"],"_links":{"self":[{"href":"https:\/\/www.maisbn.com\/portal\/wp-json\/wp\/v2\/posts\/7547","targetHints":{"allow":["GET"]}}],"collection":[{"href":"https:\/\/www.maisbn.com\/portal\/wp-json\/wp\/v2\/posts"}],"about":[{"href":"https:\/\/www.maisbn.com\/portal\/wp-json\/wp\/v2\/types\/post"}],"author":[{"embeddable":true,"href":"https:\/\/www.maisbn.com\/portal\/wp-json\/wp\/v2\/users\/7"}],"replies":[{"embeddable":true,"href":"https:\/\/www.maisbn.com\/portal\/wp-json\/wp\/v2\/comments?post=7547"}],"version-history":[{"count":1,"href":"https:\/\/www.maisbn.com\/portal\/wp-json\/wp\/v2\/posts\/7547\/revisions"}],"predecessor-version":[{"id":7548,"href":"https:\/\/www.maisbn.com\/portal\/wp-json\/wp\/v2\/posts\/7547\/revisions\/7548"}],"wp:featuredmedia":[{"embeddable":true,"href":"https:\/\/www.maisbn.com\/portal\/wp-json\/wp\/v2\/media\/7504"}],"wp:attachment":[{"href":"https:\/\/www.maisbn.com\/portal\/wp-json\/wp\/v2\/media?parent=7547"}],"wp:term":[{"taxonomy":"category","embeddable":true,"href":"https:\/\/www.maisbn.com\/portal\/wp-json\/wp\/v2\/categories?post=7547"},{"taxonomy":"post_tag","embeddable":true,"href":"https:\/\/www.maisbn.com\/portal\/wp-json\/wp\/v2\/tags?post=7547"}],"curies":[{"name":"wp","href":"https:\/\/api.w.org\/{rel}","templated":true}]}}