{"id":7538,"date":"2015-04-28T21:34:54","date_gmt":"2015-04-29T00:34:54","guid":{"rendered":"http:\/\/www.maisbn.com\/portal\/?p=7538"},"modified":"2015-04-28T21:34:54","modified_gmt":"2015-04-29T00:34:54","slug":"belmonte-esta-em-luto-com-o-falecimento-do-sr-elias-jose-elias","status":"publish","type":"post","link":"https:\/\/www.maisbn.com\/portal\/2015\/04\/belmonte-esta-em-luto-com-o-falecimento-do-sr-elias-jose-elias\/","title":{"rendered":"Belmonte est\u00e1 em luto com o falecimento do Sr. Elias Jos\u00e9 Elias."},"content":{"rendered":"<p><a href=\"http:\/\/www.maisbn.com\/portal\/wp-content\/uploads\/2015\/04\/elias.jpg\"><img loading=\"lazy\" decoding=\"async\" class=\"aligncenter size-full wp-image-7539\" src=\"http:\/\/www.maisbn.com\/portal\/wp-content\/uploads\/2015\/04\/elias.jpg\" alt=\"elias\" width=\"640\" height=\"480\" \/><\/a><\/p>\n<p><span style=\"color: #000000;\">\u00c9 com muito pesar que noticiamos o falecimento do Sr. Elias Jos\u00e9 Elias. Um homem \u00edntegro e honesto que participou ativamente da hist\u00f3ria do munic\u00edpio de Belmonte \u00e0 frente da Casa Salume. O Senhor Elias \u00e9 pai do advogado e ex-prefeito I\u00eado Elias a quem o mesmo n\u00e3o cansava de se referir como um exemplo de vida a ser seguido.<\/span><\/p>\n<p><span style=\"color: #000000;\">O corpo do Sr. Elias est\u00e1 sendo velado na Loja Ma\u00e7\u00f4nica de Belmonte e o sepultamento est\u00e1 previsto para acontecer \u00e0s 16:00Hrs.<\/span><\/p>\n","protected":false},"excerpt":{"rendered":"<p>\u00c9 com muito pesar que noticiamos o falecimento do Sr. Elias Jos\u00e9 Elias. Um homem \u00edntegro e honesto que participou ativamente da hist\u00f3ria do munic\u00edpio de Belmonte \u00e0 frente da Casa Salume. O Senhor Elias \u00e9 pai do advogado e ex-prefeito I\u00eado Elias a quem o mesmo n\u00e3o cansava de se referir como um exemplo [&hellip;]<\/p>\n","protected":false},"author":7,"featured_media":7539,"comment_status":"open","ping_status":"open","sticky":false,"template":"","format":"standard","meta":{"footnotes":""},"categories":[45,1],"tags":[108],"class_list":["post-7538","post","type-post","status-publish","format-standard","has-post-thumbnail","hentry","category-cidades","category-noticias","tag-belmonte"],"_links":{"self":[{"href":"https:\/\/www.maisbn.com\/portal\/wp-json\/wp\/v2\/posts\/7538","targetHints":{"allow":["GET"]}}],"collection":[{"href":"https:\/\/www.maisbn.com\/portal\/wp-json\/wp\/v2\/posts"}],"about":[{"href":"https:\/\/www.maisbn.com\/portal\/wp-json\/wp\/v2\/types\/post"}],"author":[{"embeddable":true,"href":"https:\/\/www.maisbn.com\/portal\/wp-json\/wp\/v2\/users\/7"}],"replies":[{"embeddable":true,"href":"https:\/\/www.maisbn.com\/portal\/wp-json\/wp\/v2\/comments?post=7538"}],"version-history":[{"count":1,"href":"https:\/\/www.maisbn.com\/portal\/wp-json\/wp\/v2\/posts\/7538\/revisions"}],"predecessor-version":[{"id":7540,"href":"https:\/\/www.maisbn.com\/portal\/wp-json\/wp\/v2\/posts\/7538\/revisions\/7540"}],"wp:featuredmedia":[{"embeddable":true,"href":"https:\/\/www.maisbn.com\/portal\/wp-json\/wp\/v2\/media\/7539"}],"wp:attachment":[{"href":"https:\/\/www.maisbn.com\/portal\/wp-json\/wp\/v2\/media?parent=7538"}],"wp:term":[{"taxonomy":"category","embeddable":true,"href":"https:\/\/www.maisbn.com\/portal\/wp-json\/wp\/v2\/categories?post=7538"},{"taxonomy":"post_tag","embeddable":true,"href":"https:\/\/www.maisbn.com\/portal\/wp-json\/wp\/v2\/tags?post=7538"}],"curies":[{"name":"wp","href":"https:\/\/api.w.org\/{rel}","templated":true}]}}