{"id":7511,"date":"2015-04-23T15:34:50","date_gmt":"2015-04-23T18:34:50","guid":{"rendered":"http:\/\/www.maisbn.com\/portal\/?p=7511"},"modified":"2015-04-23T15:34:50","modified_gmt":"2015-04-23T18:34:50","slug":"falha-em-gerador-do-hospital-de-belmonte-poe-pacientes-em-risco-e-preocupa-secretaria-da-saude","status":"publish","type":"post","link":"https:\/\/www.maisbn.com\/portal\/2015\/04\/falha-em-gerador-do-hospital-de-belmonte-poe-pacientes-em-risco-e-preocupa-secretaria-da-saude\/","title":{"rendered":"Falha em gerador do Hospital de Belmonte p\u00f5e pacientes em risco e preocupa Secretaria da Sa\u00fade."},"content":{"rendered":"<p><a href=\"http:\/\/www.maisbn.com\/portal\/wp-content\/uploads\/2015\/04\/hospital_belmonte.jpg\"><img loading=\"lazy\" decoding=\"async\" class=\"aligncenter size-full wp-image-7512\" src=\"http:\/\/www.maisbn.com\/portal\/wp-content\/uploads\/2015\/04\/hospital_belmonte.jpg\" alt=\"hospital_belmonte\" width=\"640\" height=\"385\" \/><\/a><\/p>\n<p><span style=\"color: #000000;\">Nossa reda\u00e7\u00e3o recebeu nesta quinta-feira (23\/04) uma den\u00fancia grave sobre o Hospital Dr. Jos\u00e9 da Costa Pinto Dantas e nesta manh\u00e3 nossa equipe foi a campo para averiguar a veracidade dos fatos e saber da Secretaria Municipal da Sa\u00fade que provid\u00eancias estavam sendo tomadas. <\/span><\/p>\n<p><span style=\"color: #000000;\">Algumas pessoas, que n\u00e3o quiseram se identificar, denunciaram \u00e0 nossa equipe que nesta quarta-feira (22\/04) houve uma falta de energia nas imedia\u00e7\u00f5es do Hospital Dr. Jos\u00e9 da Costa Pinto Dantas. Segundo informa\u00e7\u00f5es, o gerador de emerg\u00eancia da unidade n\u00e3o funcionou deixando todo o pr\u00e9dio sem energia. Tal fato ocorreu no momento em que os m\u00e9dicos e enfermeiros estavam atendendo um paciente em situa\u00e7\u00e3o grave e os profissionais tiveram que fazer manobras manuais porque o aparelho que possibilita a respira\u00e7\u00e3o artificial de pacientes nesses casos n\u00e3o funcionou porque estava sem energia. Diante do fato, uma equipe de eletricistas da Prefeitura Municipal de Belmonte foi chamada \u00e0s pressas para providenciar uma liga\u00e7\u00e3o improvisada na rede da COELBA que estava funcionando na vizinhan\u00e7a da \u00e1rea afetada para que o hospital fosse abastecido e as medidas de estabiliza\u00e7\u00e3o do paciente e sua posterior remo\u00e7\u00e3o para outra unidade de sa\u00fade fosse realizada. As denuncias ainda constam que n\u00e3o \u00e9 a primeira vez que problema com os geradores, que s\u00e3o fornecidos pela empresa GERAPORTO, acontecem e que esse fato vem representando perigo para a sa\u00fade dos belmontenses.<\/span><\/p>\n<p><span style=\"color: #000000;\">De posse das informa\u00e7\u00f5es a nossa equipe procurou a Sr\u00aa Anna Marcia Del Rey, Secret\u00e1ria de Sa\u00fade, para nos explicar o que estava acontecendo. Anna Marcia confirmou as informa\u00e7\u00f5es e citou que, por causa dessa ocorr\u00eancia, ficou das 00:30Hrs \u00e0s 04:00Hrs no Hospital tentando, junto com a dire\u00e7\u00e3o da unidade, resolver a grave situa\u00e7\u00e3o. A secret\u00e1ria afirmou tamb\u00e9m que n\u00e3o \u00e9 a primeira vez que isso acontece e que a empresa GERAPORTO demora muito no atendimento das ocorr\u00eancias. Anna Marcia informou que essa pend\u00eancia j\u00e1 foi informada v\u00e1rias vezes \u00e0 empresa e j\u00e1 foi registrado em uma Comunica\u00e7\u00e3o Interna \u00e0 Secretaria de Administra\u00e7\u00e3o o fato. Anna Marcia ainda relatou \u00e0 nossa reportagem que j\u00e1 teve vezes de ligar para a empresa e n\u00e3o conseguir contato por telefone, fato que vem criando situa\u00e7\u00f5es dif\u00edceis para a administra\u00e7\u00e3o do hospital. A Secret\u00e1ria tamb\u00e9m informou \u00e0 nossa equipe que j\u00e1 avisou \u00e0 administra\u00e7\u00e3o municipal que se preocupa tamb\u00e9m com outro gerador que est\u00e1 contratado para abastecer a sala refrigerada da Secretaria Municipal de Sa\u00fade, onde ficam armazenadas as vacinas. \u201cEu temo que, por causa da falta de manuten\u00e7\u00e3o, o gerador contratado n\u00e3o funcione em uma eventual falta de energia. Esse fato pode trazer um preju\u00edzo muito grande para o munic\u00edpio e para a popula\u00e7\u00e3o.\u201d \u2013 Comentou Anna Marcia.<\/span><\/p>\n<p><span style=\"color: #000000;\">Nossa equipe ainda apurou que o Tribunal de Contas dos Munic\u00edpios notificou a Prefeitura Municipal de Belmonte sobre o pre\u00e7o dos alugu\u00e9is dos geradores. Segundo o \u00f3rg\u00e3o, os valores que s\u00e3o pagos dariam para a Prefeitura pagar as presta\u00e7\u00f5es dos seus pr\u00f3prios geradores. Segundo o TCM, seria mais vantajoso para o munic\u00edpio do que ficar pagando eternamente alugu\u00e9is dos equipamentos. Confrontada com essa informa\u00e7\u00e3o, a Secret\u00e1ria nos respondeu que n\u00e3o \u00e9 contra a aquisi\u00e7\u00e3o dos equipamentos, desde que, a Prefeitura de Belmonte capacite funcion\u00e1rios para a manuten\u00e7\u00e3o dos mesmos. A Secret\u00e1ria terminou a entrevista informando que medidas j\u00e1 est\u00e3o sendo tomadas para a resolu\u00e7\u00e3o do problema e que a Prefeita Alice j\u00e1 estuda at\u00e9 a suspens\u00e3o do contrato com a empresa GERAPORTO.<\/span><\/p>\n","protected":false},"excerpt":{"rendered":"<p>Nossa reda\u00e7\u00e3o recebeu nesta quinta-feira (23\/04) uma den\u00fancia grave sobre o Hospital Dr. Jos\u00e9 da Costa Pinto Dantas e nesta manh\u00e3 nossa equipe foi a campo para averiguar a veracidade dos fatos e saber da Secretaria Municipal da Sa\u00fade que provid\u00eancias estavam sendo tomadas. Algumas pessoas, que n\u00e3o quiseram se identificar, denunciaram \u00e0 nossa equipe [&hellip;]<\/p>\n","protected":false},"author":7,"featured_media":7512,"comment_status":"open","ping_status":"open","sticky":false,"template":"","format":"standard","meta":{"footnotes":""},"categories":[1,28],"tags":[108],"class_list":["post-7511","post","type-post","status-publish","format-standard","has-post-thumbnail","hentry","category-noticias","category-saude-noticias","tag-belmonte"],"_links":{"self":[{"href":"https:\/\/www.maisbn.com\/portal\/wp-json\/wp\/v2\/posts\/7511","targetHints":{"allow":["GET"]}}],"collection":[{"href":"https:\/\/www.maisbn.com\/portal\/wp-json\/wp\/v2\/posts"}],"about":[{"href":"https:\/\/www.maisbn.com\/portal\/wp-json\/wp\/v2\/types\/post"}],"author":[{"embeddable":true,"href":"https:\/\/www.maisbn.com\/portal\/wp-json\/wp\/v2\/users\/7"}],"replies":[{"embeddable":true,"href":"https:\/\/www.maisbn.com\/portal\/wp-json\/wp\/v2\/comments?post=7511"}],"version-history":[{"count":1,"href":"https:\/\/www.maisbn.com\/portal\/wp-json\/wp\/v2\/posts\/7511\/revisions"}],"predecessor-version":[{"id":7513,"href":"https:\/\/www.maisbn.com\/portal\/wp-json\/wp\/v2\/posts\/7511\/revisions\/7513"}],"wp:featuredmedia":[{"embeddable":true,"href":"https:\/\/www.maisbn.com\/portal\/wp-json\/wp\/v2\/media\/7512"}],"wp:attachment":[{"href":"https:\/\/www.maisbn.com\/portal\/wp-json\/wp\/v2\/media?parent=7511"}],"wp:term":[{"taxonomy":"category","embeddable":true,"href":"https:\/\/www.maisbn.com\/portal\/wp-json\/wp\/v2\/categories?post=7511"},{"taxonomy":"post_tag","embeddable":true,"href":"https:\/\/www.maisbn.com\/portal\/wp-json\/wp\/v2\/tags?post=7511"}],"curies":[{"name":"wp","href":"https:\/\/api.w.org\/{rel}","templated":true}]}}