{"id":7502,"date":"2015-04-23T09:06:25","date_gmt":"2015-04-23T12:06:25","guid":{"rendered":"http:\/\/www.maisbn.com\/portal\/?p=7502"},"modified":"2015-04-23T09:09:03","modified_gmt":"2015-04-23T12:09:03","slug":"cmdca-apresenta-retificacoes-feitas-no-edital-que-rege-a-selecao-dos-novos-conselheiros-tutelares-de-belmonte","status":"publish","type":"post","link":"https:\/\/www.maisbn.com\/portal\/2015\/04\/cmdca-apresenta-retificacoes-feitas-no-edital-que-rege-a-selecao-dos-novos-conselheiros-tutelares-de-belmonte\/","title":{"rendered":"CMDCA apresenta retifica\u00e7\u00f5es feitas no edital que rege a sele\u00e7\u00e3o dos novos Conselheiros Tutelares de Belmonte."},"content":{"rendered":"<p><a href=\"http:\/\/www.maisbn.com\/portal\/wp-content\/uploads\/2015\/04\/cmdca.jpg\"><img loading=\"lazy\" decoding=\"async\" class=\"aligncenter wp-image-7352 size-full\" src=\"http:\/\/www.maisbn.com\/portal\/wp-content\/uploads\/2015\/04\/cmdca.jpg\" alt=\"cmdca\" width=\"555\" height=\"480\" \/><\/a><\/p>\n<p><span style=\"color: #000000;\">O Conselho Municipal dos Direitos da Crian\u00e7a e do Adolescente do munic\u00edpio de Belmonte publicou essa semana a retifica\u00e7\u00e3o de alguns \u00edtens do Edital de Abertura do Processo de Elei\u00e7\u00e3o dos Membros do ano quadri\u00eanio do Conselho Tutelar N\u00ba 001\/2015.\u00a0 Clique na imagem abaixo e tenha acesso \u00e0s modifica\u00e7\u00f5es.<\/span><\/p>\n<p><span style=\"color: #000000;\">\u00a0<\/span><\/p>\n<p><a title=\"Edital de Retifica\u00e7\u00e3o\" href=\"http:\/\/www.maisbn.com\/portal\/retificacaoedital.pdf\" target=\"_blank\"><img loading=\"lazy\" decoding=\"async\" class=\"aligncenter size-full wp-image-7504\" src=\"http:\/\/www.maisbn.com\/portal\/wp-content\/uploads\/2015\/04\/retificado.jpg\" alt=\"retificado\" width=\"490\" height=\"270\" \/><\/a><\/p>\n","protected":false},"excerpt":{"rendered":"<p>O Conselho Municipal dos Direitos da Crian\u00e7a e do Adolescente do munic\u00edpio de Belmonte publicou essa semana a retifica\u00e7\u00e3o de alguns \u00edtens do Edital de Abertura do Processo de Elei\u00e7\u00e3o dos Membros do ano quadri\u00eanio do Conselho Tutelar N\u00ba 001\/2015.\u00a0 Clique na imagem abaixo e tenha acesso \u00e0s modifica\u00e7\u00f5es. \u00a0<\/p>\n","protected":false},"author":7,"featured_media":7504,"comment_status":"open","ping_status":"open","sticky":false,"template":"","format":"standard","meta":{"footnotes":""},"categories":[9,1],"tags":[108],"class_list":["post-7502","post","type-post","status-publish","format-standard","has-post-thumbnail","hentry","category-concursos-oportunidades","category-noticias","tag-belmonte"],"_links":{"self":[{"href":"https:\/\/www.maisbn.com\/portal\/wp-json\/wp\/v2\/posts\/7502","targetHints":{"allow":["GET"]}}],"collection":[{"href":"https:\/\/www.maisbn.com\/portal\/wp-json\/wp\/v2\/posts"}],"about":[{"href":"https:\/\/www.maisbn.com\/portal\/wp-json\/wp\/v2\/types\/post"}],"author":[{"embeddable":true,"href":"https:\/\/www.maisbn.com\/portal\/wp-json\/wp\/v2\/users\/7"}],"replies":[{"embeddable":true,"href":"https:\/\/www.maisbn.com\/portal\/wp-json\/wp\/v2\/comments?post=7502"}],"version-history":[{"count":4,"href":"https:\/\/www.maisbn.com\/portal\/wp-json\/wp\/v2\/posts\/7502\/revisions"}],"predecessor-version":[{"id":7507,"href":"https:\/\/www.maisbn.com\/portal\/wp-json\/wp\/v2\/posts\/7502\/revisions\/7507"}],"wp:featuredmedia":[{"embeddable":true,"href":"https:\/\/www.maisbn.com\/portal\/wp-json\/wp\/v2\/media\/7504"}],"wp:attachment":[{"href":"https:\/\/www.maisbn.com\/portal\/wp-json\/wp\/v2\/media?parent=7502"}],"wp:term":[{"taxonomy":"category","embeddable":true,"href":"https:\/\/www.maisbn.com\/portal\/wp-json\/wp\/v2\/categories?post=7502"},{"taxonomy":"post_tag","embeddable":true,"href":"https:\/\/www.maisbn.com\/portal\/wp-json\/wp\/v2\/tags?post=7502"}],"curies":[{"name":"wp","href":"https:\/\/api.w.org\/{rel}","templated":true}]}}