{"id":7477,"date":"2015-04-21T23:13:13","date_gmt":"2015-04-22T02:13:13","guid":{"rendered":"http:\/\/www.maisbn.com\/portal\/?p=7477"},"modified":"2015-04-22T09:16:04","modified_gmt":"2015-04-22T12:16:04","slug":"santa-cruz-cabralia-tem-nova-agencia-dos-correios","status":"publish","type":"post","link":"https:\/\/www.maisbn.com\/portal\/2015\/04\/santa-cruz-cabralia-tem-nova-agencia-dos-correios\/","title":{"rendered":"Santa Cruz Cabr\u00e1lia tem nova Ag\u00eancia dos Correios"},"content":{"rendered":"<p><span style=\"color: #000000;\">A Empresa Brasileira de Correios e Tel\u00e9grafos (Correios) em parceria com a Prefeitura Municipal de Santa Cruz Cabr\u00e1lia inaugurou na \u00faltima sexta-feira (17-04) a nova Ag\u00eancia dos Correios do Munic\u00edpio. O evento aconteceu em frente a nova agencia que est\u00e1 localizada na Rua Presidente Vargas, 186, no centro da cidade e contou com a presen\u00e7a do Coordenador Regional dos Correios o Sr. Osvaldo Soares que veio representando o Sr. Cl\u00e1udio Moras Garcia Diretor do Correios na Bahia, Pedro Esdras Gerente de Vendas do Extremo Sul da Bahia, Jorge Pontes prefeito de Santa Cruz Cabr\u00e1lia, o vice-prefeito Alexandre Carvalho, os vereadores Luciano Monteiro e Cacique Aruan al\u00e9m de outras lideran\u00e7as pol\u00edticas do munic\u00edpio e convidados.<\/span><\/p>\n<p>&nbsp;<\/p>\n<div id=\"attachment_7479\" style=\"width: 118px\" class=\"wp-caption alignleft\"><a href=\"http:\/\/www.maisbn.com\/portal\/wp-content\/uploads\/2015\/04\/Pedro_Esdras.jpg\"><img loading=\"lazy\" decoding=\"async\" aria-describedby=\"caption-attachment-7479\" class=\" wp-image-7479\" src=\"http:\/\/www.maisbn.com\/portal\/wp-content\/uploads\/2015\/04\/Pedro_Esdras.jpg\" alt=\"Pedro Esdras\" width=\"108\" height=\"113\" \/><\/a><p id=\"caption-attachment-7479\" class=\"wp-caption-text\">Pedro Esdras<\/p><\/div>\n<p><span style=\"color: #000000;\">A solenidade teve in\u00edcio por volta das 15:30h com o hasteamento das bandeiras sob a execu\u00e7\u00e3o do Hino Nacional Brasileiro pela orquestra de jovens do IASA (Instituto Amigos de Santo Andr\u00e9). Ap\u00f3s a execu\u00e7\u00e3o do Hino Nacional, o Gerente de Vendas dos Correios o Sr. Pedro Esdras foi convidado a fazer uso da palavra onde destacou a import\u00e2ncia dos Correios para a popula\u00e7\u00e3o brasileira, pois al\u00e9m de operar o servi\u00e7o postal no pa\u00eds a empresa tamb\u00e9m realiza servi\u00e7os banc\u00e1rios atrav\u00e9s do Banco Postal, fruto de uma parceria com o Banco do Brasil que tem ajudado a atender a demanda social alcan\u00e7ada pelos programas do Governo como o Bolsa Fam\u00edlia.<\/span><\/p>\n<p>&nbsp;<\/p>\n<p><span style=\"color: #000000;\">Em seguida foi convidado a se pronunciar o Coordenador Regional dos Correios o Sr. Osvaldo Soares que iniciou<\/span><\/p>\n<div id=\"attachment_7480\" style=\"width: 126px\" class=\"wp-caption alignright\"><a href=\"http:\/\/www.maisbn.com\/portal\/wp-content\/uploads\/2015\/04\/Osvaldo-Soares.jpg\"><img loading=\"lazy\" decoding=\"async\" aria-describedby=\"caption-attachment-7480\" class=\" wp-image-7480\" src=\"http:\/\/www.maisbn.com\/portal\/wp-content\/uploads\/2015\/04\/Osvaldo-Soares.jpg\" alt=\"Osvaldo Soares\" width=\"116\" height=\"129\" \/><\/a><p id=\"caption-attachment-7480\" class=\"wp-caption-text\">Osvaldo Soares<\/p><\/div>\n<p><span style=\"color: #000000;\">parabenizando o projeto IASA pela Bela apresenta\u00e7\u00e3o e lembrou da figura marcante de Dona Ivana Benfica que durante 30 anos foi gerente da Ag\u00eancia dos Correios de Santa Cruz Cabr\u00e1lia e por muito tempo al\u00e9m de cuidar da ag\u00eancia, ainda realizava a entrega de correspond\u00eancias no munic\u00edpio enquando n\u00e3o haviam carteiros. Osvaldo ainda reconheceu a d\u00edvida que os Correios tinha com a popula\u00e7\u00e3o Santa-Cruzense que era uma ag\u00eancia que representasse bem o munic\u00edpio e proporcionasse maior conforto para os usu\u00e1rios e melhores condi\u00e7\u00f5es de trabalho para os funcion\u00e1rios. Osvaldo finalizou agradecendo ao prefeito e sua equipe pelo apoio dado para a realiza\u00e7\u00e3o da solenidade de inaugura\u00e7\u00e3o.<\/span><\/p>\n<p><a href=\"http:\/\/www.maisbn.com\/portal\/wp-content\/uploads\/2015\/04\/AC_STA_Cabralia_003.jpg\"><img loading=\"lazy\" decoding=\"async\" class=\" size-full wp-image-7478 aligncenter\" src=\"http:\/\/www.maisbn.com\/portal\/wp-content\/uploads\/2015\/04\/AC_STA_Cabralia_003.jpg\" alt=\"AC_STA_Cabralia_003\" width=\"652\" height=\"412\" \/><\/a><\/p>\n<p><span style=\"color: #000000;\">O \u00faltimo que foi convidado a discursar foi o Prefeito de Santa Cruz Cabr\u00e1lia o sr. Jorge Pontes que iniciou sua fala cobrando dos representantes da diretoria dos Correios que ali estavam a implanta\u00e7\u00e3o de ag\u00eancias comunit\u00e1rias para a distribui\u00e7\u00e3o de correspond\u00eancias nos distritos\/povoados de Santo Andr\u00e9, Santo Ant\u00f4nio, Guai\u00fa e Ponto Central e colocou o munic\u00edpio \u00e0 disposi\u00e7\u00e3o, cedendo funcion\u00e1rios e espa\u00e7os f\u00edsicos para a instala\u00e7\u00e3o das ag\u00eancias. Jorge Pontes ainda solicitou que fosse feito um levantamento da possibilidade de se instalar um posto avan\u00e7ado dos Correios em Coroa Vermelha visto o grande potencial tur\u00edstico\/comercial da localidade.<\/span><\/p>\n<p><a href=\"http:\/\/www.maisbn.com\/portal\/wp-content\/uploads\/2015\/04\/AC_STA_Cabralia_028.jpg\"><img loading=\"lazy\" decoding=\"async\" class=\" size-full wp-image-7481 aligncenter\" src=\"http:\/\/www.maisbn.com\/portal\/wp-content\/uploads\/2015\/04\/AC_STA_Cabralia_028.jpg\" alt=\"AC_STA_Cabralia_028\" width=\"652\" height=\"412\" \/><\/a><\/p>\n<p><span style=\"color: #000000;\">Finalizando a solenidade foram convidados a cortar a fita liberando o acesso ao interior da Ag\u00eancia e assim concretizar a cerim\u00f4nia de inaugura\u00e7\u00e3o, o Sr. Osvaldo, Pedro Esdras, o Prefeito Jorge Pontes e a Gerente da ag\u00eancia a senhorita Iara Reis.<\/span><\/p>\n<p>&nbsp;<\/p>\n","protected":false},"excerpt":{"rendered":"<p>A Empresa Brasileira de Correios e Tel\u00e9grafos (Correios) em parceria com a Prefeitura Municipal de Santa Cruz Cabr\u00e1lia inaugurou na \u00faltima sexta-feira (17-04) a nova Ag\u00eancia dos Correios do Munic\u00edpio. O evento aconteceu em frente a nova agencia que est\u00e1 localizada na Rua Presidente Vargas, 186, no centro da cidade e contou com a presen\u00e7a [&hellip;]<\/p>\n","protected":false},"author":1,"featured_media":7481,"comment_status":"open","ping_status":"open","sticky":false,"template":"","format":"standard","meta":{"footnotes":""},"categories":[45,1],"tags":[396,414,617,91],"class_list":["post-7477","post","type-post","status-publish","format-standard","has-post-thumbnail","hentry","category-cidades","category-noticias","tag-aniversario-santa-cruz-cabralia","tag-correios","tag-empresa-brasileira-correios-e-telegrafos","tag-santa-cruz-cabralia"],"_links":{"self":[{"href":"https:\/\/www.maisbn.com\/portal\/wp-json\/wp\/v2\/posts\/7477","targetHints":{"allow":["GET"]}}],"collection":[{"href":"https:\/\/www.maisbn.com\/portal\/wp-json\/wp\/v2\/posts"}],"about":[{"href":"https:\/\/www.maisbn.com\/portal\/wp-json\/wp\/v2\/types\/post"}],"author":[{"embeddable":true,"href":"https:\/\/www.maisbn.com\/portal\/wp-json\/wp\/v2\/users\/1"}],"replies":[{"embeddable":true,"href":"https:\/\/www.maisbn.com\/portal\/wp-json\/wp\/v2\/comments?post=7477"}],"version-history":[{"count":3,"href":"https:\/\/www.maisbn.com\/portal\/wp-json\/wp\/v2\/posts\/7477\/revisions"}],"predecessor-version":[{"id":7501,"href":"https:\/\/www.maisbn.com\/portal\/wp-json\/wp\/v2\/posts\/7477\/revisions\/7501"}],"wp:featuredmedia":[{"embeddable":true,"href":"https:\/\/www.maisbn.com\/portal\/wp-json\/wp\/v2\/media\/7481"}],"wp:attachment":[{"href":"https:\/\/www.maisbn.com\/portal\/wp-json\/wp\/v2\/media?parent=7477"}],"wp:term":[{"taxonomy":"category","embeddable":true,"href":"https:\/\/www.maisbn.com\/portal\/wp-json\/wp\/v2\/categories?post=7477"},{"taxonomy":"post_tag","embeddable":true,"href":"https:\/\/www.maisbn.com\/portal\/wp-json\/wp\/v2\/tags?post=7477"}],"curies":[{"name":"wp","href":"https:\/\/api.w.org\/{rel}","templated":true}]}}