{"id":7439,"date":"2015-04-16T21:19:15","date_gmt":"2015-04-17T00:19:15","guid":{"rendered":"http:\/\/www.maisbn.com\/portal\/?p=7439"},"modified":"2015-04-16T21:36:09","modified_gmt":"2015-04-17T00:36:09","slug":"parceria-entre-a-prefeitura-de-belmonte-e-a-veracel-qualificara-32-jovens-belmontenses","status":"publish","type":"post","link":"https:\/\/www.maisbn.com\/portal\/2015\/04\/parceria-entre-a-prefeitura-de-belmonte-e-a-veracel-qualificara-32-jovens-belmontenses\/","title":{"rendered":"Parceria entre a Prefeitura de Belmonte e a Veracel qualificar\u00e1 32 jovens belmontenses.."},"content":{"rendered":"<p><a href=\"http:\/\/www.maisbn.com\/portal\/wp-content\/uploads\/2015\/04\/veracel00002.jpg\"><img loading=\"lazy\" decoding=\"async\" class=\"aligncenter size-full wp-image-7440\" src=\"http:\/\/www.maisbn.com\/portal\/wp-content\/uploads\/2015\/04\/veracel00002.jpg\" alt=\"veracel00002\" width=\"618\" height=\"412\" \/><\/a><\/p>\n<p><span style=\"color: #000000;\">Uma parceria entre Veracel, Servi\u00e7o Nacional de Aprendizagem Industrial (SENAI) e Prefeitura Municipal de Belmonte est\u00e1 possibilitando uma nova oportunidade de qualifica\u00e7\u00e3o profissional para 40 jovens da regi\u00e3o. Eles fazem parte da nova edi\u00e7\u00e3o do Curso de Rotinas Administrativas Industriais do Programa Jovem Aprendiz da Veracel. As aulas foram iniciadas no \u00faltimo dia 14\/04, na Escola Rainha Silvia, situada no distrito de Barrol\u00e2ndia. A parte boa \u00e9 que os 20 jovens que se sa\u00edrem melhor no curso ser\u00e3o contratados pela Veracel e come\u00e7ar\u00e3o a sua carreira profissional com o p\u00e9 direito.<\/span><\/p>\n<p><a href=\"http:\/\/www.maisbn.com\/portal\/wp-content\/uploads\/2015\/04\/veracel00001.jpg\"><img loading=\"lazy\" decoding=\"async\" class=\"aligncenter size-full wp-image-7441\" src=\"http:\/\/www.maisbn.com\/portal\/wp-content\/uploads\/2015\/04\/veracel00001.jpg\" alt=\"veracel00001\" width=\"618\" height=\"412\" \/><\/a><\/p>\n<p><span style=\"color: #000000;\">Selecionados entre mais de 700 candidatos, estes jovens participar\u00e3o de um curso te\u00f3rico onde poder\u00e3o aprender quest\u00f5es como Seguran\u00e7a do Trabalho, Gest\u00e3o Organizacional, Gest\u00e3o Cont\u00e1bil Financeira, Organiza\u00e7\u00e3o e Arquivamento de Documentos, Qualidade e Produtividade. As aulas te\u00f3ricas ter\u00e3o dura\u00e7\u00e3o de tr\u00eas meses (com oito horas di\u00e1rias), seguidas pelas aulas pr\u00e1ticas que ser\u00e3o iniciadas ainda neste ano. <\/span><\/p>\n<p><a href=\"http:\/\/www.maisbn.com\/portal\/wp-content\/uploads\/2015\/04\/veracel00003.jpg\"><img loading=\"lazy\" decoding=\"async\" class=\"aligncenter size-full wp-image-7442\" src=\"http:\/\/www.maisbn.com\/portal\/wp-content\/uploads\/2015\/04\/veracel00003.jpg\" alt=\"veracel00003\" width=\"618\" height=\"412\" \/><\/a><\/p>\n<p><span style=\"color: #000000;\">Essa oportunidade foi muito bem aproveitada pelo estudante Fl\u00e1vio Bento Santana, 20 anos. Ele participou da edi\u00e7\u00e3o anterior deste Programa e se destacou entre os diversos colegas e foi contratado pela Veracel Celulose. \u201cVi nessa oportunidade uma chance e agarrei com todas as for\u00e7as. Fui contratado. J\u00e1 estou cursando a faculdade de Ci\u00eancias Cont\u00e1beis e o meu objetivo \u00e9 crescer cada vez mais dentro da empresa\u201d, afirma confiante. A novidade boa \u00e9 que a maioria dos jovens que est\u00e3o participando dessa nova edi\u00e7\u00e3o \u00e9 de Belmonte, sendo que, 25 s\u00e3o moradores do Distrito de Barrol\u00e2ndia, 07 est\u00e3o vindo da sede do munic\u00edpio e apenas 08 alunos est\u00e3o vindo de outras cidades. Esse resultado animou a equipe da Prefeitura Municipal de Belmonte. \u201cN\u00f3s ficamos felizes com essa grande participa\u00e7\u00e3o dos jovens de Belmonte. Isso mostra que eles est\u00e3o dispostos a abra\u00e7ar as oportunidades e, com isso, estamos colaborando para a cria\u00e7\u00e3o de uma gera\u00e7\u00e3o de profissionais altamente capacitados e independentes.\u201d \u2013 Comentou Carlos Cruz, Secret\u00e1rio de Infraestrutura.<\/span><\/p>\n<p><a href=\"http:\/\/www.maisbn.com\/portal\/wp-content\/uploads\/2015\/04\/IMG-20150416-WA0020.jpg\"><img loading=\"lazy\" decoding=\"async\" class=\"aligncenter size-full wp-image-7443\" src=\"http:\/\/www.maisbn.com\/portal\/wp-content\/uploads\/2015\/04\/IMG-20150416-WA0020.jpg\" alt=\"IMG-20150416-WA0020\" width=\"650\" height=\"412\" \/><\/a><\/p>\n<p><span style=\"color: #000000;\">Nesta nova edi\u00e7\u00e3o, o Curso de Rotinas Administrativas est\u00e1 sendo realizado em parceria com a Prefeitura Municipal de Belmonte, criando condi\u00e7\u00f5es para a qualifica\u00e7\u00e3o profissional de jovens de comunidades do entorno da f\u00e1brica da Veracel. \u201cEssa parceria est\u00e1 sendo uma grande oportunidade de capacita\u00e7\u00e3o dos nossos jovens para o mercado de trabalho e os aprendizados adquiridos por eles valer\u00e3o para toda a vida.\u201d, conclui a Prefeita de Belmonte, Alice Maria Britto. <\/span><\/p>\n<p><span style=\"color: #000000;\">Essa parceria est\u00e1 sendo realizada por meio da intera\u00e7\u00e3o da prefeitura com a empresa, buscando oportunidades para os cidad\u00e3os do munic\u00edpio. O Programa Jovem Aprendiz se apresentou como uma oportunidade de sinergia entre entes p\u00fablicos e privados que foi constru\u00edda a partir do di\u00e1logo e das boas pr\u00e1ticas de rela\u00e7\u00f5es institucionais.<\/span><\/p>\n<p><span style=\"color: #000000;\">De acordo com o coordenador de Recursos Humanos da Veracel, Marcos Daniel, essa iniciativa est\u00e1 alinhada ao modelo de Sustentabilidade adotado pela empresa que acredita que a educa\u00e7\u00e3o \u00e9 uma importante base para a transforma\u00e7\u00e3o e desenvolvimento para qualquer comunidade. \u201cMais que cumprir uma Lei Federal, estamos dando oportunidade de qualifica\u00e7\u00e3o profissional para os jovens da nossa regi\u00e3o. Com este curso, eles est\u00e3o aptos para trabalhar n\u00e3o apenas na Veracel, mas em qualquer empresa do pa\u00eds\u201d, destaca.<\/span><\/p>\n","protected":false},"excerpt":{"rendered":"<p>Uma parceria entre Veracel, Servi\u00e7o Nacional de Aprendizagem Industrial (SENAI) e Prefeitura Municipal de Belmonte est\u00e1 possibilitando uma nova oportunidade de qualifica\u00e7\u00e3o profissional para 40 jovens da regi\u00e3o. Eles fazem parte da nova edi\u00e7\u00e3o do Curso de Rotinas Administrativas Industriais do Programa Jovem Aprendiz da Veracel. As aulas foram iniciadas no \u00faltimo dia 14\/04, na [&hellip;]<\/p>\n","protected":false},"author":7,"featured_media":7442,"comment_status":"open","ping_status":"open","sticky":false,"template":"","format":"standard","meta":{"footnotes":""},"categories":[9,1],"tags":[165,108],"class_list":["post-7439","post","type-post","status-publish","format-standard","has-post-thumbnail","hentry","category-concursos-oportunidades","category-noticias","tag-barrolandia","tag-belmonte"],"_links":{"self":[{"href":"https:\/\/www.maisbn.com\/portal\/wp-json\/wp\/v2\/posts\/7439","targetHints":{"allow":["GET"]}}],"collection":[{"href":"https:\/\/www.maisbn.com\/portal\/wp-json\/wp\/v2\/posts"}],"about":[{"href":"https:\/\/www.maisbn.com\/portal\/wp-json\/wp\/v2\/types\/post"}],"author":[{"embeddable":true,"href":"https:\/\/www.maisbn.com\/portal\/wp-json\/wp\/v2\/users\/7"}],"replies":[{"embeddable":true,"href":"https:\/\/www.maisbn.com\/portal\/wp-json\/wp\/v2\/comments?post=7439"}],"version-history":[{"count":1,"href":"https:\/\/www.maisbn.com\/portal\/wp-json\/wp\/v2\/posts\/7439\/revisions"}],"predecessor-version":[{"id":7444,"href":"https:\/\/www.maisbn.com\/portal\/wp-json\/wp\/v2\/posts\/7439\/revisions\/7444"}],"wp:featuredmedia":[{"embeddable":true,"href":"https:\/\/www.maisbn.com\/portal\/wp-json\/wp\/v2\/media\/7442"}],"wp:attachment":[{"href":"https:\/\/www.maisbn.com\/portal\/wp-json\/wp\/v2\/media?parent=7439"}],"wp:term":[{"taxonomy":"category","embeddable":true,"href":"https:\/\/www.maisbn.com\/portal\/wp-json\/wp\/v2\/categories?post=7439"},{"taxonomy":"post_tag","embeddable":true,"href":"https:\/\/www.maisbn.com\/portal\/wp-json\/wp\/v2\/tags?post=7439"}],"curies":[{"name":"wp","href":"https:\/\/api.w.org\/{rel}","templated":true}]}}