{"id":7390,"date":"2015-04-08T12:38:57","date_gmt":"2015-04-08T15:38:57","guid":{"rendered":"http:\/\/www.maisbn.com\/portal\/?p=7390"},"modified":"2015-04-08T12:38:57","modified_gmt":"2015-04-08T15:38:57","slug":"parada-geral-da-veracel-gera-oportunidades-de-negocios-e-empregos-na-regiao","status":"publish","type":"post","link":"https:\/\/www.maisbn.com\/portal\/2015\/04\/parada-geral-da-veracel-gera-oportunidades-de-negocios-e-empregos-na-regiao\/","title":{"rendered":"Parada Geral da Veracel gera oportunidades de neg\u00f3cios e empregos na regi\u00e3o."},"content":{"rendered":"<p><a href=\"http:\/\/www.maisbn.com\/portal\/wp-content\/uploads\/2015\/04\/1428417205Veracel.jpg\"><img loading=\"lazy\" decoding=\"async\" class=\"aligncenter size-full wp-image-7391\" src=\"http:\/\/www.maisbn.com\/portal\/wp-content\/uploads\/2015\/04\/1428417205Veracel.jpg\" alt=\"1428417205Veracel\" width=\"530\" height=\"397\" \/><\/a><\/p>\n<p><span style=\"color: #000000;\">A Parada Geral (PG) acontece anualmente na Veracel para manuten\u00e7\u00e3o dos equipamentos da f\u00e1brica. Neste ano, a PG foi programada para o per\u00edodo de 06 a 16\/04. Nestes dias, 52 empresas especializadas mobilizam cerca de 1.200 pessoas para atividades de manuten\u00e7\u00e3o preventiva que assegurar\u00e3o a integridade e a disponibilidade dos equipamentos da f\u00e1brica durante todo o ano. Al\u00e9m do aumento de compra de materiais na regi\u00e3o e da aquisi\u00e7\u00e3o de servi\u00e7os \u2013 hospedagem, transporte, alimenta\u00e7\u00e3o, dentre outros \u2013 mais de 200 profissionais locais foram contratados para participar desta iniciativa.<\/span><\/p>\n<p><a href=\"http:\/\/www.maisbn.com\/portal\/wp-content\/uploads\/2015\/04\/veracel-homens.jpg\"><img loading=\"lazy\" decoding=\"async\" class=\"aligncenter size-full wp-image-7392\" src=\"http:\/\/www.maisbn.com\/portal\/wp-content\/uploads\/2015\/04\/veracel-homens.jpg\" alt=\"veracel-homens\" width=\"450\" height=\"675\" \/><\/a><\/p>\n<p><span style=\"color: #000000;\">A a\u00e7\u00e3o, que est\u00e1 em seu d\u00e9cimo ano consecutivo, obedece \u00e0 Norma Regulamentar (NR) 13 do Governo Federal que trata de manuten\u00e7\u00e3o de caldeiras. Al\u00e9m da caldeira e de outros grandes equipamentos da f\u00e1brica, o Terminal Mar\u00edtimo de Belmonte (TMB) tamb\u00e9m est\u00e1 inclu\u00eddo na Parada Geral, a fim trazer mais efici\u00eancia e seguran\u00e7a para as opera\u00e7\u00f5es da empresa.<\/span><\/p>\n<p><a href=\"http:\/\/www.maisbn.com\/portal\/wp-content\/uploads\/2015\/04\/veracel-homens-2.jpg\"><img loading=\"lazy\" decoding=\"async\" class=\"aligncenter size-full wp-image-7393\" src=\"http:\/\/www.maisbn.com\/portal\/wp-content\/uploads\/2015\/04\/veracel-homens-2.jpg\" alt=\"veracel-homens-2\" width=\"450\" height=\"675\" \/><\/a><\/p>\n<p><span style=\"color: #000000;\">A cada ano, com a forma\u00e7\u00e3o e melhor qualifica\u00e7\u00e3o de fornecimento, mais contrata\u00e7\u00f5es e compras locais v\u00eam sendo feitas para a Parada Geral. Este exerc\u00edcio significa oportunidade de neg\u00f3cios, gera\u00e7\u00e3o de renda e aumento de arrecada\u00e7\u00e3o de impostos para a regi\u00e3o.<\/span><\/p>\n<p><em><strong><span style=\"color: #ff0000;\">Mat\u00e9ria e Fotos: Jornal de Belmonte<\/span><\/strong><\/em><\/p>\n","protected":false},"excerpt":{"rendered":"<p>A Parada Geral (PG) acontece anualmente na Veracel para manuten\u00e7\u00e3o dos equipamentos da f\u00e1brica. Neste ano, a PG foi programada para o per\u00edodo de 06 a 16\/04. Nestes dias, 52 empresas especializadas mobilizam cerca de 1.200 pessoas para atividades de manuten\u00e7\u00e3o preventiva que assegurar\u00e3o a integridade e a disponibilidade dos equipamentos da f\u00e1brica durante todo [&hellip;]<\/p>\n","protected":false},"author":7,"featured_media":7391,"comment_status":"open","ping_status":"open","sticky":false,"template":"","format":"standard","meta":{"footnotes":""},"categories":[29,1],"tags":[30],"class_list":["post-7390","post","type-post","status-publish","format-standard","has-post-thumbnail","hentry","category-empreendimentos","category-noticias","tag-veracel"],"_links":{"self":[{"href":"https:\/\/www.maisbn.com\/portal\/wp-json\/wp\/v2\/posts\/7390","targetHints":{"allow":["GET"]}}],"collection":[{"href":"https:\/\/www.maisbn.com\/portal\/wp-json\/wp\/v2\/posts"}],"about":[{"href":"https:\/\/www.maisbn.com\/portal\/wp-json\/wp\/v2\/types\/post"}],"author":[{"embeddable":true,"href":"https:\/\/www.maisbn.com\/portal\/wp-json\/wp\/v2\/users\/7"}],"replies":[{"embeddable":true,"href":"https:\/\/www.maisbn.com\/portal\/wp-json\/wp\/v2\/comments?post=7390"}],"version-history":[{"count":1,"href":"https:\/\/www.maisbn.com\/portal\/wp-json\/wp\/v2\/posts\/7390\/revisions"}],"predecessor-version":[{"id":7394,"href":"https:\/\/www.maisbn.com\/portal\/wp-json\/wp\/v2\/posts\/7390\/revisions\/7394"}],"wp:featuredmedia":[{"embeddable":true,"href":"https:\/\/www.maisbn.com\/portal\/wp-json\/wp\/v2\/media\/7391"}],"wp:attachment":[{"href":"https:\/\/www.maisbn.com\/portal\/wp-json\/wp\/v2\/media?parent=7390"}],"wp:term":[{"taxonomy":"category","embeddable":true,"href":"https:\/\/www.maisbn.com\/portal\/wp-json\/wp\/v2\/categories?post=7390"},{"taxonomy":"post_tag","embeddable":true,"href":"https:\/\/www.maisbn.com\/portal\/wp-json\/wp\/v2\/tags?post=7390"}],"curies":[{"name":"wp","href":"https:\/\/api.w.org\/{rel}","templated":true}]}}