{"id":7359,"date":"2015-04-07T10:13:08","date_gmt":"2015-04-07T13:13:08","guid":{"rendered":"http:\/\/www.maisbn.com\/portal\/?p=7359"},"modified":"2015-04-07T10:17:18","modified_gmt":"2015-04-07T13:17:18","slug":"vereadores-derrubam-parecer-do-tcm-e-aprovam-as-contas-do-ex-prefeito-iedo-elias","status":"publish","type":"post","link":"https:\/\/www.maisbn.com\/portal\/2015\/04\/vereadores-derrubam-parecer-do-tcm-e-aprovam-as-contas-do-ex-prefeito-iedo-elias\/","title":{"rendered":"Vereadores derrubam parecer do TCM e aprovam as contas do ex-prefeito I\u00eado Elias."},"content":{"rendered":"<p>&nbsp;<\/p>\n<p><span style=\"color: #000000;\">Nesta segunda-feira (06\/04) a popula\u00e7\u00e3o lotou a C\u00e2mara de Vereadores de Belmonte para assistir a primeira batalha de uma guerra pol\u00edtica que est\u00e1 come\u00e7ando e s\u00f3 terminar\u00e1 em 2016 depois dos resultados das pr\u00f3ximas elei\u00e7\u00f5es municipais. O que estava em jogo naquele momento era a possibilidade do ex-prefeito I\u00eado Elias estar fora da corrida eleitoral do pr\u00f3ximo ano, caso suas contas fossem rejeitadas. Diante da import\u00e2ncia do fato, o ex-prefeito ficou na cidade durante v\u00e1rios dias mostrando aos vereadores as suas considera\u00e7\u00f5es e se articulando politicamente para conseguir essa t\u00e3o importante aprova\u00e7\u00e3o.<\/span><\/p>\n<p><a href=\"http:\/\/www.maisbn.com\/portal\/wp-content\/uploads\/2015\/04\/Image00007.jpg\"><img loading=\"lazy\" decoding=\"async\" class=\"aligncenter size-full wp-image-7360\" src=\"http:\/\/www.maisbn.com\/portal\/wp-content\/uploads\/2015\/04\/Image00007.jpg\" alt=\"Image00007\" width=\"650\" height=\"412\" \/><\/a><\/p>\n<p><span style=\"color: #000000;\">O grande perigo para o ex-prefeito era que Alice Britto, atual prefeita, exercesse a sua influ\u00eancia e conseguisse reprovar as contas do seu desafeto pol\u00edtico. V\u00e1rias conversas de bastidores apontavam essa possibilidade e algumas ainda constam que a mesma se reuniu na parte do dia desta segunda-feira (06\/04) para cobrar da sua base aliada essa reprova\u00e7\u00e3o. Nossa equipe n\u00e3o conseguiu contato com a gestora ou sua assessoria para saber se realmente aconteceu essa reuni\u00e3o e qual foi o teor da mesma.<\/span><\/p>\n<p><span style=\"color: #000000;\">O clima estava tenso na sess\u00e3o que come\u00e7ou \u00e0s 19:00Hrs e o plen\u00e1rio da casa estava lotado de correligion\u00e1rios e simpatizantes do ex-gestor que esperavam ansiosos o desenrolar dos fatos. Quem come\u00e7ou o primeiro depoimento foi o vereador Carvalho. Carvalho chamou a aten\u00e7\u00e3o dos colegas para que os mesmos votassem com consci\u00eancia, defendeu a harmonia entre os poderes e a independ\u00eancia dos mesmos lembrando que o Tribunal de Contas dos Munic\u00edpios era apenas um mero auxiliar da C\u00e2mara de Vereadores. <\/span><\/p>\n<p><a href=\"http:\/\/www.maisbn.com\/portal\/wp-content\/uploads\/2015\/04\/Image00025.jpg\"><img loading=\"lazy\" decoding=\"async\" class=\"aligncenter size-full wp-image-7361\" src=\"http:\/\/www.maisbn.com\/portal\/wp-content\/uploads\/2015\/04\/Image00025.jpg\" alt=\"Image00025\" width=\"650\" height=\"412\" \/><\/a><\/p>\n<p><span style=\"color: #000000;\">Logo ap\u00f3s o vereador Alvino Matos, presidente da C\u00e2mara de Vereadores, convidou o advogado I\u00eado Elias a compor a mesa e lhe deu 30 minutos para apresentar as suas considera\u00e7\u00f5es e defesa. I\u00eado come\u00e7ou o seu depoimento criticando o Tribunal de Contas dos Munic\u00edpios. Segundo ele, o Tribunal de Contas nada mais era do que um \u201cTribunal de faz de conta\u201d, j\u00e1 que, a sua composi\u00e7\u00e3o \u00e9 feita por indica\u00e7\u00e3o pol\u00edtica. O ex-gestor criticou tamb\u00e9m os processos burocr\u00e1ticos do \u00f3rg\u00e3o e o sistema que o mesmo usa que acaba penalizando os prefeitos e dificultando a aprova\u00e7\u00e3o dos exerc\u00edcios financeiros. Depois dessa cr\u00edtica I\u00eado foi rebatendo um a um os erros apontados pelo Tribunal e o momento que recebeu mais aplausos foi quando ele comentou que um dos pontos que reprovaram suas contas foram os gastos excessivos com a folha de pagamento. Sobre esse ponto, o ex-gestor revelou que n\u00e3o se arrependia porque esse dinheiro foi investido na cidade atrav\u00e9s dos sal\u00e1rios dos servidores. I\u00eado ainda comentou sobre as obras conseguidas com muita luta em sua gest\u00e3o e que algumas ele come\u00e7ou e outras ele deixou para atual gestora e que nem tudo que estava sendo feito na cidade era fruto de emendas parlamentares conseguidas por deputados, diante disso, ele justificou o parecer do Tribunal de Contas sobre o valor excessivo de di\u00e1rias, j\u00e1 que, segundo ele, \u00e9 imposs\u00edvel conseguir obras e investimentos para a cidade se o prefeito n\u00e3o sai para lutar por elas. I\u00eado ainda chamou a aten\u00e7\u00e3o que gastou em sua gest\u00e3o 22% das verbas do munic\u00edpio em sa\u00fade quando a Lei de Responsabilidade Fiscal s\u00f3 obriga 15% e mandou a popula\u00e7\u00e3o lembrar como era a sa\u00fade no tempo que estava comandando a cidade. No final ex-gestor pronunciou que ainda n\u00e3o tem pretens\u00f5es pol\u00edticas porque a corrida eleitoral ainda est\u00e1 muito longe e se dirigiu aos vereadores dizendo que qualquer que fosse o resultado da vota\u00e7\u00e3o o mesmo aceitaria.<\/span><\/p>\n<p><a href=\"http:\/\/www.maisbn.com\/portal\/wp-content\/uploads\/2015\/04\/Image00030.jpg\"><img loading=\"lazy\" decoding=\"async\" class=\"aligncenter size-full wp-image-7362\" src=\"http:\/\/www.maisbn.com\/portal\/wp-content\/uploads\/2015\/04\/Image00030.jpg\" alt=\"Image00030\" width=\"650\" height=\"412\" \/><\/a><\/p>\n<p><span style=\"color: #000000;\">Logo ap\u00f3s foi a vez do momento mais esperado da noite que era a vota\u00e7\u00e3o em si. O presidente da casa informou aos vereadores que apenas respondessem SIM ou N\u00c3O e que evitassem coment\u00e1rios e justificativas sobre os votos. Votaram favoravelmente \u00e0 aprova\u00e7\u00e3o das contas, os vereadores Daco, Calango, Alvino, Lilico, Carvalho, Edalvo, Carlinho, Tilfin e Rosildo. Por outro lado, se posicionaram de maneira contr\u00e1ria, Idinho e Turista figurando um placar de 09 a 02 aprovando ent\u00e3o as contas do ex-gestor e assegurando a sua perman\u00eancia na corrida eleitoral, caso o mesmo mude de ideia e decida enfrentar a concorr\u00eancia para retornar aos comandos da cidade.<\/span><\/p>\n<p><span style=\"color: #000000;\">No final da sess\u00e3o houve queima de fogos e o ex-prefeito recebeu abra\u00e7os dos seus familiares e correligion\u00e1rios.<\/span><\/p>\n","protected":false},"excerpt":{"rendered":"<p>&nbsp; Nesta segunda-feira (06\/04) a popula\u00e7\u00e3o lotou a C\u00e2mara de Vereadores de Belmonte para assistir a primeira batalha de uma guerra pol\u00edtica que est\u00e1 come\u00e7ando e s\u00f3 terminar\u00e1 em 2016 depois dos resultados das pr\u00f3ximas elei\u00e7\u00f5es municipais. O que estava em jogo naquele momento era a possibilidade do ex-prefeito I\u00eado Elias estar fora da corrida [&hellip;]<\/p>\n","protected":false},"author":7,"featured_media":7362,"comment_status":"open","ping_status":"open","sticky":false,"template":"","format":"standard","meta":{"footnotes":""},"categories":[1,7],"tags":[108],"class_list":["post-7359","post","type-post","status-publish","format-standard","has-post-thumbnail","hentry","category-noticias","category-politica","tag-belmonte"],"_links":{"self":[{"href":"https:\/\/www.maisbn.com\/portal\/wp-json\/wp\/v2\/posts\/7359","targetHints":{"allow":["GET"]}}],"collection":[{"href":"https:\/\/www.maisbn.com\/portal\/wp-json\/wp\/v2\/posts"}],"about":[{"href":"https:\/\/www.maisbn.com\/portal\/wp-json\/wp\/v2\/types\/post"}],"author":[{"embeddable":true,"href":"https:\/\/www.maisbn.com\/portal\/wp-json\/wp\/v2\/users\/7"}],"replies":[{"embeddable":true,"href":"https:\/\/www.maisbn.com\/portal\/wp-json\/wp\/v2\/comments?post=7359"}],"version-history":[{"count":2,"href":"https:\/\/www.maisbn.com\/portal\/wp-json\/wp\/v2\/posts\/7359\/revisions"}],"predecessor-version":[{"id":7364,"href":"https:\/\/www.maisbn.com\/portal\/wp-json\/wp\/v2\/posts\/7359\/revisions\/7364"}],"wp:featuredmedia":[{"embeddable":true,"href":"https:\/\/www.maisbn.com\/portal\/wp-json\/wp\/v2\/media\/7362"}],"wp:attachment":[{"href":"https:\/\/www.maisbn.com\/portal\/wp-json\/wp\/v2\/media?parent=7359"}],"wp:term":[{"taxonomy":"category","embeddable":true,"href":"https:\/\/www.maisbn.com\/portal\/wp-json\/wp\/v2\/categories?post=7359"},{"taxonomy":"post_tag","embeddable":true,"href":"https:\/\/www.maisbn.com\/portal\/wp-json\/wp\/v2\/tags?post=7359"}],"curies":[{"name":"wp","href":"https:\/\/api.w.org\/{rel}","templated":true}]}}