{"id":7357,"date":"2015-04-05T15:06:40","date_gmt":"2015-04-05T18:06:40","guid":{"rendered":"http:\/\/www.maisbn.com\/portal\/?p=7357"},"modified":"2015-04-05T15:06:40","modified_gmt":"2015-04-05T18:06:40","slug":"votacao-das-contas-do-ex-prefeito-iedo-elias-pode-decidir-os-rumos-da-politica-em-2016","status":"publish","type":"post","link":"https:\/\/www.maisbn.com\/portal\/2015\/04\/votacao-das-contas-do-ex-prefeito-iedo-elias-pode-decidir-os-rumos-da-politica-em-2016\/","title":{"rendered":"Vota\u00e7\u00e3o das contas do ex-prefeito I\u00eado Elias pode decidir os rumos da pol\u00edtica em 2016."},"content":{"rendered":"<p><a href=\"http:\/\/www.maisbn.com\/portal\/wp-content\/uploads\/2014\/07\/prefeitoiedocontas.jpg\"><img loading=\"lazy\" decoding=\"async\" class=\"aligncenter size-full wp-image-5613\" src=\"http:\/\/www.maisbn.com\/portal\/wp-content\/uploads\/2014\/07\/prefeitoiedocontas.jpg\" alt=\"prefeitoiedocontas\" width=\"530\" height=\"397\" srcset=\"https:\/\/www.maisbn.com\/portal\/wp-content\/uploads\/2014\/07\/prefeitoiedocontas.jpg 530w, https:\/\/www.maisbn.com\/portal\/wp-content\/uploads\/2014\/07\/prefeitoiedocontas-467x350.jpg 467w\" sizes=\"auto, (max-width: 530px) 100vw, 530px\" \/><\/a><\/p>\n<p><span style=\"color: #000000;\">Nessa segunda-feira (06\/04) a C\u00e2mara de Vereadores de Belmonte ser\u00e1 palco de um grande embate pol\u00edtico que pode mudar os rumos da corrida eleitoral em 2016. Estamos falando da vota\u00e7\u00e3o das ultimas contas de 2012 da gest\u00e3o do ex-prefeito I\u00eado Elias, um dos pretensos nomes que disputar\u00e3o o comando da Prefeitura de Belmonte nos pr\u00f3ximos quatro anos.<\/span><\/p>\n<p><span style=\"color: #000000;\">As citadas contas foram rejeitadas pelo Tribunal de Contas dos Munic\u00edpios (TCM) e tiveram parecer da Comiss\u00e3o de Finan\u00e7as, Or\u00e7amento e Fiscaliza\u00e7\u00e3o da C\u00e2mara tamb\u00e9m pela rejei\u00e7\u00e3o e caso o plen\u00e1rio ratifique esta posi\u00e7\u00e3o, o ex-prefeito I\u00eado Elias ficar\u00e1 ineleg\u00edvel acabando com o sonho de seus correligion\u00e1rios de v\u00ea-lo reconduzido a ocupar um dos cargos mais cobi\u00e7ados da cidade.<\/span><\/p>\n<p><span style=\"color: #000000;\">O fato em quest\u00e3o \u00e9 que essas contas seriam apenas mais uma para a cole\u00e7\u00e3o do ex-prefeito I\u00eado Elias, j\u00e1 que, no per\u00edodo entre os anos de 2005 e 2012 (08 anos), o mesmo s\u00f3 teve duas contas aprovadas, mesmo assim com ressalvas. Mas, para o azar do mesmo, o ex-prefeito esbarrou em uma pedra em seu sapato e essa pedra se chama Alice Britto, atual prefeita de Belmonte e a sua maior inimiga pol\u00edtica. O problema do ex-mandat\u00e1rio \u00e9 que, naturalmente por ser prefeita, Alice tem a maioria dos vereadores que ir\u00e3o julgar as suas contas e ela pode exercer a sua influ\u00eancia e, consequentemente, eliminar o seu antecessor do p\u00e1reo. Esse fato vem tirando o sono dos correligion\u00e1rios dos dois lados, pois o resultado da decis\u00e3o de segunda-feira (06\/04) pode destruir os sonhos dos que est\u00e3o fora do poder e querem voltar \u00e0 t\u00e3o saudosa condi\u00e7\u00e3o ou significar o perigo de ter que amargar 04 anos de persegui\u00e7\u00e3o dos que est\u00e3o com a Prefeita Alice Britto na atual gest\u00e3o caso ela leve a pior nas pr\u00f3ximas elei\u00e7\u00f5es. As pessoas que acompanham a prefeita sabem que o grupo pol\u00edtico do ex-gestor n\u00e3o perdoar\u00e1 os que eles chamam de \u201ctraidores\u201d, j\u00e1 que, elas preferiram ficar do lado de Alice quando houve o grande conflito que rachou o grupo ao meio logo ap\u00f3s a mesma assumir os comandos da cidade e, por causa disso, muitos j\u00e1 est\u00e3o com as barbas de molho e se tornar\u00e3o soldados fi\u00e9is ao lado da prefeita na luta contra o retorno de I\u00eado Elias ao poder.<\/span><\/p>\n<p><span style=\"color: #000000;\">Pra piorar ainda mais a situa\u00e7\u00e3o o ex-prefeito ainda conta com mais uma condi\u00e7\u00e3o desfavor\u00e1vel que \u00e9 o voto aberto dos vereadores. O voto aberto \u00e9 uma boa condi\u00e7\u00e3o para a comunidade, j\u00e1 que, torna os processos mais transparentes, s\u00f3 que, deixa os vereadores em uma verdadeira saia-justa, j\u00e1 que, os mesmos ter\u00e3o que mostrar a sua cara e n\u00e3o poder\u00e3o ficar encima do muro. Os vereadores ter\u00e3o que mostrar na pr\u00e1tica, e n\u00e3o s\u00f3 em palavras, o lado politico que est\u00e3o seguindo.<\/span><\/p>\n<p><span style=\"color: #000000;\">A vota\u00e7\u00e3o das contas da Prefeitura de Belmonte acontecer\u00e1 nesta segunda-feira (06\/04) \u00e0s 19:00Hrs e com o plen\u00e1rio lotado veremos como vai ser o desenrolar desse grande impasse que pode significar muito para as elei\u00e7\u00f5es municipais que acontecer\u00e3o em 2016.<\/span><\/p>\n","protected":false},"excerpt":{"rendered":"<p>Nessa segunda-feira (06\/04) a C\u00e2mara de Vereadores de Belmonte ser\u00e1 palco de um grande embate pol\u00edtico que pode mudar os rumos da corrida eleitoral em 2016. Estamos falando da vota\u00e7\u00e3o das ultimas contas de 2012 da gest\u00e3o do ex-prefeito I\u00eado Elias, um dos pretensos nomes que disputar\u00e3o o comando da Prefeitura de Belmonte nos pr\u00f3ximos [&hellip;]<\/p>\n","protected":false},"author":7,"featured_media":5613,"comment_status":"open","ping_status":"open","sticky":false,"template":"","format":"standard","meta":{"footnotes":""},"categories":[1,7],"tags":[108],"class_list":["post-7357","post","type-post","status-publish","format-standard","has-post-thumbnail","hentry","category-noticias","category-politica","tag-belmonte"],"_links":{"self":[{"href":"https:\/\/www.maisbn.com\/portal\/wp-json\/wp\/v2\/posts\/7357","targetHints":{"allow":["GET"]}}],"collection":[{"href":"https:\/\/www.maisbn.com\/portal\/wp-json\/wp\/v2\/posts"}],"about":[{"href":"https:\/\/www.maisbn.com\/portal\/wp-json\/wp\/v2\/types\/post"}],"author":[{"embeddable":true,"href":"https:\/\/www.maisbn.com\/portal\/wp-json\/wp\/v2\/users\/7"}],"replies":[{"embeddable":true,"href":"https:\/\/www.maisbn.com\/portal\/wp-json\/wp\/v2\/comments?post=7357"}],"version-history":[{"count":1,"href":"https:\/\/www.maisbn.com\/portal\/wp-json\/wp\/v2\/posts\/7357\/revisions"}],"predecessor-version":[{"id":7358,"href":"https:\/\/www.maisbn.com\/portal\/wp-json\/wp\/v2\/posts\/7357\/revisions\/7358"}],"wp:featuredmedia":[{"embeddable":true,"href":"https:\/\/www.maisbn.com\/portal\/wp-json\/wp\/v2\/media\/5613"}],"wp:attachment":[{"href":"https:\/\/www.maisbn.com\/portal\/wp-json\/wp\/v2\/media?parent=7357"}],"wp:term":[{"taxonomy":"category","embeddable":true,"href":"https:\/\/www.maisbn.com\/portal\/wp-json\/wp\/v2\/categories?post=7357"},{"taxonomy":"post_tag","embeddable":true,"href":"https:\/\/www.maisbn.com\/portal\/wp-json\/wp\/v2\/tags?post=7357"}],"curies":[{"name":"wp","href":"https:\/\/api.w.org\/{rel}","templated":true}]}}