{"id":7341,"date":"2015-04-03T22:30:56","date_gmt":"2015-04-04T01:30:56","guid":{"rendered":"http:\/\/www.maisbn.com\/portal\/?p=7341"},"modified":"2015-04-03T22:37:14","modified_gmt":"2015-04-04T01:37:14","slug":"o-raio-x-do-movimento-que-marcou-a-historia-de-belmonte-e-deu-uma-aula-de-democracia-para-a-bahia","status":"publish","type":"post","link":"https:\/\/www.maisbn.com\/portal\/2015\/04\/o-raio-x-do-movimento-que-marcou-a-historia-de-belmonte-e-deu-uma-aula-de-democracia-para-a-bahia\/","title":{"rendered":"O raio-x do movimento que marcou a hist\u00f3ria de Belmonte e deu uma aula de democracia para a Bahia."},"content":{"rendered":"<p><span style=\"color: #000000;\">O que aconteceu? \u00c9 um movimento pol\u00edtico formado por oportunistas querendo aparecer? S\u00e3o pessoas de algum partido pol\u00edtico contra o PT? Algum pol\u00edtico puxando as pessoas para se revoltarem querendo figurar o \u201csalvador da p\u00e1tria\u201d? Nada disso. O movimento que vimos come\u00e7ar na madrugada da \u00faltima quinta-feira (02\/04) e terminar por volta das 12:00Hrs do mesmo dia foi simplesmente a uni\u00e3o de pessoas que s\u00e3o apaixonadas por Belmonte, que cansaram de esperar e foram exigir das autoridades respeito pelo povo dessa terra.<\/span><br \/>\n<span style=\"color: #000000;\">Diante da import\u00e2ncia e da dimens\u00e3o desse movimento nossa equipe resolveu mostrar para os nossos internautas como foi a origem dessa manifesta\u00e7\u00e3o que surpreendeu a todos e mostrou que Belmonte ainda tem her\u00f3is e n\u00e3o apenas politicagem.<\/span><\/p>\n<p>&nbsp;<\/p>\n<div id=\"attachment_7328\" style=\"width: 660px\" class=\"wp-caption aligncenter\"><a href=\"http:\/\/www.maisbn.com\/portal\/wp-content\/uploads\/2015\/04\/IMG-20150331-WA0037.jpg\"><img loading=\"lazy\" decoding=\"async\" aria-describedby=\"caption-attachment-7328\" class=\"wp-image-7328 size-full\" src=\"http:\/\/www.maisbn.com\/portal\/wp-content\/uploads\/2015\/04\/IMG-20150331-WA0037.jpg\" alt=\"IMG-20150331-WA0037\" width=\"650\" height=\"412\" \/><\/a><p id=\"caption-attachment-7328\" class=\"wp-caption-text\">Membros do Grupo &#8220;A LUTA CONTINUA!&#8221; reunidos na sede do Esporte Clube Am\u00e9rica.<\/p><\/div>\n<p><span style=\"color: #000000;\">Os acontecimentos dos fatos tiveram inicio nas redes sociais onde o Sr. Luciano Ribeiro Andrade criou um grupo no watsapp intitulado \u201cA LUTA CONTINUA!\u201d. Luluca, como \u00e9 conhecido frente \u00e0 presid\u00eancia da Liga Desportiva de Belmonte, procurou reunir nesse grupo pessoas pensadoras que tem opini\u00e3o formada e que desejam o progresso de Belmonte. Como era uma comunidade formada por amigos, o grupo vinha tratando de diversos assuntos e fazendo resenhas, quando se abordou as p\u00e9ssimas condi\u00e7\u00f5es da BA-001 que j\u00e1 tinha ceifado vidas e que permaneciam dando preju\u00edzos e trazendo perigo para os belmontenses. Foi decidido ent\u00e3o que n\u00e3o bastaria apenas pedido de pol\u00edticos da cidade e que o Governo do Estado s\u00f3 ouviria se a popula\u00e7\u00e3o se mobilizasse e fizesse alguma coisa.<\/span><\/p>\n<div id=\"attachment_7329\" style=\"width: 660px\" class=\"wp-caption aligncenter\"><a href=\"http:\/\/www.maisbn.com\/portal\/wp-content\/uploads\/2015\/04\/IMG-20150331-WA0039.jpg\"><img loading=\"lazy\" decoding=\"async\" aria-describedby=\"caption-attachment-7329\" class=\"wp-image-7329 size-full\" src=\"http:\/\/www.maisbn.com\/portal\/wp-content\/uploads\/2015\/04\/IMG-20150331-WA0039.jpg\" alt=\"IMG-20150331-WA0039\" width=\"650\" height=\"412\" \/><\/a><p id=\"caption-attachment-7329\" class=\"wp-caption-text\">Foto hist\u00f3rica depois de definidos os rumos do movimento.<\/p><\/div>\n<p><span style=\"color: #000000;\">A discuss\u00e3o se acalorou e os participantes do \u201cA LUTA CONTINUA!\u201d decidiram marcar uma reuni\u00e3o na ter\u00e7a-feira (31\/03) para discutir pessoalmente o assunto e como seria o movimento. Ficou decidido que a manifesta\u00e7\u00e3o seria ordeira e pac\u00edfica e que n\u00e3o se permitiria o uso do movimento por grupos pol\u00edticos. O objetivo era ser uma manifesta\u00e7\u00e3o de um povo que sofre com o descaso do Governo do Estado. Durante a reuni\u00e3o foi discutida a log\u00edstica e como seria o abastecimento de \u00e1gua para os manifestantes, ve\u00edculos que fariam o transporte dos mesmos, quem faria os contatos com a imprensa, entre outras necessidades. A data foi definida para quinta-feira (02\/04) logo pela madrugada e ficou acertado fechar dois pontos pr\u00e9-escolhidos na rodovia BA-001 com o objetivo de chamar a aten\u00e7\u00e3o tamb\u00e9m da Veracel para que a empresa tamb\u00e9m pudesse ajudar nessa grande necessidade.<\/span><\/p>\n<div id=\"attachment_7336\" style=\"width: 660px\" class=\"wp-caption aligncenter\"><a href=\"http:\/\/www.maisbn.com\/portal\/wp-content\/uploads\/2015\/04\/IMG-20150402-WA0017.jpg\"><img loading=\"lazy\" decoding=\"async\" aria-describedby=\"caption-attachment-7336\" class=\"wp-image-7336 size-full\" src=\"http:\/\/www.maisbn.com\/portal\/wp-content\/uploads\/2015\/04\/IMG-20150402-WA0017.jpg\" alt=\"IMG-20150402-WA0017\" width=\"650\" height=\"412\" \/><\/a><p id=\"caption-attachment-7336\" class=\"wp-caption-text\">Os guerreiros, juntamente com a popula\u00e7\u00e3o, representante da Veracel e for\u00e7as pol\u00edticas da cidade exigindo provid\u00eancias do Governo do Estado.<\/p><\/div>\n<p><span style=\"color: #000000;\">Os guerreiros ent\u00e3o acordaram cedo, foram para a estrada, fizeram barricadas, aguentaram o sol quente com toda energia e, apesar das dificuldades, estavam focados no objetivo de p\u00f4r fim ao grande descaso, e assim, evitar mais mortes e preju\u00edzos causados pelas condi\u00e7\u00f5es da BA-001. V\u00e1rios ve\u00edculos da imprensa apareceram e as imagens do movimento correram todo o mundo pelos mais diversos meios de comunica\u00e7\u00e3o. Tamb\u00e9m n\u00e3o podemos deixar de destacar o papel da popula\u00e7\u00e3o que abra\u00e7ou a causa e lotou os bloqueios pedindo provid\u00eancias para a estrada. As for\u00e7as pol\u00edticas belmontenses tamb\u00e9m se uniram em torno da manifesta\u00e7\u00e3o e esqueceram as diverg\u00eancias e, com esse objetivo, estiveram no local a Prefeita Alice Britto e os vereadores da base aliada e, representando a oposi\u00e7\u00e3o, estavam o agricultor Janival Andrade e o vereador Turista. O Deputado J\u00e2nio Natal n\u00e3o esteve presente mas se manifestou a favor da manifesta\u00e7\u00e3o atrav\u00e9s das redes sociais.<\/span><\/p>\n<div id=\"attachment_7342\" style=\"width: 504px\" class=\"wp-caption aligncenter\"><a href=\"http:\/\/www.maisbn.com\/portal\/wp-content\/uploads\/2015\/04\/IMG-20150401-WA0038.jpg\"><img loading=\"lazy\" decoding=\"async\" aria-describedby=\"caption-attachment-7342\" class=\"wp-image-7342 size-full\" src=\"http:\/\/www.maisbn.com\/portal\/wp-content\/uploads\/2015\/04\/IMG-20150401-WA0038.jpg\" alt=\"IMG-20150401-WA0038\" width=\"494\" height=\"398\" \/><\/a><p id=\"caption-attachment-7342\" class=\"wp-caption-text\">Deputado Estadual J\u00e2nio Natal apoia a manifesta\u00e7\u00e3o por meio das redes sociais.<\/p><\/div>\n<p><span style=\"color: #000000;\">Depois de todo esse esfor\u00e7o o objetivo foi alcan\u00e7ado: A Veracel mandou seu representante e prometeu ajudar no pleito, a Prefeita Alice Britto ligou para um representante da Superintend\u00eancia de Infraestrutura de Transportes da Bahia (STI), autarquia que assumiu as atribui\u00e7\u00f5es do antigo DERBA, e o mesmo prometeu uma opera\u00e7\u00e3o tapa-buracos com in\u00edcio no pr\u00f3ximo dia 07\/04 e uma audi\u00eancia na sede do \u00f3rg\u00e3o para o pr\u00f3ximo dia 17\/04 com o objetivo de discutir como acontecer\u00e1 a recupera\u00e7\u00e3o total da rodovia e um termo de compromisso foi assinado entre todos os envolvidos na negocia\u00e7\u00e3o para que a manifesta\u00e7\u00e3o chegasse ao fim e essas a\u00e7\u00f5es por parte do Governo do Estado fossem realizadas com a intercess\u00e3o da empresa Veracel Celulose.<\/span><\/p>\n<div id=\"attachment_7344\" style=\"width: 660px\" class=\"wp-caption aligncenter\"><a href=\"http:\/\/www.maisbn.com\/portal\/wp-content\/uploads\/2015\/04\/IMG-20150402-WA0061.jpg\"><img loading=\"lazy\" decoding=\"async\" aria-describedby=\"caption-attachment-7344\" class=\"wp-image-7344 size-full\" src=\"http:\/\/www.maisbn.com\/portal\/wp-content\/uploads\/2015\/04\/IMG-20150402-WA0061.jpg\" alt=\"IMG-20150402-WA0061\" width=\"650\" height=\"412\" \/><\/a><p id=\"caption-attachment-7344\" class=\"wp-caption-text\">Luluca, um dos organizadores do movimento, negociando com o representante da Veracel.<\/p><\/div>\n<p><span style=\"color: #000000;\">O resumo \u00e9 que esses belmontenses mostraram que a popula\u00e7\u00e3o pode se organizar e lutar por melhorias. Eles mostraram que o nosso povo h\u00e1 muito tempo deixou de ser o \u201cpovo carneiro\u201d de antigamente e que agora luta por seus objetivos. Esses guerreiros mostraram que os belmontenses cansaram de perder e agora querem os seus direitos. A \u00fanica coisa que nos entristece \u00e9 que, se tiv\u00e9ssemos essa iniciativa, nossa cidade hoje era outra. Com esses pensamentos talvez n\u00e3o tiv\u00e9ssemos perdido o territ\u00f3rio da Veracel para a Eun\u00e1polis e talvez nossa Belmonte n\u00e3o tivesse sofrido com os pol\u00edticos mal intencionados.<\/span><\/p>\n<div id=\"attachment_7345\" style=\"width: 660px\" class=\"wp-caption aligncenter\"><a href=\"http:\/\/www.maisbn.com\/portal\/wp-content\/uploads\/2015\/04\/IMG-20150402-WA0063.jpg\"><img loading=\"lazy\" decoding=\"async\" aria-describedby=\"caption-attachment-7345\" class=\"size-full wp-image-7345\" src=\"http:\/\/www.maisbn.com\/portal\/wp-content\/uploads\/2015\/04\/IMG-20150402-WA0063.jpg\" alt=\"Prefeita Alice Britto ouve os manifestantes e apoia o movimento.\" width=\"650\" height=\"412\" \/><\/a><p id=\"caption-attachment-7345\" class=\"wp-caption-text\">Prefeita Alice Britto ouve os manifestantes, apoia o movimento e diz que a recupera\u00e7\u00e3o da BA-001 tem sido cobrada ao Governo do Estado desde a gest\u00e3o anterior.<\/p><\/div>\n<p><span style=\"color: #000000;\">Os nossos guerreiros est\u00e3o de parab\u00e9ns e deixaram o recado que o nosso povo acordou, que os pol\u00edticos que se cuidem porque outras cobran\u00e7as vir\u00e3o e que nessas elei\u00e7\u00f5es eles ter\u00e3o que provar para que vieram porque os nossos her\u00f3is, acima de tudo, mostraram que o nosso povo agora tem consci\u00eancia.<\/span><\/p>\n","protected":false},"excerpt":{"rendered":"<p>O que aconteceu? \u00c9 um movimento pol\u00edtico formado por oportunistas querendo aparecer? S\u00e3o pessoas de algum partido pol\u00edtico contra o PT? Algum pol\u00edtico puxando as pessoas para se revoltarem querendo figurar o \u201csalvador da p\u00e1tria\u201d? Nada disso. O movimento que vimos come\u00e7ar na madrugada da \u00faltima quinta-feira (02\/04) e terminar por volta das 12:00Hrs do [&hellip;]<\/p>\n","protected":false},"author":7,"featured_media":7347,"comment_status":"open","ping_status":"open","sticky":false,"template":"","format":"standard","meta":{"footnotes":""},"categories":[45,1],"tags":[108],"class_list":["post-7341","post","type-post","status-publish","format-standard","has-post-thumbnail","hentry","category-cidades","category-noticias","tag-belmonte"],"_links":{"self":[{"href":"https:\/\/www.maisbn.com\/portal\/wp-json\/wp\/v2\/posts\/7341","targetHints":{"allow":["GET"]}}],"collection":[{"href":"https:\/\/www.maisbn.com\/portal\/wp-json\/wp\/v2\/posts"}],"about":[{"href":"https:\/\/www.maisbn.com\/portal\/wp-json\/wp\/v2\/types\/post"}],"author":[{"embeddable":true,"href":"https:\/\/www.maisbn.com\/portal\/wp-json\/wp\/v2\/users\/7"}],"replies":[{"embeddable":true,"href":"https:\/\/www.maisbn.com\/portal\/wp-json\/wp\/v2\/comments?post=7341"}],"version-history":[{"count":2,"href":"https:\/\/www.maisbn.com\/portal\/wp-json\/wp\/v2\/posts\/7341\/revisions"}],"predecessor-version":[{"id":7348,"href":"https:\/\/www.maisbn.com\/portal\/wp-json\/wp\/v2\/posts\/7341\/revisions\/7348"}],"wp:featuredmedia":[{"embeddable":true,"href":"https:\/\/www.maisbn.com\/portal\/wp-json\/wp\/v2\/media\/7347"}],"wp:attachment":[{"href":"https:\/\/www.maisbn.com\/portal\/wp-json\/wp\/v2\/media?parent=7341"}],"wp:term":[{"taxonomy":"category","embeddable":true,"href":"https:\/\/www.maisbn.com\/portal\/wp-json\/wp\/v2\/categories?post=7341"},{"taxonomy":"post_tag","embeddable":true,"href":"https:\/\/www.maisbn.com\/portal\/wp-json\/wp\/v2\/tags?post=7341"}],"curies":[{"name":"wp","href":"https:\/\/api.w.org\/{rel}","templated":true}]}}