{"id":7335,"date":"2015-04-02T14:45:42","date_gmt":"2015-04-02T17:45:42","guid":{"rendered":"http:\/\/www.maisbn.com\/portal\/?p=7335"},"modified":"2015-04-02T18:09:24","modified_gmt":"2015-04-02T21:09:24","slug":"rodovia-ba-001-foi-liberada-depois-de-acordo-entre-os-manifestantes-veracel-e-governo-do-estado","status":"publish","type":"post","link":"https:\/\/www.maisbn.com\/portal\/2015\/04\/rodovia-ba-001-foi-liberada-depois-de-acordo-entre-os-manifestantes-veracel-e-governo-do-estado\/","title":{"rendered":"Rodovia BA-001 foi liberada depois de acordo entre os manifestantes, Veracel e Governo do Estado."},"content":{"rendered":"<p>A interdi\u00e7\u00e3o da BA-001 que come\u00e7ou por volta das 2:00h da manh\u00e3 de hoje (02\/03) em dois trechos da rodovia, terminou por volta de 12:00h ap\u00f3s negocia\u00e7\u00e3o com Veracel e Governo. O movimento denominado \u201cParalisa\u00e7\u00e3o pela vida\u201d que reivindicou a recupera\u00e7\u00e3o da rodovia no trecho Belmonte x Santa Cruz Cabr\u00e1lia reuniu moradores, comerciantes e representantes de toda sociedade.<\/p>\n<p><a href=\"http:\/\/www.maisbn.com\/portal\/wp-content\/uploads\/2015\/04\/IMG-20150402-WA0017.jpg\"><img loading=\"lazy\" decoding=\"async\" class=\"aligncenter size-full wp-image-7336\" src=\"http:\/\/www.maisbn.com\/portal\/wp-content\/uploads\/2015\/04\/IMG-20150402-WA0017.jpg\" alt=\"IMG-20150402-WA0017\" width=\"650\" height=\"412\" \/><\/a><\/p>\n<p>Para a libera\u00e7\u00e3o da pista foi acordado entre os manifestantes e o representante da Veracel Pedro Cardoso com participa\u00e7\u00e3o e intermedia\u00e7\u00e3o da Prefeita de Belmonte Alice Brito, que a rodovia seria recuperada em duas etapas. Na primeira ser\u00e1 realizada uma opera\u00e7\u00e3o tapa-buracos, um paliativo que tem in\u00edcio previsto para o dia 07\/04 que visa melhorar um pouco a condi\u00e7\u00e3o da estrada at\u00e9 que os manifestantes se re\u00fanam novamente com representantes da Veracel e Governo do Estado para assim definir a segunda etapa que \u00e9 o recapeamento total do trecho.<\/p>\n<p><a href=\"http:\/\/www.maisbn.com\/portal\/wp-content\/uploads\/2015\/04\/IMG-20150402-WA0020.jpg\"><img loading=\"lazy\" decoding=\"async\" class=\"aligncenter size-full wp-image-7337\" src=\"http:\/\/www.maisbn.com\/portal\/wp-content\/uploads\/2015\/04\/IMG-20150402-WA0020.jpg\" alt=\"IMG-20150402-WA0020\" width=\"650\" height=\"412\" \/><\/a><\/p>\n<p>Al\u00e9m da Pol\u00edcia Rodovi\u00e1ria Estadual que acompanhou de perto todo o protesto, diversas lideran\u00e7as pol\u00edticas do munic\u00edpio de Belmonte e regi\u00e3o estiveram no local apoiando as reivindica\u00e7\u00f5es, como o Vereador Daco, Idinho, Turista e a Prefeita Alice Brito que participou da negocia\u00e7\u00e3o, vale ressaltar que esta manifesta\u00e7\u00e3o n\u00e3o tem partido nem grupo pol\u00edtico, est\u00e1 luta e a vit\u00f3ria que est\u00e1 por vir \u00e9 de todo povo belmontense.<\/p>\n","protected":false},"excerpt":{"rendered":"<p>A interdi\u00e7\u00e3o da BA-001 que come\u00e7ou por volta das 2:00h da manh\u00e3 de hoje (02\/03) em dois trechos da rodovia, terminou por volta de 12:00h ap\u00f3s negocia\u00e7\u00e3o com Veracel e Governo. O movimento denominado \u201cParalisa\u00e7\u00e3o pela vida\u201d que reivindicou a recupera\u00e7\u00e3o da rodovia no trecho Belmonte x Santa Cruz Cabr\u00e1lia reuniu moradores, comerciantes e representantes [&hellip;]<\/p>\n","protected":false},"author":1,"featured_media":7336,"comment_status":"open","ping_status":"open","sticky":false,"template":"","format":"standard","meta":{"footnotes":""},"categories":[45,1],"tags":[497,108,101,611,385],"class_list":["post-7335","post","type-post","status-publish","format-standard","has-post-thumbnail","hentry","category-cidades","category-noticias","tag-ba-001","tag-belmonte","tag-belmonte-bahia-2","tag-belmotne-ba","tag-manifestacao"],"_links":{"self":[{"href":"https:\/\/www.maisbn.com\/portal\/wp-json\/wp\/v2\/posts\/7335","targetHints":{"allow":["GET"]}}],"collection":[{"href":"https:\/\/www.maisbn.com\/portal\/wp-json\/wp\/v2\/posts"}],"about":[{"href":"https:\/\/www.maisbn.com\/portal\/wp-json\/wp\/v2\/types\/post"}],"author":[{"embeddable":true,"href":"https:\/\/www.maisbn.com\/portal\/wp-json\/wp\/v2\/users\/1"}],"replies":[{"embeddable":true,"href":"https:\/\/www.maisbn.com\/portal\/wp-json\/wp\/v2\/comments?post=7335"}],"version-history":[{"count":3,"href":"https:\/\/www.maisbn.com\/portal\/wp-json\/wp\/v2\/posts\/7335\/revisions"}],"predecessor-version":[{"id":7340,"href":"https:\/\/www.maisbn.com\/portal\/wp-json\/wp\/v2\/posts\/7335\/revisions\/7340"}],"wp:featuredmedia":[{"embeddable":true,"href":"https:\/\/www.maisbn.com\/portal\/wp-json\/wp\/v2\/media\/7336"}],"wp:attachment":[{"href":"https:\/\/www.maisbn.com\/portal\/wp-json\/wp\/v2\/media?parent=7335"}],"wp:term":[{"taxonomy":"category","embeddable":true,"href":"https:\/\/www.maisbn.com\/portal\/wp-json\/wp\/v2\/categories?post=7335"},{"taxonomy":"post_tag","embeddable":true,"href":"https:\/\/www.maisbn.com\/portal\/wp-json\/wp\/v2\/tags?post=7335"}],"curies":[{"name":"wp","href":"https:\/\/api.w.org\/{rel}","templated":true}]}}