{"id":7332,"date":"2015-04-02T09:31:32","date_gmt":"2015-04-02T12:31:32","guid":{"rendered":"http:\/\/www.maisbn.com\/portal\/?p=7332"},"modified":"2015-04-02T09:31:32","modified_gmt":"2015-04-02T12:31:32","slug":"manifestacao-povo-de-belmonte-luta-pela-recuperacao-da-ba-001-e-rodovia-e-bloqueada","status":"publish","type":"post","link":"https:\/\/www.maisbn.com\/portal\/2015\/04\/manifestacao-povo-de-belmonte-luta-pela-recuperacao-da-ba-001-e-rodovia-e-bloqueada\/","title":{"rendered":"Manifesta\u00e7\u00e3o: Povo de Belmonte luta pela recupera\u00e7\u00e3o da BA-001 e rodovia \u00e9 bloqueada."},"content":{"rendered":"<p><a href=\"http:\/\/www.maisbn.com\/portal\/wp-content\/uploads\/2015\/04\/mosaico_manifestacao.jpg\"><img loading=\"lazy\" decoding=\"async\" class=\"aligncenter size-full wp-image-7333\" src=\"http:\/\/www.maisbn.com\/portal\/wp-content\/uploads\/2015\/04\/mosaico_manifestacao.jpg\" alt=\"mosaico_manifestacao\" width=\"640\" height=\"400\" \/><\/a><\/p>\n<p><span style=\"color: #000000;\">Come\u00e7ou \u00e0s 02:00Hrs da madrugada desta quinta-feira (02\/04) a manifesta\u00e7\u00e3o pela recupera\u00e7\u00e3o da rodovia BA-001 no trecho entre Belmonte e Santa Cruz Cabr\u00e1lia. Os manifestantes montaram barricadas e bloquearam a estrada em dois pontos, no KM 09 e no KM 20. Nossa equipe est\u00e1 no local e o movimento segue pac\u00edfico apesar do grande n\u00famero de ve\u00edculo estar retido na rodovia. Os manifestantes informaram que ambul\u00e2ncias e carros de emerg\u00eancia est\u00e3o passando. Eles informaram tamb\u00e9m que deixaram o ve\u00edculo do Sr. Raimundo, um vendedor antigo de leite na cidade, passar porque ele estava levando 60 litros de leite que s\u00e3o doados todos os dias para o Abrigo S\u00e3o Vicente.<\/span><\/p>\n<p><span style=\"color: #000000;\">O manifestantes informaram que o movimento \u00e9 apartid\u00e1rio e busca apenas chamar a aten\u00e7\u00e3o do Governo do Estado e da Veracel para que ajudem nas melhorias das condi\u00e7\u00f5es da rodovia que encontra-se em situa\u00e7\u00e3o ca\u00f3tica e causando muitos acidentes. Eles ainda informaram que a manifesta\u00e7\u00e3o s\u00f3 ser\u00e1 suspensa quando representantes das duas entidades citadas aparecerem para negociar.<\/span><\/p>\n","protected":false},"excerpt":{"rendered":"<p>Come\u00e7ou \u00e0s 02:00Hrs da madrugada desta quinta-feira (02\/04) a manifesta\u00e7\u00e3o pela recupera\u00e7\u00e3o da rodovia BA-001 no trecho entre Belmonte e Santa Cruz Cabr\u00e1lia. Os manifestantes montaram barricadas e bloquearam a estrada em dois pontos, no KM 09 e no KM 20. Nossa equipe est\u00e1 no local e o movimento segue pac\u00edfico apesar do grande n\u00famero [&hellip;]<\/p>\n","protected":false},"author":7,"featured_media":7333,"comment_status":"open","ping_status":"open","sticky":false,"template":"","format":"standard","meta":{"footnotes":""},"categories":[45,1],"tags":[108],"class_list":["post-7332","post","type-post","status-publish","format-standard","has-post-thumbnail","hentry","category-cidades","category-noticias","tag-belmonte"],"_links":{"self":[{"href":"https:\/\/www.maisbn.com\/portal\/wp-json\/wp\/v2\/posts\/7332","targetHints":{"allow":["GET"]}}],"collection":[{"href":"https:\/\/www.maisbn.com\/portal\/wp-json\/wp\/v2\/posts"}],"about":[{"href":"https:\/\/www.maisbn.com\/portal\/wp-json\/wp\/v2\/types\/post"}],"author":[{"embeddable":true,"href":"https:\/\/www.maisbn.com\/portal\/wp-json\/wp\/v2\/users\/7"}],"replies":[{"embeddable":true,"href":"https:\/\/www.maisbn.com\/portal\/wp-json\/wp\/v2\/comments?post=7332"}],"version-history":[{"count":1,"href":"https:\/\/www.maisbn.com\/portal\/wp-json\/wp\/v2\/posts\/7332\/revisions"}],"predecessor-version":[{"id":7334,"href":"https:\/\/www.maisbn.com\/portal\/wp-json\/wp\/v2\/posts\/7332\/revisions\/7334"}],"wp:featuredmedia":[{"embeddable":true,"href":"https:\/\/www.maisbn.com\/portal\/wp-json\/wp\/v2\/media\/7333"}],"wp:attachment":[{"href":"https:\/\/www.maisbn.com\/portal\/wp-json\/wp\/v2\/media?parent=7332"}],"wp:term":[{"taxonomy":"category","embeddable":true,"href":"https:\/\/www.maisbn.com\/portal\/wp-json\/wp\/v2\/categories?post=7332"},{"taxonomy":"post_tag","embeddable":true,"href":"https:\/\/www.maisbn.com\/portal\/wp-json\/wp\/v2\/tags?post=7332"}],"curies":[{"name":"wp","href":"https:\/\/api.w.org\/{rel}","templated":true}]}}