{"id":7325,"date":"2015-04-01T15:12:04","date_gmt":"2015-04-01T18:12:04","guid":{"rendered":"http:\/\/www.maisbn.com\/portal\/?p=7325"},"modified":"2015-04-01T15:13:03","modified_gmt":"2015-04-01T18:13:03","slug":"populacao-de-belmonte-se-organiza-para-fechar-ba-001-e-cobrar-a-recuperacao-da-ba-001","status":"publish","type":"post","link":"https:\/\/www.maisbn.com\/portal\/2015\/04\/populacao-de-belmonte-se-organiza-para-fechar-ba-001-e-cobrar-a-recuperacao-da-ba-001\/","title":{"rendered":"Popula\u00e7\u00e3o de Belmonte se organiza para fechar BA-001 e cobrar a recupera\u00e7\u00e3o da rodovia.."},"content":{"rendered":"<div id=\"attachment_3840\" style=\"width: 650px\" class=\"wp-caption aligncenter\"><a href=\"http:\/\/www.maisbn.com\/portal\/wp-content\/uploads\/2013\/12\/estrada-01.jpg\"><img loading=\"lazy\" decoding=\"async\" aria-describedby=\"caption-attachment-3840\" class=\"wp-image-3840 size-full\" src=\"http:\/\/www.maisbn.com\/portal\/wp-content\/uploads\/2013\/12\/estrada-01.jpg\" alt=\"estrada 01\" width=\"640\" height=\"480\" srcset=\"https:\/\/www.maisbn.com\/portal\/wp-content\/uploads\/2013\/12\/estrada-01.jpg 640w, https:\/\/www.maisbn.com\/portal\/wp-content\/uploads\/2013\/12\/estrada-01-466x350.jpg 466w\" sizes=\"auto, (max-width: 640px) 100vw, 640px\" \/><\/a><p id=\"caption-attachment-3840\" class=\"wp-caption-text\">Rodovia BA-001 trecho Belmonte x Santa Cruz Cabr\u00e1lia est\u00e1 repleto de buracos.<\/p><\/div>\n<p><span style=\"color: #000000;\">Ser\u00e1 uma falha, um descaso ou uma falta de compromisso de um governo que mal come\u00e7ou e j\u00e1 virou as costas para Belmonte? Essas s\u00e3o as ideias que permeiam as cabe\u00e7as belmontenses diante das crateras que brotam todos os dias no asfalto da rodovia BA-001, principal rota de acesso das pessoas que chegam e saem de Belmonte.<\/span><\/p>\n<p><span style=\"color: #000000;\">O que revolta a popula\u00e7\u00e3o \u00e9 que a promessa da recupera\u00e7\u00e3o da BA-001 existe desde o governo passado e que at\u00e9 o ex-governador Jaques Wagner, quando esteve na cidade em dezembro, afirmou que n\u00e3o iria recuperar a estrada, mas que faria reparos de emerg\u00eancia e que tinha certeza de que o seu sucessor faria o trabalho. O tempo passou e nem obras de emerg\u00eancia e nem a recupera\u00e7\u00e3o em si chegaram e o que vemos \u00e9 uma estrada perigosa e intransit\u00e1vel causando prejuizos e mortes como a que aconteceu no ano passado onde um carro modelo Fiat Uno com 05 pessoas, ao desviar de uma cratera, acabou capotando e tirando a vida do Sr. C\u00e9sar Ant\u00f4nio Villas Boas de Almeida de 56 anos.<\/span><\/p>\n<div id=\"attachment_6602\" style=\"width: 650px\" class=\"wp-caption aligncenter\"><a href=\"http:\/\/www.maisbn.com\/portal\/wp-content\/uploads\/2014\/12\/Estrada_04.jpg\"><img loading=\"lazy\" decoding=\"async\" aria-describedby=\"caption-attachment-6602\" class=\"wp-image-6602 size-full\" src=\"http:\/\/www.maisbn.com\/portal\/wp-content\/uploads\/2014\/12\/Estrada_04.jpg\" alt=\"Estrada_04\" width=\"640\" height=\"343\" \/><\/a><p id=\"caption-attachment-6602\" class=\"wp-caption-text\">Prefeitura de Belmonte ameniza a situa\u00e7\u00e3o tapando as crateras com barro. A preocupa\u00e7\u00e3o foi grande durante os festejos do carnaval e do r\u00e9veillon na cidade.<\/p><\/div>\n<p><span style=\"color: #000000;\">O descaso \u00e9 t\u00e3o grande que o Governador Rui Costa n\u00e3o respeita nem as for\u00e7as pol\u00edticas belmontenses. Podemos citar como exemplo a Prefeita Alice Britto que foi a respons\u00e1vel pela vota\u00e7\u00e3o maci\u00e7a do governador na cidade. A mesma j\u00e1 mandou v\u00e1rios of\u00edcios e na \u00faltima vinda do governador a Porto Seguro, a prefeita de Belmonte se encontrou com o pr\u00f3prio, cobrou a recupera\u00e7\u00e3o da estrada, entregou um of\u00edcio pessoalmente e nada. O deputado estadual J\u00e2nio Natal j\u00e1 fez diversos pedidos e at\u00e9 hoje nada. At\u00e9 um grupo de empres\u00e1rios e prefeitos preocupados com a realiza\u00e7\u00e3o do lan\u00e7amento de um novo autom\u00f3vel da montadora PEGEOT que ser\u00e1 realizado na Vila de Santo Andr\u00e9 e atrair\u00e1 um grande n\u00famero de rep\u00f3rteres internacionais e que uma das vias de teste ser\u00e1 a pr\u00f3pria BA-001 o governador n\u00e3o ouviu.<\/span><\/p>\n<div id=\"attachment_7329\" style=\"width: 660px\" class=\"wp-caption aligncenter\"><a href=\"http:\/\/www.maisbn.com\/portal\/wp-content\/uploads\/2015\/04\/IMG-20150331-WA0039.jpg\"><img loading=\"lazy\" decoding=\"async\" aria-describedby=\"caption-attachment-7329\" class=\"wp-image-7329 size-full\" src=\"http:\/\/www.maisbn.com\/portal\/wp-content\/uploads\/2015\/04\/IMG-20150331-WA0039.jpg\" alt=\"IMG-20150331-WA0039\" width=\"650\" height=\"412\" \/><\/a><p id=\"caption-attachment-7329\" class=\"wp-caption-text\">Popula\u00e7\u00e3o reunida busca uma solu\u00e7\u00e3o para o descaso do estado.<\/p><\/div>\n<p><span style=\"color: #000000;\">Diante de tanto descaso e de uma sensa\u00e7\u00e3o de desespero um grupo de moradores de Belmonte resolveu se unir e nessa ter\u00e7a-feira (31\/03) depois de uma reuni\u00e3o realizada na sede do Esporte Clube Am\u00e9rica, membros da popula\u00e7\u00e3o belmontense resolveram se manifestar e ficou marcado para esta quinta-feira (02\/04) o bloqueio da BA-001. O movimento, como foi discutido na reuni\u00e3o, ser\u00e1 pac\u00edfico e apartid\u00e1rio e buscar\u00e1 a sensibiliza\u00e7\u00e3o do Governo do Estado e da Veracel. As pessoas que participaram do evento afirmaram que convidar\u00e3o mais pessoas e que conseguir\u00e3o transportes, alimentos e toda a log\u00edstica necess\u00e1ria para permanecerem no bloqueio at\u00e9 que representantes da Veracel ou do Governo do Estado compare\u00e7am e negociem uma solu\u00e7\u00e3o para a ca\u00f3tica situa\u00e7\u00e3o da BA-001. Ficou acertado tamb\u00e9m que os manifestantes estariam entrando em contato com v\u00e1rios meios de comunica\u00e7\u00e3o, tanto regional como nacional, para que os mesmos venham mostrar o que est\u00e1 acontecendo. Os manifestantes ainda est\u00e3o fazendo campanhas nas redes sociais e o movimento promete levar um grande n\u00famero de belmontenses para protestar e tentar chamar a aten\u00e7\u00e3o das autoridades.<\/span><\/p>\n<p>&nbsp;<\/p>\n","protected":false},"excerpt":{"rendered":"<p>Ser\u00e1 uma falha, um descaso ou uma falta de compromisso de um governo que mal come\u00e7ou e j\u00e1 virou as costas para Belmonte? Essas s\u00e3o as ideias que permeiam as cabe\u00e7as belmontenses diante das crateras que brotam todos os dias no asfalto da rodovia BA-001, principal rota de acesso das pessoas que chegam e saem [&hellip;]<\/p>\n","protected":false},"author":7,"featured_media":7329,"comment_status":"open","ping_status":"open","sticky":false,"template":"","format":"standard","meta":{"footnotes":""},"categories":[45,1],"tags":[108],"class_list":["post-7325","post","type-post","status-publish","format-standard","has-post-thumbnail","hentry","category-cidades","category-noticias","tag-belmonte"],"_links":{"self":[{"href":"https:\/\/www.maisbn.com\/portal\/wp-json\/wp\/v2\/posts\/7325","targetHints":{"allow":["GET"]}}],"collection":[{"href":"https:\/\/www.maisbn.com\/portal\/wp-json\/wp\/v2\/posts"}],"about":[{"href":"https:\/\/www.maisbn.com\/portal\/wp-json\/wp\/v2\/types\/post"}],"author":[{"embeddable":true,"href":"https:\/\/www.maisbn.com\/portal\/wp-json\/wp\/v2\/users\/7"}],"replies":[{"embeddable":true,"href":"https:\/\/www.maisbn.com\/portal\/wp-json\/wp\/v2\/comments?post=7325"}],"version-history":[{"count":3,"href":"https:\/\/www.maisbn.com\/portal\/wp-json\/wp\/v2\/posts\/7325\/revisions"}],"predecessor-version":[{"id":7331,"href":"https:\/\/www.maisbn.com\/portal\/wp-json\/wp\/v2\/posts\/7325\/revisions\/7331"}],"wp:featuredmedia":[{"embeddable":true,"href":"https:\/\/www.maisbn.com\/portal\/wp-json\/wp\/v2\/media\/7329"}],"wp:attachment":[{"href":"https:\/\/www.maisbn.com\/portal\/wp-json\/wp\/v2\/media?parent=7325"}],"wp:term":[{"taxonomy":"category","embeddable":true,"href":"https:\/\/www.maisbn.com\/portal\/wp-json\/wp\/v2\/categories?post=7325"},{"taxonomy":"post_tag","embeddable":true,"href":"https:\/\/www.maisbn.com\/portal\/wp-json\/wp\/v2\/tags?post=7325"}],"curies":[{"name":"wp","href":"https:\/\/api.w.org\/{rel}","templated":true}]}}