{"id":7282,"date":"2015-03-27T18:38:52","date_gmt":"2015-03-27T21:38:52","guid":{"rendered":"http:\/\/www.maisbn.com\/portal\/?p=7282"},"modified":"2015-03-27T18:38:52","modified_gmt":"2015-03-27T21:38:52","slug":"pais-reclamam-que-alunos-do-colegio-teixeira-de-freitas-estao-sendo-dispensados-por-falta-de-professores","status":"publish","type":"post","link":"https:\/\/www.maisbn.com\/portal\/2015\/03\/pais-reclamam-que-alunos-do-colegio-teixeira-de-freitas-estao-sendo-dispensados-por-falta-de-professores\/","title":{"rendered":"Pais reclamam que alunos do col\u00e9gio Teixeira de Freitas est\u00e3o sendo dispensados por falta de professores."},"content":{"rendered":"<p><a href=\"http:\/\/www.maisbn.com\/portal\/wp-content\/uploads\/2015\/03\/secretaria-educacao-municipio-forquilha.jpg\"><img loading=\"lazy\" decoding=\"async\" class=\"aligncenter wp-image-7283 size-full\" src=\"http:\/\/www.maisbn.com\/portal\/wp-content\/uploads\/2015\/03\/secretaria-educacao-municipio-forquilha.jpg\" alt=\"secretaria-educacao-municipio-forquilha\" width=\"649\" height=\"352\" \/><\/a><\/p>\n<p><span style=\"color: #000000;\">Uma boa educa\u00e7\u00e3o \u00e9 o maior legado que um governo pode deixar para o seu povo e \u00e9 um investimento de longo prazo que consegue produzir uma infinidade de riquezas, melhora a qualidade de vida dos entes envolvidos, d\u00e1 dignidade \u00e0s pessoas e impede que as mesmas virem os populares \u201cmendigos\u201d do governo que, por falta de qualifica\u00e7\u00e3o, ficam \u00e0 merc\u00ea da vontade de pol\u00edticos virando uma grande massa que \u00e9 manobrada em prol da manuten\u00e7\u00e3o de gente inescrupulosa no poder.<\/span><\/p>\n<p><span style=\"color: #000000;\">Apoiando as ideias explicitadas acima, nossa equipe foi \u00e0s ruas para apurar as reclama\u00e7\u00f5es dos pais dos alunos que estudam no Col\u00e9gio Municipal Teixeira de Freitas. Alguns pais de alunos, que n\u00e3o quiseram se identificar, informaram \u00e0 nossa equipe que os alunos que estudam na citada unidade de ensino estavam voltando pra casa por causa da falta de professores. Os pais estavam revoltados com a situa\u00e7\u00e3o e preocupados porque o fato poderia causar preju\u00edzos ao aprendizado das crian\u00e7as.<\/span><\/p>\n<p><span style=\"color: #000000;\">De posse das informa\u00e7\u00f5es, nossa equipe se dirigiu ao Col\u00e9gio Teixeira de Freitas para averiguar o fato. Infelizmente, a diretora da unidade n\u00e3o estava no momento, mas conseguimos confirmar o fato atrav\u00e9s de uma funcion\u00e1ria, que tamb\u00e9m n\u00e3o quis se identificar, que revelou a atual situa\u00e7\u00e3o do col\u00e9gio. Ela confirmou \u00e0 nossa equipe a situa\u00e7\u00e3o colocada pelos pais e contou para a nossa reportagem que a unidade precisa de dois professores, j\u00e1 que, uma professora n\u00e3o consegue dar conta de uma sala com 25 crian\u00e7as, sendo que, duas tem necessidades especiais e que tamb\u00e9m tem que ser criado um sistema de professores substitutos porque quando um profissional adoece os alunos ficam sem aulas porque n\u00e3o tem outro para cobrir a falta. A funcion\u00e1ria ainda falou que, diante da situa\u00e7\u00e3o e para as crian\u00e7as n\u00e3o perderem muitas aulas, os funcion\u00e1rios da secretaria do col\u00e9gio se comovem e algumas vezes v\u00e3o para a sala de aula para tomar conta das crian\u00e7as. Perguntada se o fato j\u00e1 tinha sido comunicado \u00e0 Secretaria Municipal de Educa\u00e7\u00e3o, a funcion\u00e1ria nos informou que a mesma est\u00e1 sabendo da situa\u00e7\u00e3o desde o come\u00e7o do ano e que, a resposta que a escola recebeu, no per\u00edodo em que fez a primeira comunica\u00e7\u00e3o, foi que o col\u00e9gio continuasse matriculando os alunos que os profissionais que estavam faltando seriam disponibilizados (nessa \u00e9poca a sala contava com apenas 15 alunos).<\/span><\/p>\n<p><span style=\"color: #000000;\">Nossa equipe procurou ent\u00e3o o Sr. Claudio Theodoro, Secret\u00e1rio Municipal de Educa\u00e7\u00e3o, para cobrar explica\u00e7\u00f5es. O Secret\u00e1rio ouviu a informa\u00e7\u00e3o e imediatamente se dirigiu \u00e0 unidade escolar para analisar o que estava acontecendo. Depois da visita o Sr. Cl\u00e1udio nos procurou e nos informou que realmente estava tendo essa dificuldade no col\u00e9gio e que j\u00e1 tinha tomado provid\u00eancias para sanar a situa\u00e7\u00e3o. Ele nos assegurou que as crian\u00e7as n\u00e3o iriam ser prejudicadas e que a Secretaria de Educa\u00e7\u00e3o est\u00e1 e sempre estar\u00e1 aberta a todos para que levem cr\u00edticas e sugest\u00f5es para que os servi\u00e7os melhorem cada vez mais em nossa cidade.<\/span><\/p>\n","protected":false},"excerpt":{"rendered":"<p>Uma boa educa\u00e7\u00e3o \u00e9 o maior legado que um governo pode deixar para o seu povo e \u00e9 um investimento de longo prazo que consegue produzir uma infinidade de riquezas, melhora a qualidade de vida dos entes envolvidos, d\u00e1 dignidade \u00e0s pessoas e impede que as mesmas virem os populares \u201cmendigos\u201d do governo que, por [&hellip;]<\/p>\n","protected":false},"author":7,"featured_media":7283,"comment_status":"open","ping_status":"open","sticky":false,"template":"","format":"standard","meta":{"footnotes":""},"categories":[8,1],"tags":[108],"class_list":["post-7282","post","type-post","status-publish","format-standard","has-post-thumbnail","hentry","category-educacao","category-noticias","tag-belmonte"],"_links":{"self":[{"href":"https:\/\/www.maisbn.com\/portal\/wp-json\/wp\/v2\/posts\/7282","targetHints":{"allow":["GET"]}}],"collection":[{"href":"https:\/\/www.maisbn.com\/portal\/wp-json\/wp\/v2\/posts"}],"about":[{"href":"https:\/\/www.maisbn.com\/portal\/wp-json\/wp\/v2\/types\/post"}],"author":[{"embeddable":true,"href":"https:\/\/www.maisbn.com\/portal\/wp-json\/wp\/v2\/users\/7"}],"replies":[{"embeddable":true,"href":"https:\/\/www.maisbn.com\/portal\/wp-json\/wp\/v2\/comments?post=7282"}],"version-history":[{"count":1,"href":"https:\/\/www.maisbn.com\/portal\/wp-json\/wp\/v2\/posts\/7282\/revisions"}],"predecessor-version":[{"id":7284,"href":"https:\/\/www.maisbn.com\/portal\/wp-json\/wp\/v2\/posts\/7282\/revisions\/7284"}],"wp:featuredmedia":[{"embeddable":true,"href":"https:\/\/www.maisbn.com\/portal\/wp-json\/wp\/v2\/media\/7283"}],"wp:attachment":[{"href":"https:\/\/www.maisbn.com\/portal\/wp-json\/wp\/v2\/media?parent=7282"}],"wp:term":[{"taxonomy":"category","embeddable":true,"href":"https:\/\/www.maisbn.com\/portal\/wp-json\/wp\/v2\/categories?post=7282"},{"taxonomy":"post_tag","embeddable":true,"href":"https:\/\/www.maisbn.com\/portal\/wp-json\/wp\/v2\/tags?post=7282"}],"curies":[{"name":"wp","href":"https:\/\/api.w.org\/{rel}","templated":true}]}}