{"id":7239,"date":"2015-03-23T10:13:30","date_gmt":"2015-03-23T13:13:30","guid":{"rendered":"http:\/\/www.maisbn.com\/portal\/?p=7239"},"modified":"2015-03-23T10:13:30","modified_gmt":"2015-03-23T13:13:30","slug":"governo-baiano-reajusta-icms-e-gasolina-deve-aumentar-novamente-no-estado","status":"publish","type":"post","link":"https:\/\/www.maisbn.com\/portal\/2015\/03\/governo-baiano-reajusta-icms-e-gasolina-deve-aumentar-novamente-no-estado\/","title":{"rendered":"Governo baiano reajusta ICMS e gasolina deve aumentar novamente no estado."},"content":{"rendered":"<p><a href=\"http:\/\/www.maisbn.com\/portal\/wp-content\/uploads\/2015\/03\/ruicosta_gasolina.jpg\"><img loading=\"lazy\" decoding=\"async\" class=\"aligncenter size-full wp-image-7241\" src=\"http:\/\/www.maisbn.com\/portal\/wp-content\/uploads\/2015\/03\/ruicosta_gasolina.jpg\" alt=\"ruicosta_gasolina\" width=\"560\" height=\"360\" \/><\/a><\/p>\n<p><span style=\"color: #000000;\">O governador Rui Costa informou, nesta sexta-feira (20), que a nova al\u00edquota do Imposto sobre a Circula\u00e7\u00e3o de Mercadorias e Servi\u00e7os (ICMS) sobre a gasolina entra em vigor na pr\u00f3xima segunda-feira, e n\u00e3o no dia 1\u00ba, como vinha sendo noticiado por revendedores de combust\u00edveis e no meio pol\u00edtico, onde o reajuste vem sendo alvo de cr\u00edticas.<\/span><\/p>\n<p><span style=\"color: #000000;\">Segundo ele, o percentual de reajuste tamb\u00e9m estaria sendo divulgado de maneira equivocada. \u201cA al\u00edquota n\u00e3o vai passar de 27% para 30%, como vem se dizendo por a\u00ed. O decreto aprovado em 31 de dezembro do ano passado, em outro governo, portanto, estabelece o aumento para 28%, de um ponto percentual apenas\u201d, disse em entrevista coletiva ap\u00f3s um encontro com o prefeito de Salvador na Governadoria.<\/span><\/p>\n<p><span style=\"color: #000000;\">O governador disse que n\u00e3o \u00e9 culpa do governo estadual o fato de a Bahia ter a gasolina mais cara do pa\u00eds. \u201cEst\u00e3o tentando jogar para o governo a culpa por um problema que n\u00e3o \u00e9 dele. Diversos estados brasileiros cobram 28%, outros cobram 30%, e tem a energia mais barata que a nossa\u201d, afirmou Rui Costa.<\/span><\/p>\n<p><span style=\"color: #000000;\">Ele alegou que o alto custo do combust\u00edvel por aqui se deve mais \u00e0 margem aplicada pelos distribuidores e revendedores que ao imposto cobrado pelo estado. \u201c\u00c9 muito simples se comprovar isto, basta que se pegue uma planilha de custos e se compare a diferen\u00e7a entre o pre\u00e7o do combust\u00edvel vendido pela Petrobras e o pre\u00e7o que \u00e9 cobrado nas bombas para o consumidor\u201d, disse.<\/span><\/p>\n<p><span style=\"color: #000000;\">Al\u00e9m do argumento de que o estado arrecadaria menos que outros, o governador apelou para as dificuldades financeiras deste ano. Segundo ele, nos dois primeiros meses de 2015, a arrecada\u00e7\u00e3o estadual apresentou uma queda \u201cbastante significativa\u201d na compara\u00e7\u00e3o com o mesmo per\u00edodo do ano passado. \u201cEu estou pedindo a colabora\u00e7\u00e3o dos outros poderes, do Judici\u00e1rio, do Legislativo, do Minist\u00e9rio P\u00fablico, para que todo mundo aperte o cinto, porque a situa\u00e7\u00e3o do estado \u00e9 dif\u00edcil\u201d, avaliou.<\/span><\/p>\n","protected":false},"excerpt":{"rendered":"<p>O governador Rui Costa informou, nesta sexta-feira (20), que a nova al\u00edquota do Imposto sobre a Circula\u00e7\u00e3o de Mercadorias e Servi\u00e7os (ICMS) sobre a gasolina entra em vigor na pr\u00f3xima segunda-feira, e n\u00e3o no dia 1\u00ba, como vinha sendo noticiado por revendedores de combust\u00edveis e no meio pol\u00edtico, onde o reajuste vem sendo alvo de [&hellip;]<\/p>\n","protected":false},"author":7,"featured_media":7241,"comment_status":"open","ping_status":"open","sticky":false,"template":"","format":"standard","meta":{"footnotes":""},"categories":[20,1],"tags":[628],"class_list":["post-7239","post","type-post","status-publish","format-standard","has-post-thumbnail","hentry","category-bahia","category-noticias","tag-bahia"],"_links":{"self":[{"href":"https:\/\/www.maisbn.com\/portal\/wp-json\/wp\/v2\/posts\/7239","targetHints":{"allow":["GET"]}}],"collection":[{"href":"https:\/\/www.maisbn.com\/portal\/wp-json\/wp\/v2\/posts"}],"about":[{"href":"https:\/\/www.maisbn.com\/portal\/wp-json\/wp\/v2\/types\/post"}],"author":[{"embeddable":true,"href":"https:\/\/www.maisbn.com\/portal\/wp-json\/wp\/v2\/users\/7"}],"replies":[{"embeddable":true,"href":"https:\/\/www.maisbn.com\/portal\/wp-json\/wp\/v2\/comments?post=7239"}],"version-history":[{"count":1,"href":"https:\/\/www.maisbn.com\/portal\/wp-json\/wp\/v2\/posts\/7239\/revisions"}],"predecessor-version":[{"id":7242,"href":"https:\/\/www.maisbn.com\/portal\/wp-json\/wp\/v2\/posts\/7239\/revisions\/7242"}],"wp:featuredmedia":[{"embeddable":true,"href":"https:\/\/www.maisbn.com\/portal\/wp-json\/wp\/v2\/media\/7241"}],"wp:attachment":[{"href":"https:\/\/www.maisbn.com\/portal\/wp-json\/wp\/v2\/media?parent=7239"}],"wp:term":[{"taxonomy":"category","embeddable":true,"href":"https:\/\/www.maisbn.com\/portal\/wp-json\/wp\/v2\/categories?post=7239"},{"taxonomy":"post_tag","embeddable":true,"href":"https:\/\/www.maisbn.com\/portal\/wp-json\/wp\/v2\/tags?post=7239"}],"curies":[{"name":"wp","href":"https:\/\/api.w.org\/{rel}","templated":true}]}}